{"id":123889,"date":"2025-12-29T14:20:06","date_gmt":"2025-12-29T14:20:06","guid":{"rendered":"https:\/\/www.europesays.com\/no\/123889\/"},"modified":"2025-12-29T14:20:06","modified_gmt":"2025-12-29T14:20:06","slug":"trafikkulykke-pa-e6-i-dovre","status":"publish","type":"post","link":"https:\/\/www.europesays.com\/no\/123889\/","title":{"rendered":"Trafikkulykke p\u00e5 E6 i Dovre"},"content":{"rendered":"<p>Oppdragsleder Ina Hjelsvold ved Innlandet politidistrikt opplyser til NRK at politiet akkurat har ankommet stedet.<\/p>\n<p>If\u00f8lge meldinger fra stedet skal det v\u00e6re snakk om en alvorlig trafikkulykke, men Hjelsvold sier de holder p\u00e5 \u00e5 skaffe oversikt over alvorlighetsgraden.<\/p>\n<p>\u2013 Det er snakk om i hvert fall tre biler, og hele vegen er stengt, sier hun til NRK klokken 14.28.<\/p>\n<p>Vel halvtime senere opplyser hun at alle de involverte er v\u00e5kne og bevisste, uten at hun kan tallfeste hvor mange som er involvert.<\/p>\n<p>\u2013 Hvordan er v\u00e6rforholdene p\u00e5 stedet?<\/p>\n<p>\u2013 Selve ulykkesstedet kan jeg ikke si noe om, men partuljen meldte om at det var sn\u00f8v\u00e6r og glatt da de var p\u00e5 vei til stedet.<\/p>\n<p>Siden E6 i Dovre for \u00f8yeblikket er stengt, er en mulig omkj\u00f8rsel riksveg 3. Der er et kj\u00f8refelt ved <a href=\"https:\/\/www.nrk.no\/trondelag\/riksvei-stengt-1.17707992\" ec-id=\"pp:article:1.17707992\" ec-name=\"Ulsberg stengt p\u00e5 grunn av et vogntog\" rel=\"nofollow noopener\" target=\"_blank\">Ulsberg stengt p\u00e5 grunn av et vogntog<\/a> som sperrer vegen.<\/p>\n<p>\u2013 Vegen er ikke stengt, men det er redusert fremkommelighet, sier Gunnar Dovland, trafikkoperat\u00f8r i Vegtrafikksentralen \u00f8st.<\/p>\n<p>Publisert<\/p>\n<p>29.12.2025, kl. 14.42<\/p>\n<p>Oppdatert<\/p>\n<p>29.12.2025, kl. 15.18<\/p>\n","protected":false},"excerpt":{"rendered":"Oppdragsleder Ina Hjelsvold ved Innlandet politidistrikt opplyser til NRK at politiet akkurat har ankommet stedet. If\u00f8lge meldinger fra&hellip;\n","protected":false},"author":2,"featured_media":123890,"comment_status":"","ping_status":"","sticky":false,"template":"","format":"standard","meta":{"footnotes":""},"categories":[5],"tags":[20,21,24,25,15,19,22,23,17,18,13,30,28,29,14,16,26,27],"class_list":{"0":"post-123889","1":"post","2":"type-post","3":"status-publish","4":"format-standard","5":"has-post-thumbnail","7":"category-overskrifter","8":"tag-breaking-news","9":"tag-breakingnews","10":"tag-featured-news","11":"tag-featurednews","12":"tag-headlines","13":"tag-hovedoppslag","14":"tag-latest-news","15":"tag-latestnews","16":"tag-main-news","17":"tag-mainnews","18":"tag-news","19":"tag-no","20":"tag-norge","21":"tag-norway","22":"tag-nyheter","23":"tag-overskrifter","24":"tag-top-stories","25":"tag-topstories"},"share_on_mastodon":{"url":"https:\/\/pubeurope.com\/@no\/115803299852073865","error":""},"_links":{"self":[{"href":"https:\/\/www.europesays.com\/no\/wp-json\/wp\/v2\/posts\/123889","targetHints":{"allow":["GET"]}}],"collection":[{"href":"https:\/\/www.europesays.com\/no\/wp-json\/wp\/v2\/posts"}],"about":[{"href":"https:\/\/www.europesays.com\/no\/wp-json\/wp\/v2\/types\/post"}],"author":[{"embeddable":true,"href":"https:\/\/www.europesays.com\/no\/wp-json\/wp\/v2\/users\/2"}],"replies":[{"embeddable":true,"href":"https:\/\/www.europesays.com\/no\/wp-json\/wp\/v2\/comments?post=123889"}],"version-history":[{"count":0,"href":"https:\/\/www.europesays.com\/no\/wp-json\/wp\/v2\/posts\/123889\/revisions"}],"wp:featuredmedia":[{"embeddable":true,"href":"https:\/\/www.europesays.com\/no\/wp-json\/wp\/v2\/media\/123890"}],"wp:attachment":[{"href":"https:\/\/www.europesays.com\/no\/wp-json\/wp\/v2\/media?parent=123889"}],"wp:term":[{"taxonomy":"category","embeddable":true,"href":"https:\/\/www.europesays.com\/no\/wp-json\/wp\/v2\/categories?post=123889"},{"taxonomy":"post_tag","embeddable":true,"href":"https:\/\/www.europesays.com\/no\/wp-json\/wp\/v2\/tags?post=123889"}],"curies":[{"name":"wp","href":"https:\/\/api.w.org\/{rel}","templated":true}]}}