{"id":123894,"date":"2025-12-29T14:27:33","date_gmt":"2025-12-29T14:27:33","guid":{"rendered":"https:\/\/www.europesays.com\/no\/123894\/"},"modified":"2025-12-29T14:27:33","modified_gmt":"2025-12-29T14:27:33","slug":"avsloring-av-en-av-putins-naere-allierte-patriark-kirill-skal-ha-levd-dobbeltliv","status":"publish","type":"post","link":"https:\/\/www.europesays.com\/no\/123894\/","title":{"rendered":"Avsl\u00f8ring av en av Putins n\u00e6re allierte, patriark Kirill: Skal ha levd dobbeltliv"},"content":{"rendered":"<p>    Utad taler han strengt mot forfallet i den vestlige moral, og betydningen av \u00e5 leve et liv i n\u00f8ysomhet. N\u00e5 er det mye som tyder p\u00e5 at den \u00f8verste lederen for den russisk-ortodokse kirken har l\u00f8yet og taler med flere tunger.<\/p>\n<p>\n        Patriark Kirill i Den russisk-ortodokse kirke, leder den ortodokse p\u00e5skegudstjenesten mens Russlands president Vladimir Putin og Moskvas ordf\u00f8rer Sergej Sobjanin st\u00e5r n\u00e6r Kristus-frelseren-katedralen i Moskva, Russland, 20. april 2025.<br \/>\n        Oleg Varov\/NTB\n    <\/p>\n<p>If\u00f8lge det uavhengige russiske mediet <a href=\"https:\/\/www.proekt.media\/film\/patriarkh-kirill\/\" rel=\"nofollow noopener\" target=\"_blank\">Projekt<\/a>, skal Putins viktigste religi\u00f8se st\u00f8ttespiller i all hemmelighet levd sammen med en kvinne. Forholdet skal ha p\u00e5g\u00e5tt i flere \u00e5r, samtidig som patriarken har snakket varmt om s\u00f8libat og seksuell avholdenhet.<\/p>\n<p>Forsvarer av\u00abekte kristen moral\u00bb<\/p>\n<p>De \u00e5rhundregamle reglene i den russisk-ortodokse kirke forbyr patriarken og andre h\u00f8ytst\u00e5ende kirkemenn \u00e5 leve sammen med en kvinne.<\/p>\n<p>I tillegg har Kirill v\u00e6rt en av Putins mest sentrale st\u00f8ttespillere i oppgj\u00f8ret med vestlig kultur, som patriarken mener er preget av forfall. Patriarken har vektlagt tradisjonelle verdier, og erkl\u00e6rt at Russland er det siste stedet som forsvarer \u00abekte kristen moral\u00bb.<\/p>\n<p>N\u00e5 viser det seg at hans egne personlige valg ikke har t\u00e5lt dagens lys, m\u00e5lt i den strenge standarden han satte for sine landsmenn.<\/p>\n<p>Har levd med kvinne i 50 \u00e5r\u00a0<\/p>\n<p>                <img decoding=\"async\" src=\"https:\/\/www.europesays.com\/no\/wp-content\/uploads\/2025\/12\/1350446.webp.jpeg\" width=\"480\" height=\"274\" title=\"Russlands president Vladimir Putin og den russisk-ortodokse patriarken Kirill fotografert sammen i Moskva 4. november 2024.\" alt=\"\" loading=\"lazy\" style=\"\"\/><\/p>\n<p>\n            Russlands president Vladimir Putin og den russisk-ortodokse patriarken Kirill fotografert sammen i Moskva 4. november 2024.<br \/>\n            VYACHESLAV PROKOFYEV\n        <\/p>\n<p>Det var den finske rikskringkastingen <a href=\"https:\/\/yle.fi\/a\/74-20201380\" rel=\"nofollow noopener\" target=\"_blank\">Yle<\/a> som f\u00f8rst viderebragte de nye opplysningene som Project har gravd frem. I mer enn 50 \u00e5r skal den russisk-ortodokse topplederen ha hatt et intimt forhold til en navngitt kvinne. Hennes navn ble nevnt allerede i 2012, da en skandale ble avdekket rundt patriarkens luksusleilighet i Moskva.<\/p>\n<p>Statlige russiske medier hevdet imidlertid at kvinnen var patriarkens tremenning, noe som senere skal ha vist seg \u00e5 v\u00e6re l\u00f8gn. Hverken Kirills biografier eller annen kildegjennomgang har funnet noen slektninger til patriarken med kvinnens etternavn.<\/p>\n<p>Yachter, privatfly og luksusboliger<\/p>\n<p>Foruten det lysskye samlivet, skal patriarken ogs\u00e5 ha en overd\u00e5dig livsstil preget av luksus og velstand. Kirill skal ha disponert b\u00e5de yachter, privatfly og luksusboliger.<\/p>\n<p>Patriark Kirills egentlig navn er Vladimir Gundyaev. If\u00f8lge AFP er det tidligere avsl\u00f8rt at Kirill jobbet som agent for den sovjetiske sikkerhetstjenesten KGB. Etter Putins fullskala invasjonskrig, har han st\u00e5tt side ved side med presidenten og forsvart blodbadet i Ukraina. <\/p>\n","protected":false},"excerpt":{"rendered":"Utad taler han strengt mot forfallet i den vestlige moral, og betydningen av \u00e5 leve et liv i&hellip;\n","protected":false},"author":2,"featured_media":123895,"comment_status":"","ping_status":"","sticky":false,"template":"","format":"standard","meta":{"footnotes":""},"categories":[12],"tags":[20,21,24,25,15,22,23,13,30,28,29,14,16,26,27,42,43,44,45],"class_list":{"0":"post-123894","1":"post","2":"type-post","3":"status-publish","4":"format-standard","5":"has-post-thumbnail","7":"category-verden","8":"tag-breaking-news","9":"tag-breakingnews","10":"tag-featured-news","11":"tag-featurednews","12":"tag-headlines","13":"tag-latest-news","14":"tag-latestnews","15":"tag-news","16":"tag-no","17":"tag-norge","18":"tag-norway","19":"tag-nyheter","20":"tag-overskrifter","21":"tag-top-stories","22":"tag-topstories","23":"tag-verden","24":"tag-world","25":"tag-world-news","26":"tag-worldnews"},"share_on_mastodon":{"url":"https:\/\/pubeurope.com\/@no\/115803327413856935","error":""},"_links":{"self":[{"href":"https:\/\/www.europesays.com\/no\/wp-json\/wp\/v2\/posts\/123894","targetHints":{"allow":["GET"]}}],"collection":[{"href":"https:\/\/www.europesays.com\/no\/wp-json\/wp\/v2\/posts"}],"about":[{"href":"https:\/\/www.europesays.com\/no\/wp-json\/wp\/v2\/types\/post"}],"author":[{"embeddable":true,"href":"https:\/\/www.europesays.com\/no\/wp-json\/wp\/v2\/users\/2"}],"replies":[{"embeddable":true,"href":"https:\/\/www.europesays.com\/no\/wp-json\/wp\/v2\/comments?post=123894"}],"version-history":[{"count":0,"href":"https:\/\/www.europesays.com\/no\/wp-json\/wp\/v2\/posts\/123894\/revisions"}],"wp:featuredmedia":[{"embeddable":true,"href":"https:\/\/www.europesays.com\/no\/wp-json\/wp\/v2\/media\/123895"}],"wp:attachment":[{"href":"https:\/\/www.europesays.com\/no\/wp-json\/wp\/v2\/media?parent=123894"}],"wp:term":[{"taxonomy":"category","embeddable":true,"href":"https:\/\/www.europesays.com\/no\/wp-json\/wp\/v2\/categories?post=123894"},{"taxonomy":"post_tag","embeddable":true,"href":"https:\/\/www.europesays.com\/no\/wp-json\/wp\/v2\/tags?post=123894"}],"curies":[{"name":"wp","href":"https:\/\/api.w.org\/{rel}","templated":true}]}}