{"id":123896,"date":"2025-12-29T14:28:12","date_gmt":"2025-12-29T14:28:12","guid":{"rendered":"https:\/\/www.europesays.com\/no\/123896\/"},"modified":"2025-12-29T14:28:12","modified_gmt":"2025-12-29T14:28:12","slug":"nyttarsaften-vaer-kan-bli-vanskelig-a-se-raketter-kommer-sno","status":"publish","type":"post","link":"https:\/\/www.europesays.com\/no\/123896\/","title":{"rendered":"Nytt\u00e5rsaften, V\u00e6r | Kan bli vanskelig \u00e5 se raketter: \u2013 Kommer sn\u00f8"},"content":{"rendered":"\n<p>Mandag og tirsdag vil bli noks\u00e5 fine dager med mye sol, f\u00f8r et lavtrykk treffer \u00d8stlandet nytt\u00e5rsaften.<\/p>\n<p>Det kan gi d\u00e5rlige rakett-forhold. Meterologisk institutt melder mye skyer, og for \u00e5 toppe kaka kan det ogs\u00e5 bli litt nedb\u00f8r.<\/p>\n<p><b>\u2013 Det er lov \u00e5 h\u00e5pe at skyene ikke ligger lavt. Jeg kan heller ikke tenke meg at det kommer til \u00e5 bli noe s\u00e6rlig t\u00e5ke. Mitt tips til de som skal fyre opp raketter er \u00e5 ta det tidligere p\u00e5 kvelden, sier H\u00e5kon Mjelstad ved Meteorologisk institutt.<\/b><\/p>\n<p>  <a href=\"https:\/\/www.tb.no\/5-76-2757438\" class=\"related-teaser has-image default-story-teaser article--c-eRUmMG article--c-eRUmMG-jKCPdD-design-default\" wp_automatic_readability=\"1\" rel=\"nofollow noopener\" target=\"_blank\"><\/p>\n<p>    <img decoding=\"async\" loading=\"lazy\"  src=\"https:\/\/www.europesays.com\/no\/wp-content\/uploads\/2025\/12\/image_083380DF-1F8B-4A01-AD55-0515B0AA9BDD_1766941128.jpeg\" alt=\"\" class=\"brick-c-cFOWSL\" style=\"\"\/><\/p>\n<p>\n            Les ogs\u00e5<\/p>\n<p>  Caroline m\u00e5 trene p\u00e5 senteret i vinterjakke: \u2013 Ikke f\u00f8rste vinteren det er problem<\/p>\n<p>  <\/a><br \/>\n  Kulda kommer<\/p>\n<p>Lavtrykket bringer med seg en s\u00f8nnavind som bidrar til mye skyer og det kan bli fuktig.<\/p>\n<p>Allerede f\u00f8rste nytt\u00e5rsdag snur vinden, n\u00e5r lavtrykket forsvinner igjen, forteller meteorologen. Han sier videre at \u00e5ret kan starte med sm\u00e5 mengder sn\u00f8 og at gradstokken kan vise lave temperaturer, helt ned mot ti minusgrader allerede ved inngangen til helgen.<\/p>\n<p><b>\u2013 Det kan komme rundt fem centimeter med sn\u00f8 allerede f\u00f8rste nytt\u00e5rsdag og temperaturene vil synke fort, sier Mjelstad. <\/b><\/p>\n<p>  <a href=\"https:\/\/www.tb.no\/5-76-2757456\" class=\"related-teaser has-image default-feature-teaser article--c-eRUmMG article--c-eRUmMG-jKCPdD-design-default\" wp_automatic_readability=\"1.5\" rel=\"nofollow noopener\" target=\"_blank\"><\/p>\n<p>    <img decoding=\"async\" loading=\"lazy\"  src=\"https:\/\/www.europesays.com\/no\/wp-content\/uploads\/2025\/12\/DSC_0085.jpg\" alt=\"\" class=\"brick-c-cFOWSL\" style=\"\"\/><\/p>\n<p>\n            Les ogs\u00e5<\/p>\n<p>  Kjetil Andr\u00e9 i Horten har alltid vondt. Det har v\u00e6rt s\u00e5nn i \u00e5revis: \u2013 Som et pistolskudd<\/p>\n<p>  <\/a><\/p>\n<p>  <a href=\"https:\/\/www.tb.no\/5-76-2757651\" class=\"related-teaser has-image default-feature-teaser article--c-eRUmMG article--c-eRUmMG-jKCPdD-design-default\" wp_automatic_readability=\"1\" rel=\"nofollow noopener\" target=\"_blank\"><\/p>\n<p>    For abonnenter<\/p>\n<p>    <img decoding=\"async\" loading=\"lazy\"  src=\"https:\/\/www.europesays.com\/no\/wp-content\/uploads\/2025\/12\/String-strippeklubb-oslo-2.jpg\" alt=\"\" class=\"brick-c-cFOWSL\" style=\"\"\/><\/p>\n<p>\n            Les ogs\u00e5<\/p>\n<p>  Strippeklubben holder stand: \u2013 Disneyland for voksne<\/p>\n<p>  <\/a><\/p>\n<p>  <a href=\"https:\/\/www.tb.no\/5-76-2757498\" class=\"related-teaser has-image default-story-teaser article--c-eRUmMG article--c-eRUmMG-jKCPdD-design-default\" wp_automatic_readability=\"1\" rel=\"nofollow noopener\" target=\"_blank\"><\/p>\n<p>    For abonnenter<\/p>\n<p>    <img decoding=\"async\" loading=\"lazy\"  src=\"https:\/\/www.europesays.com\/no\/wp-content\/uploads\/2025\/12\/25nyh20190122th_sportsfiske_4.jpg\" alt=\"\" class=\"brick-c-cFOWSL\" style=\"\"\/><\/p>\n<p>\n            Les ogs\u00e5<\/p>\n<p>  Forbund krever mer forpliktende tiltak: \u2013 M\u00e5 tas p\u00e5 dypeste alvor<\/p>\n<p>  <\/a><\/p>\n<p>  <a href=\"https:\/\/www.tb.no\/5-76-2757555\" class=\"related-teaser has-image default-story-teaser article--c-eRUmMG article--c-eRUmMG-jKCPdD-design-default\" wp_automatic_readability=\"1\" rel=\"nofollow noopener\" target=\"_blank\"><\/p>\n<p>    For abonnenter<\/p>\n<p>    <img decoding=\"async\" loading=\"lazy\"  src=\"https:\/\/www.europesays.com\/no\/wp-content\/uploads\/2025\/12\/Gr+mot+million-konkurs%3A++Ikke+vrt+mulig++fremforhandle+avtale+med+ny+investor.bin.jpeg\" alt=\"\" class=\"brick-c-cFOWSL\" style=\"\"\/><\/p>\n<p>\n            Les ogs\u00e5<\/p>\n<p>  Desperat kamp for \u00e5 finne en l\u00f8sning: Frir til kreditorene<\/p>\n<p>  <\/a><\/p>\n","protected":false},"excerpt":{"rendered":"Mandag og tirsdag vil bli noks\u00e5 fine dager med mye sol, f\u00f8r et lavtrykk treffer \u00d8stlandet nytt\u00e5rsaften. Det&hellip;\n","protected":false},"author":2,"featured_media":123897,"comment_status":"","ping_status":"","sticky":false,"template":"","format":"standard","meta":{"footnotes":""},"categories":[10],"tags":[36,20,21,24,25,15,22,23,13,30,28,29,14,14090,13381,16,6527,1510,26,27,431,553,387],"class_list":{"0":"post-123896","1":"post","2":"type-post","3":"status-publish","4":"format-standard","5":"has-post-thumbnail","7":"category-norge","8":"tag-art","9":"tag-breaking-news","10":"tag-breakingnews","11":"tag-featured-news","12":"tag-featurednews","13":"tag-headlines","14":"tag-latest-news","15":"tag-latestnews","16":"tag-news","17":"tag-no","18":"tag-norge","19":"tag-norway","20":"tag-nyheter","21":"tag-nyttar","22":"tag-nyttarsaften","23":"tag-overskrifter","24":"tag-sno","25":"tag-story","26":"tag-top-stories","27":"tag-topstories","28":"tag-tonsberg","29":"tag-vaer","30":"tag-vaeret"},"share_on_mastodon":{"url":"https:\/\/pubeurope.com\/@no\/115803331902917896","error":""},"_links":{"self":[{"href":"https:\/\/www.europesays.com\/no\/wp-json\/wp\/v2\/posts\/123896","targetHints":{"allow":["GET"]}}],"collection":[{"href":"https:\/\/www.europesays.com\/no\/wp-json\/wp\/v2\/posts"}],"about":[{"href":"https:\/\/www.europesays.com\/no\/wp-json\/wp\/v2\/types\/post"}],"author":[{"embeddable":true,"href":"https:\/\/www.europesays.com\/no\/wp-json\/wp\/v2\/users\/2"}],"replies":[{"embeddable":true,"href":"https:\/\/www.europesays.com\/no\/wp-json\/wp\/v2\/comments?post=123896"}],"version-history":[{"count":0,"href":"https:\/\/www.europesays.com\/no\/wp-json\/wp\/v2\/posts\/123896\/revisions"}],"wp:featuredmedia":[{"embeddable":true,"href":"https:\/\/www.europesays.com\/no\/wp-json\/wp\/v2\/media\/123897"}],"wp:attachment":[{"href":"https:\/\/www.europesays.com\/no\/wp-json\/wp\/v2\/media?parent=123896"}],"wp:term":[{"taxonomy":"category","embeddable":true,"href":"https:\/\/www.europesays.com\/no\/wp-json\/wp\/v2\/categories?post=123896"},{"taxonomy":"post_tag","embeddable":true,"href":"https:\/\/www.europesays.com\/no\/wp-json\/wp\/v2\/tags?post=123896"}],"curies":[{"name":"wp","href":"https:\/\/api.w.org\/{rel}","templated":true}]}}