{"id":12390,"date":"2025-08-19T15:39:09","date_gmt":"2025-08-19T15:39:09","guid":{"rendered":"https:\/\/www.europesays.com\/no\/12390\/"},"modified":"2025-08-19T15:39:09","modified_gmt":"2025-08-19T15:39:09","slug":"trafikk-kroken-alvorlig-trafikkulykke-i-kroken","status":"publish","type":"post","link":"https:\/\/www.europesays.com\/no\/12390\/","title":{"rendered":"Trafikk, Kroken | Alvorlig trafikkulykke i Kroken"},"content":{"rendered":"\n<p><b>Oppdatert klokka 17.17: F\u00f8rer av den involverte lette motorsykkelen, en gutt i ten\u00e5rene ble erkl\u00e6rt d\u00f8d p\u00e5 Universitetssykehuset i Troms\u00f8. De p\u00e5r\u00f8rende er varslet.<\/b><\/p>\n<p>Det har v\u00e6rt en MC-ulykke i Kroken, melder Troms politidistrikt klokken 13.27.<\/p>\n<p>Det er en lett motorsykkel og en personbil som er involvert i ulykken.<\/p>\n<p>\u2013 N\u00f8detatene er p\u00e5 vei til stedet. Det fremst\u00e5r som en alvorlig ulykke, opplyser operasjonsleder Karl Erik Thomassen.<\/p>\n<p>Ulykken har skjedd i krysset opp mot Krokensenteret. Det er store trafikale utfordringer p\u00e5 stedet.<\/p>\n<p>   <img decoding=\"async\" width=\"2048\" height=\"1536\" fetchpriority=\"low\"  loading=\"lazy\"  src=\"https:\/\/www.europesays.com\/no\/wp-content\/uploads\/2025\/08\/533462163_746518868274480_120569.jpg\" alt=\"\" class=\"brick-c-cFOWSL\" style=\"--brick-image-ratio: 2048 \/ 1536;\"\/><\/p>\n<p>    Foto: Torgrim Rath Olsen\n  <\/p>\n<p>Ambulanse med lege har startet behandling av MC-f\u00f8rer. Politiet har startet etterforskning p\u00e5 stedet. Ulykkesgruppa til Statens vegvesen er varslet, melder Troms politidistrikt klokka 13.37.<\/p>\n<p>    Vil du se neste video?<\/p>\n<p>    <a href=\"https:\/\/www.nordlys.no\/loper-6-7-km-tolv-ganger-pa-rappen\/v\/5-34-2205587\" class=\"recommend-poster\" data-adp-clicklabel=\"video-recommend\" data-adp-clickvalue=\"poster\" rel=\"nofollow noopener\" target=\"_blank\"><br \/>\n      <img decoding=\"async\" width=\"200\" height=\"200\" loading=\"lazy\" src=\"https:\/\/www.europesays.com\/no\/wp-content\/uploads\/2025\/08\/IMG_0286.00_00_06_06.Still001.jpg\" alt=\"\" class=\"brick-c-cFOWSL\" style=\"--brick-image-ratio: 200 \/ 200;\"\/><\/p>\n<p>L\u00f8per 6,7 km tolv ganger p\u00e5 rappen0:58<\/p>\n<p>    <\/a><\/p>\n<p>        Innsatsleder Frode Lahelle forteller om ulykken mellom en lett-MC og personbil i krysset ved Krokensenteret tirsdag ettermiddag. Reporter: Eirik Linaker Berglund Video: Torgrim Rath Olsen<\/p>\n<p>Nordlys-reporter Eirik Linaker Berglund er p\u00e5 stedet klokken 13.50. Han forteller alle n\u00f8detatene er p\u00e5 stedet.<\/p>\n<p>\u2013 Motorsykkelen ligger midt i veien opp mot en trafikk\u00f8y. Krysset opp mot Krokensenteret er avsperret og politiet gjennomf\u00f8rer vitneavh\u00f8r p\u00e5 stedet. I tillegg har politiet en drone i lufta, sier han.<\/p>\n<p>   <img decoding=\"async\" width=\"1620\" height=\"1080\" fetchpriority=\"low\"  loading=\"lazy\"  src=\"https:\/\/www.europesays.com\/no\/wp-content\/uploads\/2025\/08\/531669861_2487942831578107_39570.jpg\" alt=\"\" class=\"brick-c-cFOWSL\" style=\"--brick-image-ratio: 1620 \/ 1080;\"\/><\/p>\n<p>    Foto: Torgrim Rath Olsen\n  <\/p>\n<p>Politiet innsatsleder Frode Lahelle sier til Nordlys at det er en bil og en MC som er involvert i ulykken.<\/p>\n<p>\u2013 F\u00f8reren av MC-en er fraktet herfra med ambulanse, sier Lahelle.<\/p>\n<p>Fylkesvei 864 er stengt.<\/p>\n<p>\u2013 Det jobbes n\u00e5 med \u00e5 rydde skadestedet. Veien vil bli \u00e5pnet om relativt kort tid, melder politiet like over klokka 15.<\/p>\n<p>Klokka 15.38 er veien ryddet og trafikken g\u00e5r som normalt, melder politiet.<\/p>\n<p>  <a href=\"https:\/\/www.nordlys.no\/5-34-2206019\" class=\"related-teaser has-image default-story-teaser article--c-eRUmMG article--c-eRUmMG-jKCPdD-design-default\" rel=\"nofollow noopener\" target=\"_blank\"><\/p>\n<p>    <img decoding=\"async\" loading=\"lazy\"  src=\"https:\/\/www.europesays.com\/no\/wp-content\/uploads\/2025\/08\/sladd+3.jpg\" alt=\"\" class=\"brick-c-cFOWSL\" style=\"\"\/><\/p>\n<p>\n            Les ogs\u00e5<\/p>\n<p>              Ten\u00e5ring d\u00f8de i ulykken\n        <\/p>\n<p>  <\/a><\/p>\n<p>Les mer om: artikkelemnene<\/p>\n","protected":false},"excerpt":{"rendered":"Oppdatert klokka 17.17: F\u00f8rer av den involverte lette motorsykkelen, en gutt i ten\u00e5rene ble erkl\u00e6rt d\u00f8d p\u00e5 Universitetssykehuset&hellip;\n","protected":false},"author":2,"featured_media":12391,"comment_status":"","ping_status":"","sticky":false,"template":"","format":"standard","meta":{"footnotes":""},"categories":[10],"tags":[36,20,21,24,25,15,2458,22,23,13,30,28,29,14,16,223,1510,26,27,224,1100],"class_list":{"0":"post-12390","1":"post","2":"type-post","3":"status-publish","4":"format-standard","5":"has-post-thumbnail","7":"category-norge","8":"tag-art","9":"tag-breaking-news","10":"tag-breakingnews","11":"tag-featured-news","12":"tag-featurednews","13":"tag-headlines","14":"tag-kroken","15":"tag-latest-news","16":"tag-latestnews","17":"tag-news","18":"tag-no","19":"tag-norge","20":"tag-norway","21":"tag-nyheter","22":"tag-overskrifter","23":"tag-samferdsel","24":"tag-story","25":"tag-top-stories","26":"tag-topstories","27":"tag-trafikk","28":"tag-trafikkulykker"},"share_on_mastodon":{"url":"","error":""},"_links":{"self":[{"href":"https:\/\/www.europesays.com\/no\/wp-json\/wp\/v2\/posts\/12390","targetHints":{"allow":["GET"]}}],"collection":[{"href":"https:\/\/www.europesays.com\/no\/wp-json\/wp\/v2\/posts"}],"about":[{"href":"https:\/\/www.europesays.com\/no\/wp-json\/wp\/v2\/types\/post"}],"author":[{"embeddable":true,"href":"https:\/\/www.europesays.com\/no\/wp-json\/wp\/v2\/users\/2"}],"replies":[{"embeddable":true,"href":"https:\/\/www.europesays.com\/no\/wp-json\/wp\/v2\/comments?post=12390"}],"version-history":[{"count":0,"href":"https:\/\/www.europesays.com\/no\/wp-json\/wp\/v2\/posts\/12390\/revisions"}],"wp:featuredmedia":[{"embeddable":true,"href":"https:\/\/www.europesays.com\/no\/wp-json\/wp\/v2\/media\/12391"}],"wp:attachment":[{"href":"https:\/\/www.europesays.com\/no\/wp-json\/wp\/v2\/media?parent=12390"}],"wp:term":[{"taxonomy":"category","embeddable":true,"href":"https:\/\/www.europesays.com\/no\/wp-json\/wp\/v2\/categories?post=12390"},{"taxonomy":"post_tag","embeddable":true,"href":"https:\/\/www.europesays.com\/no\/wp-json\/wp\/v2\/tags?post=12390"}],"curies":[{"name":"wp","href":"https:\/\/api.w.org\/{rel}","templated":true}]}}