{"id":123906,"date":"2025-12-29T14:37:16","date_gmt":"2025-12-29T14:37:16","guid":{"rendered":"https:\/\/www.europesays.com\/no\/123906\/"},"modified":"2025-12-29T14:37:16","modified_gmt":"2025-12-29T14:37:16","slug":"glatte-veier-trafikk-flere-uhell-pa-glatte-veier-og-advarsel-om-snofokk","status":"publish","type":"post","link":"https:\/\/www.europesays.com\/no\/123906\/","title":{"rendered":"Glatte veier, Trafikk | Flere uhell p\u00e5 glatte veier og advarsel om sn\u00f8fokk"},"content":{"rendered":"\n<p>I Sykkylven har flere biler kj\u00f8rt i gr\u00f8fta ved Nys\u00e6terkrysset, melder M\u00f8re og Romsdal politidistrikt rett f\u00f8r klokka 11 mandag.<\/p>\n<p>\u2013 Uklart om noen har kollidert, eller om de har kj\u00f8rt i gr\u00f8fta for \u00e5 unng\u00e5 kollisjon. Sv\u00e6rt glatt p\u00e5 stedet. Patrulje p\u00e5 stedet. Det er mindre materielle skader og ingen personskader, opplyser operasjonsleder Arild Even Reite.<\/p>\n<p>I en oppdatering skriver politiet at uhellet har skjedd i Nys\u00e6tervegen, ikke p\u00e5 fylkesvei 60. To biler har kollidert og seks andre kj\u00f8ret\u00f8y har kj\u00f8rt i gr\u00f8fta for \u00e5 unng\u00e5 i kj\u00f8re p\u00e5 de to som har kollidert.<\/p>\n<p><a rel=\"Follow nofollow noopener\" href=\"https:\/\/www.vegvesen.no\/trafikk\" target=\"_blank\"><b>Se trafikkmeldinger p\u00e5 vegvesen.no<\/b><\/a><\/p>\n<p><b>Les ogs\u00e5: <a class=\"simple-relation related-teaser article--c-eRUmMG article--c-eRUmMG-fZoQSp-design-nettavisen article--c-eRUmMG-gwthdJ-cv\" href=\"https:\/\/www.nettavisen.no\/na-far-hele-norge-vintervar\/s\/5-95-2800141\" rel=\"nofollow noopener\" target=\"_blank\">N\u00e5 f\u00e5r hele Norge vinterv\u00e6r<\/a><\/b><\/p>\n<p>   <img decoding=\"async\" width=\"800\" height=\"450\" fetchpriority=\"low\"  loading=\"lazy\"  src=\"https:\/\/www.europesays.com\/no\/wp-content\/uploads\/2025\/12\/Riksvei+15+Grotli+edit.jpg\" alt=\"FAREVARSEL: Riksvei 15 i retning Lom mandag klokka 12. Farevarselet om sn\u00f8fokk gjelder blant annet for Strynefjellet.\" class=\"brick-c-cFOWSL\" style=\"--brick-image-ratio: 800 \/ 450;\"\/><\/p>\n<p>      FAREVARSEL: Riksvei 15 i retning Lom mandag klokka 12. Farevarselet om sn\u00f8fokk gjelder blant annet for Strynefjellet.<br \/>\n      Foto: Webkamera (Statens vegvesen)\n    <\/p>\n<p>P\u00e5 E15, Nordfjordvegen p\u00e5 Stad fikk politiet mandag morgen melding om en personbil som hadde kj\u00f8rt av veien. Det var kun f\u00f8reren i bilen, og ingen personer er skadet.<\/p>\n<p>Det er gladd p\u00e5 stedet, opplyser Vest politidistrikt.<\/p>\n<p>\u2013 Bilf\u00f8rer har forklart at han fikk sleng p\u00e5 bilen, heter det i politiets blogg.<\/p>\n<p>Brannvesenet bist\u00e5r politiet p\u00e5 stedet, og bilberger er bestilt.<\/p>\n<p>Klokka 01.27 natt til mandag fikk Vest politidistrikt melding om trafikkuhell i Kinsarvik i Ullensvang. En bil skred av veien og traff en stein. Det er sv\u00e6rt glatt p\u00e5 stedet, f\u00e5r politiet opplyst.<\/p>\n<p>\u2013 Airbager utl\u00f8st, involverte personer fremst\u00e5r ok. Politi og brannvesen til stedet. Ingen passasjer i bilen, opplyste operasjonsleder Morten Rebnord.<\/p>\n<p>            Ukev\u00e6ret oppsummert<\/p>\n<p>Meteorologisk institutt oppsummerer mandag 29. desember ukas v\u00e6rvarsler:<\/p>\n<p>I nord starter uka med klassisk nordnorsk vinterv\u00e6r &#8211; vind fra nordvest og sn\u00f8byger, men s\u00e5 tar kaldlufta over. Nytt\u00e5rsnatten blir gnistrende kald og klar.<\/p>\n<p>Sn\u00f8byger dominerer i Tr\u00f8ndelag og M\u00f8re og Romsdal i starten av uka. Nedb\u00f8ren sprer seg over til Vestlandet, men kommer da som regn. Nytt\u00e5rsnatta gir nedb\u00f8r i ulike former de fleste steder. Deretter byr 2026 p\u00e5 kaldluft fra nord og lavere temperaturer.<\/p>\n<p>Sn\u00f8- og sn\u00f8fokkvarsler preger den nordlige delen av landet. Varslene i S\u00f8r-Troms og p\u00e5 Finnmarksvidda g\u00e5r ut mandag kveld.<\/p>\n<p>Husk ogs\u00e5 at NVE har sendt ut sn\u00f8skredvarsel for omtrent de samme omr\u00e5dene.<\/p>\n<p>Kilde: <a href=\"https:\/\/www.yr.no\/nb\" target=\"_self\" rel=\"Follow nofollow noopener\">Yr.no.<\/a><\/p>\n<p>   <img decoding=\"async\" width=\"900\" height=\"675\" fetchpriority=\"low\"  loading=\"lazy\"  src=\"https:\/\/www.europesays.com\/no\/wp-content\/uploads\/2025\/12\/Sn%C3%B8fokk+Strynefjellet+Dovrefjell+jpg.jpg\" alt=\"GULT FAREVARSEL: Varselet om sn\u00f8fokk i nordlige fjelltrakter i S\u00f8r-Norge gjelder til og med onsdag morg\" class=\"brick-c-cFOWSL\" style=\"--brick-image-ratio: 900 \/ 675;\"\/><\/p>\n<p>      GULT FAREVARSEL: Varselet om sn\u00f8fokk i nordlige fjelltrakter i S\u00f8r-Norge gjelder til og med onsdag morgen.<br \/>\n      Foto: Yr.no\n    <\/p>\n<p><b>Les ogs\u00e5: <a class=\"simple-relation related-teaser article--c-eRUmMG article--c-eRUmMG-fZoQSp-design-nettavisen article--c-eRUmMG-gwthdJ-cv\" href=\"https:\/\/www.nettavisen.no\/uvar-skaper-trobbel-nord-i-landet-busser-og-ferger-innstilt\/s\/5-95-2799848\" rel=\"nofollow noopener\" target=\"_blank\">Uv\u00e6r skaper tr\u00f8bbel nord i landet \u2013 busser og ferger innstilt<\/a><\/b><\/p>\n<p>Fjelloverganger kan bli stengt<\/p>\n<p>Mandag morgen er alle fjelloverganger \u00e5pne for trafikk, men trafikkoperat\u00f8r Gunnar Dovland sier til <a rel=\"noopener nofollow\" href=\"https:\/\/www.nrk.no\/innlandet\/flere-fjelloverganger-kan-bli-stengt-pa-kort-varsel-1.17707629\" target=\"_blank\">NRK<\/a> at dette kan endre seg raskt.<\/p>\n<p>\u2013 Folk m\u00e5 f\u00f8lge med p\u00e5 v\u00e6r- og trafikkmeldingene, og se litt p\u00e5 hvordan v\u00e6ret ligger an utover dagen, uttaler han.<\/p>\n<p>Statsmeteorolog Magnus Ovhed sier til NTB at sn\u00f8fokk og nedb\u00f8ren rammer s\u00e6rlig de nordlige fjellovergangene i S\u00f8r-Norge \u2013 i M\u00f8re og Romsdal og Tr\u00f8ndelag \u2013 og at det trolig varer over nytt\u00e5r.<\/p>\n<p><b>R\u00e5det er \u00e5 sjekke veimeldinger p\u00e5 <a href=\"https:\/\/vegvesen.no\/trafikk\" rel=\"nofollow noopener\" target=\"_blank\">vegvesen.no\/trafikk<\/a>.<\/b><\/p>\n<p>Gult farevarsel<\/p>\n<p>Gult farevarsel for sn\u00f8fokk i nordlige fjelltrakter i S\u00f8r-Norge gjelder fram til og med onsdag morgen.<\/p>\n<p>\u2013 Sn\u00f8fokk gir stedvis redusert sikt og sn\u00f8 som pakker seg i veibanen. Veier kan bli stengt og kolonnekj\u00f8ring kan bli innf\u00f8rt p\u00e5 kort varsel. Bruk riktige dekk og kj\u00f8r etter forholdene. Beregn ekstra tid til transport og kj\u00f8ring. F\u00f8lg r\u00e5d og sjekk status fra transportakt\u00f8rer, skriver meteorologene i sitt farevarsel.<\/p>\n<p>Videre minner meteorologene om at sn\u00f8 og vind kan gj\u00f8re det vanskelig \u00e5 bevege seg utend\u00f8rs.<\/p>\n<p>\u2013 Unng\u00e5 un\u00f8dvendig ferdsel p\u00e5 utsatte steder, og kle deg etter forholdene, lyder r\u00e5det.<\/p>\n<p>   <img decoding=\"async\" width=\"800\" height=\"450\" fetchpriority=\"low\"  loading=\"lazy\"  src=\"https:\/\/www.europesays.com\/no\/wp-content\/uploads\/2025\/12\/E134+Midtl%C3%A6ger+edit.jpg\" alt=\"Flott vinterv\u00e6r over E134 p\u00e5 Haukelifjell mandag 29. desember.\" class=\"brick-c-cFOWSL\" style=\"--brick-image-ratio: 800 \/ 450;\"\/><\/p>\n<p>      OVER FJELLET: Flott vinterv\u00e6r over E134 p\u00e5 Haukelifjell mandag, men meteorologen minner om gult farevarsel for sn\u00f8fokk.<br \/>\n      Foto: Webkamera (Statens vegvesen)\n    <\/p>\n","protected":false},"excerpt":{"rendered":"I Sykkylven har flere biler kj\u00f8rt i gr\u00f8fta ved Nys\u00e6terkrysset, melder M\u00f8re og Romsdal politidistrikt rett f\u00f8r klokka&hellip;\n","protected":false},"author":2,"featured_media":123907,"comment_status":"","ping_status":"","sticky":false,"template":"","format":"standard","meta":{"footnotes":""},"categories":[10],"tags":[20,21,24,25,15,22,23,13,30,28,29,14,16,26,27],"class_list":{"0":"post-123906","1":"post","2":"type-post","3":"status-publish","4":"format-standard","5":"has-post-thumbnail","7":"category-norge","8":"tag-breaking-news","9":"tag-breakingnews","10":"tag-featured-news","11":"tag-featurednews","12":"tag-headlines","13":"tag-latest-news","14":"tag-latestnews","15":"tag-news","16":"tag-no","17":"tag-norge","18":"tag-norway","19":"tag-nyheter","20":"tag-overskrifter","21":"tag-top-stories","22":"tag-topstories"},"share_on_mastodon":{"url":"https:\/\/pubeurope.com\/@no\/115803366829355879","error":""},"_links":{"self":[{"href":"https:\/\/www.europesays.com\/no\/wp-json\/wp\/v2\/posts\/123906","targetHints":{"allow":["GET"]}}],"collection":[{"href":"https:\/\/www.europesays.com\/no\/wp-json\/wp\/v2\/posts"}],"about":[{"href":"https:\/\/www.europesays.com\/no\/wp-json\/wp\/v2\/types\/post"}],"author":[{"embeddable":true,"href":"https:\/\/www.europesays.com\/no\/wp-json\/wp\/v2\/users\/2"}],"replies":[{"embeddable":true,"href":"https:\/\/www.europesays.com\/no\/wp-json\/wp\/v2\/comments?post=123906"}],"version-history":[{"count":0,"href":"https:\/\/www.europesays.com\/no\/wp-json\/wp\/v2\/posts\/123906\/revisions"}],"wp:featuredmedia":[{"embeddable":true,"href":"https:\/\/www.europesays.com\/no\/wp-json\/wp\/v2\/media\/123907"}],"wp:attachment":[{"href":"https:\/\/www.europesays.com\/no\/wp-json\/wp\/v2\/media?parent=123906"}],"wp:term":[{"taxonomy":"category","embeddable":true,"href":"https:\/\/www.europesays.com\/no\/wp-json\/wp\/v2\/categories?post=123906"},{"taxonomy":"post_tag","embeddable":true,"href":"https:\/\/www.europesays.com\/no\/wp-json\/wp\/v2\/tags?post=123906"}],"curies":[{"name":"wp","href":"https:\/\/api.w.org\/{rel}","templated":true}]}}