{"id":123908,"date":"2025-12-29T14:38:52","date_gmt":"2025-12-29T14:38:52","guid":{"rendered":"https:\/\/www.europesays.com\/no\/123908\/"},"modified":"2025-12-29T14:38:52","modified_gmt":"2025-12-29T14:38:52","slug":"person-omkom-etter-trafikkulykke","status":"publish","type":"post","link":"https:\/\/www.europesays.com\/no\/123908\/","title":{"rendered":"Person omkom etter trafikkulykke"},"content":{"rendered":"<p class=\"kicker bg-white color_mobile_bg-white align-left mobile_text_align_align-left hasTextPadding mobile-hasTextPadding\" style=\"\">Sykdommen forverret:<\/p>\n<p>  Bj\u00f8rn Wirkola (82) er fortsatt den eneste skihopperen i verden som har klart den store bragden. N\u00e5 har Parkinsons sykdom tatt et n\u00e5del\u00f8st grep.<\/p>\n<p>\n    GLADE I HOPPSPORTEN: Bj\u00f8rn Wirkola og kona Sigrun benker seg ned for \u00e5 se Hoppuka i dag. Bildet er tatt for fem \u00e5r siden. Foto: Bj\u00f8rn Langsem \/ Dagbladet\n  <\/p>\n<ul>\n<li class=\"lab-bodytext-line font-weight-bold m-font-weight-bold\" data-lab-font_weight=\"font-weight-bold\">Hoppuka, f\u00f8rste renn. P\u00e5 Viaplay og Vsport 1 klokka 16.30<\/li>\n<\/ul>\n<p>OBERSTDORF (Dagbladet): Klokka 16.30 i dag starter det f\u00f8rste rennet i Den tysk-\u00f8sterrikske hoppuka. I Norge har ingen en st\u00f8rre historie enn Bj\u00f8rn Wirkola i den prestisjetunge turneringen.<\/p>\n<p>I 1967, 1968 og 1969 vant han Hoppuka tre ganger p\u00e5 rad. Dette har ingen hoppere i verden klart verken f\u00f8r eller etter Wirkola. Ta med to VM-gull i 1966 &#8211; og han er blant de st\u00f8rste.<\/p>\n<p>        <img loading=\"lazy\" decoding=\"async\" src=\"https:\/\/www.europesays.com\/no\/wp-content\/uploads\/2025\/12\/1767019130_509_84036042.webp.webp\" width=\"667\" height=\"828\" title=\"NORSK JUBEL: Bj\u00f8rn Wirkola vant Hoppuka i 1967. Her b\u00e6res han p\u00e5 gullstol av Sepp Liechtenegger og Dieter Neuendorf. Foto: NTB\" alt=\"\" class=\"\" style=\"--aspect-ratio-image: 0.81; \"\/><\/p>\n<p>\n        NORSK JUBEL: Bj\u00f8rn Wirkola vant Hoppuka i 1967. Her b\u00e6res han p\u00e5 gullstol av Sepp Liechtenegger og Dieter Neuendorf. Foto: NTB\n    <\/p>\n<p>I dag benker Wirkola seg ned foran TV-en p\u00e5 Melhus utenfor Trondheim. Det samme gj\u00f8r kona Sigrun (84) som har godkjent at Dagbladet publiserer denne artikkelen.<\/p>\n<p>&#8211; Bj\u00f8rn fikk Parkinsons sykdom og har g\u00e5tt p\u00e5 medisiner de siste 15 \u00e5ra. Det gikk bra veldig lenge. De to siste \u00e5ra har sykdommen utviklet seg. Han har blitt verre.<\/p>\n<p>        <img loading=\"lazy\" decoding=\"async\" src=\"https:\/\/www.europesays.com\/no\/wp-content\/uploads\/2025\/12\/1767019130_667_84036031.webp.webp\" width=\"667\" height=\"434\" title=\"\u00c5PENHET: Bj\u00f8rn og Sigrun Wirkola har valgt \u00e5 v\u00e6re \u00e5pne om sykdommen. Foto: Bj\u00f8rn Langsem \/ Dagbladet\" alt=\"\" class=\"\" style=\"--aspect-ratio-image: 1.54; \"\/><\/p>\n<p>\n        \u00c5PENHET: Bj\u00f8rn og Sigrun Wirkola har valgt \u00e5 v\u00e6re \u00e5pne om sykdommen. Foto: Bj\u00f8rn Langsem \/ Dagbladet\n    <\/p>\n<p>Hun forteller om den t\u00f8ffe beskjeden:<\/p>\n<p>&#8211; Bj\u00f8rn har f\u00e5tt Parkinsons demens. Han kan huske det som skjedde i gamle dager, men ikke n\u00f8dvendigvis det som skjedde i g\u00e5r. Sykdommen har utviklet seg ganske negativt. Han er blitt d\u00e5rligere i kroppen. Han kan ikke g\u00e5 lange avstander, men trener hos fysioterapeut for \u00e5 holde ting ved like.<\/p>\n<p>Selv sier Wirkola:<\/p>\n<p>&#8211; Jeg er hemmet av sykdommen. Men det er ikke verre enn at det g\u00e5r noenlunde bra. Jeg har tenkt til \u00e5 f\u00f8lge med p\u00e5 Hoppuka. Den henger h\u00f8yt.<\/p>\n<p>    <a itemprop=\"url\" href=\"https:\/\/www.dagbladet.no\/sport\/verste-pa-24-ar\/84033534\" rel=\"nofollow noopener\" target=\"_blank\"><\/p>\n<p>        <img loading=\"lazy\" decoding=\"async\" src=\"https:\/\/www.europesays.com\/no\/wp-content\/uploads\/2025\/12\/1767019131_853_84033566.webp.webp\" width=\"147\" height=\"98\" title=\"Verste p\u00e5 24 \u00e5r\" alt=\"\" class=\"lazyload\" style=\"--aspect-ratio-image: 1.50; \"\/><\/p>\n<p>        Verste p\u00e5 24 \u00e5r<\/p>\n<p>    <\/a><\/p>\n<p>Bj\u00f8rn og Sigrun har valgt \u00e5 v\u00e6re \u00e5pne om sykdommen.<\/p>\n<p>If\u00f8lge <a href=\"https:\/\/parkinson.no\/\" rel=\"nofollow noopener\" target=\"_blank\">Norges Parkinsonsforbund<\/a> rammer den \u00e9n til to prosent av befolkningen over 60 \u00e5r. Sykdommen p\u00e5virker bevegelse og motoriske ferdigheter. Tegn kan v\u00e6re langsomme bevegelser og skjelving.<\/p>\n<p>&#8211; Bj\u00f8rn klarte \u00e5 holde sykdommen i sjakk veldig lenge, forteller kona.<\/p>\n<p>&#8211; Han hadde noe som het Wirkola Cup i golf i Thailand. Vi var der 20 ganger. B\u00e5de nevrologen og fastlegen sa at han var heldig som holdt seg sprek ganske lenge.<\/p>\n<p>        <img loading=\"lazy\" decoding=\"async\" src=\"https:\/\/www.europesays.com\/no\/wp-content\/uploads\/2025\/12\/1767019131_759_84036025.webp.webp\" width=\"667\" height=\"441\" title=\"LEGENDE: Bj\u00f8rn Wirkola var en stor helt i hoppbakken p\u00e5 60-tallet. Her vinker han til publikum i Holmenkollen. Foto: NTB\" alt=\"\" class=\"\" style=\"--aspect-ratio-image: 1.51; \"\/><\/p>\n<p>\n        LEGENDE: Bj\u00f8rn Wirkola var en stor helt i hoppbakken p\u00e5 60-tallet. Her vinker han til publikum i Holmenkollen. Foto: NTB\n    <\/p>\n<p>Til tross for Parkinsons sykdom, banker hjertet fortsatt hardt for hoppsporten. Begrepet \u00ab\u00e5 hoppe etter Wirkola\u00bb lever i beste velg\u00e5ende. Det vil si: \u00c5 gj\u00f8re noe som nesten er umulig. For eksempel \u00e5 vinne Hoppuka tre ganger p\u00e5 rad.<\/p>\n<p>&#8211; Det var stort, spesielt den f\u00f8rste gangen. Toralf Engan og Torgeir Brandtz\u00e6g hoppet ogs\u00e5 p\u00e5 den tida. Hoppuka var det st\u00f8rste du kunne v\u00e6re med p\u00e5, forteller Bj\u00f8rn Wirkola.<\/p>\n<p>    <a itemprop=\"url\" href=\"https:\/\/www.dagbladet.no\/sport\/jeg-har-ikke-ord\/84034232\" rel=\"nofollow noopener\" target=\"_blank\"><\/p>\n<p>        <img loading=\"lazy\" decoding=\"async\" src=\"https:\/\/www.europesays.com\/no\/wp-content\/uploads\/2025\/12\/1767019132_660_84034238.webp.webp\" width=\"147\" height=\"98\" title=\"- Jeg har ikke ord\" alt=\"\" class=\"lazyload\" style=\"--aspect-ratio-image: 1.50; \"\/><\/p>\n<p>        &#8211; Jeg har ikke ord<\/p>\n<p>    <\/a><\/p>\n<p>Han p\u00e5peker &#8211; helt korrekt &#8211; at nordmennene har gjort det bra p\u00e5 trening, blant annet i Oberstdorf. Det er her den 74. utgaven av Hoppuka starter foran 25 000 tilskuere i dag.<\/p>\n<p>&#8211; Jeg har forventninger til nordmennene. Det er viktig \u00e5 gj\u00f8re det bra i Hoppuka med tanke p\u00e5 resten av sesongen, p\u00e5peker Wirkola.<\/p>\n<p>Kona forteller at de ikke fikk med seg kvalifiseringen i g\u00e5r, der Johann Andr\u00e9 Forfang kom p\u00e5 10. plass. Men i dag f\u00f8lger de med.<\/p>\n<p>        <img loading=\"lazy\" decoding=\"async\" src=\"https:\/\/www.europesays.com\/no\/wp-content\/uploads\/2025\/12\/1767019132_113_84036051.webp.webp\" width=\"667\" height=\"381\" title=\"KJ\u00c6RLIGHET: Bj\u00f8rn og Sigrun Wirkola giftet seg i 1963. Foto: NTB\" alt=\"\" class=\"\" style=\"--aspect-ratio-image: 1.75; \"\/><\/p>\n<p>\n        KJ\u00c6RLIGHET: Bj\u00f8rn og Sigrun Wirkola giftet seg i 1963. Foto: NTB\n    <\/p>\n<p>&#8211; Vi giftet oss nytt\u00e5rsaften i 1963. Hopp og Rosenborg, det er det som har v\u00e6rt livet, sier Sigrun Wirkola.<\/p>\n<p>&#8211; Vi f\u00f8lger med p\u00e5 alt. Bj\u00f8rn var borte de sju f\u00f8rste bryllupsdagene v\u00e5re. Som regel fikk jeg et kort fra Hoppuka. Det er ikke som i dag, der koner og kj\u00e6rester f\u00e5r v\u00e6re med, sier hun med et smil.<\/p>\n<p>Rennstart: Klokka 16.30.<\/p>\n<p>    Verdenscup i hopp<\/p>\n<p>1) Domen Prevc, Slovenia 850, 2) Ryoyu Kobayashi, Japan 651, 3) Anze Lanisek, Slovenia 506, 4) Philipp Raimund, Tyskland 500, 5) Ren Nikaido, Japan 459, 6) Felix Hoffmann, Tyskland 405, 7) Stefan Kraft, \u00d8sterrike 368, 8) Daniel Tschofenig, \u00d8sterrike 356, 9) Jan H\u00f6rl, \u00d8sterrike 315, 10) Stephan Embacher, \u00d8sterrike 297.<\/p>\n<p class=\"font-weight-bold m-font-weight-bold\" data-lab-font_weight=\"font-weight-bold\">Norske:<\/p>\n<p>14) Kristoffer Eriksen Sundal 193, 18) Johann Andr\u00e9 Forfang 149, 19) Marius Lindvik 146, 21) Halvor Egner Granerud 125.<\/p>\n<p class=\"font-weight-bold m-font-weight-bold\" data-lab-font_weight=\"font-weight-bold\">Hoppuka:<\/p>\n<ul>\n<li>Oberstdorf:\u00a0Klokka 16.30 mandag 29. desember.<\/li>\n<li>Garmisch-Partenkirchen:\u00a0Klokka 14.00 torsdag 1. januar.<\/li>\n<li>Innsbruck:\u00a0Klokka 13.30 s\u00f8ndag 4. januar.<\/li>\n<li>Bischofshofen:\u00a0Klokka 16.30 tirsdag 6. januar.<\/li>\n<\/ul>\n<p>Hoppuka sendes p\u00e5 Viaplay og Vsport 1.<\/p>\n<p>      Vis mer<br \/>\n      Vis mindre<\/p>\n","protected":false},"excerpt":{"rendered":"Sykdommen forverret: Bj\u00f8rn Wirkola (82) er fortsatt den eneste skihopperen i verden som har klart den store bragden.&hellip;\n","protected":false},"author":2,"featured_media":765,"comment_status":"","ping_status":"","sticky":false,"template":"","format":"standard","meta":{"footnotes":""},"categories":[5],"tags":[20,21,24,25,15,19,2539,22,23,17,18,13,30,28,29,14,16,26,27],"class_list":{"0":"post-123908","1":"post","2":"type-post","3":"status-publish","4":"format-standard","5":"has-post-thumbnail","7":"category-overskrifter","8":"tag-breaking-news","9":"tag-breakingnews","10":"tag-featured-news","11":"tag-featurednews","12":"tag-headlines","13":"tag-hovedoppslag","14":"tag-innenriks","15":"tag-latest-news","16":"tag-latestnews","17":"tag-main-news","18":"tag-mainnews","19":"tag-news","20":"tag-no","21":"tag-norge","22":"tag-norway","23":"tag-nyheter","24":"tag-overskrifter","25":"tag-top-stories","26":"tag-topstories"},"share_on_mastodon":{"url":"https:\/\/pubeurope.com\/@no\/115803374602414261","error":""},"_links":{"self":[{"href":"https:\/\/www.europesays.com\/no\/wp-json\/wp\/v2\/posts\/123908","targetHints":{"allow":["GET"]}}],"collection":[{"href":"https:\/\/www.europesays.com\/no\/wp-json\/wp\/v2\/posts"}],"about":[{"href":"https:\/\/www.europesays.com\/no\/wp-json\/wp\/v2\/types\/post"}],"author":[{"embeddable":true,"href":"https:\/\/www.europesays.com\/no\/wp-json\/wp\/v2\/users\/2"}],"replies":[{"embeddable":true,"href":"https:\/\/www.europesays.com\/no\/wp-json\/wp\/v2\/comments?post=123908"}],"version-history":[{"count":0,"href":"https:\/\/www.europesays.com\/no\/wp-json\/wp\/v2\/posts\/123908\/revisions"}],"wp:featuredmedia":[{"embeddable":true,"href":"https:\/\/www.europesays.com\/no\/wp-json\/wp\/v2\/media\/765"}],"wp:attachment":[{"href":"https:\/\/www.europesays.com\/no\/wp-json\/wp\/v2\/media?parent=123908"}],"wp:term":[{"taxonomy":"category","embeddable":true,"href":"https:\/\/www.europesays.com\/no\/wp-json\/wp\/v2\/categories?post=123908"},{"taxonomy":"post_tag","embeddable":true,"href":"https:\/\/www.europesays.com\/no\/wp-json\/wp\/v2\/tags?post=123908"}],"curies":[{"name":"wp","href":"https:\/\/api.w.org\/{rel}","templated":true}]}}