{"id":123911,"date":"2025-12-29T14:40:14","date_gmt":"2025-12-29T14:40:14","guid":{"rendered":"https:\/\/www.europesays.com\/no\/123911\/"},"modified":"2025-12-29T14:40:14","modified_gmt":"2025-12-29T14:40:14","slug":"la-toya-jackson-sjokkerer-med-nye-bilder-pa-instagram","status":"publish","type":"post","link":"https:\/\/www.europesays.com\/no\/123911\/","title":{"rendered":"La Toya Jackson sjokkerer med nye bilder p\u00e5 Instagram"},"content":{"rendered":"<p class=\"kicker \" style=\"\">Michael Jacksons stores\u00f8ster<\/p>\n<p>  \u00abHold dere friske\u00bb, skrev La Toya Jackson da hun delte disse bildene. Fansen reagerer med sjokk.<\/p>\n<p>\n    TALENTFULL: Her er La Toya og Michael Jackson p\u00e5 Grammy Awards i 1984. Foto: Getty Images\n  <\/p>\n<p>Det har kommet mange kjendiser fra den musikalske Jackson-familien i USA. Michael Jackson var den mest ber\u00f8mte, og sorgen var stor da han gikk bort i 2009 \u2013 bare 50 \u00e5r gammel. <\/p>\n<p>    <a itemprop=\"url\" href=\"https:\/\/www.seher.no\/kjendis\/ti-ar-venting-ga-resultat\/83999344\" rel=\"nofollow noopener\" target=\"_blank\"><\/p>\n<p>        <img loading=\"lazy\" decoding=\"async\" src=\"https:\/\/www.europesays.com\/no\/wp-content\/uploads\/2025\/12\/1767019208_278_83999394.webp.webp\" width=\"147\" height=\"98\" title=\"- Det minste han kunne gj\u00f8re\" alt=\"\" class=\"lazyload\" style=\"--aspect-ratio-image: 1.50; \"\/><\/p>\n<p>        &#8211; Det minste han kunne gj\u00f8re<\/p>\n<p>    <\/a><\/p>\n<p>Sammen med br\u00f8drene sine dannet han bandet Jackson Five, men han hadde ogs\u00e5 to s\u00f8stre som ble ber\u00f8mte \u2013 lilles\u00f8ster Janet Jackson (59), og stores\u00f8ster <a href=\"https:\/\/www.seher.no\/kjendis\/giftet-seg-i-hemmelighet\/64252483\" rel=\"nofollow noopener\" target=\"_blank\">La Toy<\/a><a href=\"https:\/\/www.seher.no\/kjendis\/giftet-seg-i-hemmelighet\/64252483\" rel=\"nofollow noopener\" target=\"_blank\">a<\/a> (69).<\/p>\n<p class=\"font-weight-bold m-font-weight-bold\" data-lab-font_weight=\"font-weight-bold\">N\u00e5 er det La Toya som skaper overskrifter.\u00a0<\/p>\n<p>        VOKST OPP: Prinsessen er nesten ikke til \u00e5 kjenne igjen i en ny video som er delt av det svenske kongehuset. Reporter: Caroline Vagle. Video: Instagram\/@kungahuset \/ Kine Falch.<\/p>\n<p>Nylig delte hun nye bilder av seg selv p\u00e5 Instagram, sammen med en hyggelig hilsen til sine mange f\u00f8lgere og fans.<\/p>\n<p>\u00abGod mandag, alle sammen! H\u00e5per dere f\u00e5r en fantastisk uke og at alle har det bra\u00bb, skrev 69-\u00e5ringen.<\/p>\n<p>        <img loading=\"lazy\" decoding=\"async\" src=\"https:\/\/www.europesays.com\/no\/wp-content\/uploads\/2025\/12\/83991430.webp.webp\" width=\"686\" height=\"1201\" title=\"SPESIELT: \u2013 Hold dere trygge, og mest av alt: Friske, skrev La Toya nylig p\u00e5 Instagram, og delte flere bilder av seg selv som vakte bekymring. Foto: Skjermbilde: @latoyajackson \/ Instagram\" alt=\"\" class=\"\" style=\"--aspect-ratio-image: 0.57; \"\/><\/p>\n<p>\n        SPESIELT: \u2013 Hold dere trygge, og mest av alt: Friske, skrev La Toya nylig p\u00e5 Instagram, og delte flere bilder av seg selv som vakte bekymring. Foto: Skjermbilde: @latoyajackson \/ Instagram\n    <\/p>\n<p class=\"font-weight-bold m-font-weight-bold\" data-lab-font_weight=\"font-weight-bold\">Men det var ikke budskapet som vakte oppmerksomhet.\u00a0<\/p>\n<p class=\"font-weight-light m-font-weight-light\" data-lab-font_weight=\"font-weight-light\">I kommentarfeltet var det nemlig mange som hamret ned uh\u00f8flige kommentarer om utseendet hennes, siden hun var alarmerende tynn.<\/p>\n<p>Men da slo La Toyas mange fans hardt tilbake.<\/p>\n<p>    <a itemprop=\"url\" href=\"https:\/\/www.seher.no\/kongelig\/ny-utvikling-etter-eksens-hevn\/83988995\" rel=\"nofollow noopener\" target=\"_blank\"><\/p>\n<p>        <img loading=\"lazy\" decoding=\"async\" src=\"https:\/\/www.europesays.com\/no\/wp-content\/uploads\/2025\/12\/83989549.webp.webp\" width=\"980\" height=\"441\" title=\"Ny utvikling etter eksens hevn\" alt=\"\" class=\"lazyload\" style=\"--aspect-ratio-image: 2.22; \"\/><\/p>\n<p>        Ny utvikling etter eksens hevn<\/p>\n<p>    <\/a><\/p>\n<p>\u00abDet dere skriver er b\u00e5de uh\u00f8flig og frekt\u00bb, skrev en av st\u00f8ttespillerne hennes.<\/p>\n<p class=\"no_italic m-no_italic font-weight-bold m-font-weight-bold\" data-lab-font_weight=\"font-weight-bold\" data-lab-italic=\"\">\u00abIkke v\u00e6r slemme. Jeg tror La Toya har helseutfordringer\u00bb, skrev en annen.<\/p>\n<p>        FRIERBREV: Isak Dreyer forteller om hvordan han forholder seg til henvendelsene han f\u00e5r i innboksen. Video: R\u00f8d L\u00f8per\/ Nora Skavhaug\/ Karolina Grace Rusov-Hansen<\/p>\n<p>I begynnelsen av november delte La Toya flere videosnutter av seg selv som s\u00e5 ut til \u00e5 v\u00e6re filmet inne p\u00e5 et legekontor. Her kom hun ogs\u00e5 med oppfordringer om at f\u00f8lgerne m\u00e5 holde seg sunne og friske.<\/p>\n<p class=\"font-weight-bold m-font-weight-bold\" data-lab-font_weight=\"font-weight-bold\">&#8211; Hei, folkens. H\u00e5per alle har det bra. Jeg er tilbake hos legen igjen, s\u00e5 jeg h\u00e5per at alt g\u00e5r bra med meg og at pr\u00f8vesvarene er fine, sa hun i den f\u00f8rste videoen fra 7. november, if\u00f8lge <a href=\"https:\/\/people.com\/latoya-jackson-shares-new-photos-after-cryptic-videos-about-her-health-11860174\" rel=\"nofollow noopener\" target=\"_blank\">People<\/a>.\u00a0<\/p>\n<p>I en video delt 11. november sa hun:<\/p>\n<p>&#8211; Gjett hvor jeg er denne mandagsmorgenen? Jepp, her igjen. Ny kontroll. Jaja, ha en fin uke.\u00a0<\/p>\n<p>La Toya har deirmot ikke g\u00e5tt n\u00e6rmere inn p\u00e5 hva som er \u00e5rsaken til legebes\u00f8kene, og har heller ikke kommentert ytterligere om helsen sin.\u00a0<\/p>\n<p>Da de nye bildene dukket opp p\u00e5 Instagram, var det flere fans som raskt koblet dette til videoene om legebes\u00f8kene.\u00a0<\/p>\n<p>    <a itemprop=\"url\" href=\"https:\/\/www.seher.no\/kjendis\/ny-start-for-forholdet\/83990045\" rel=\"nofollow noopener\" target=\"_blank\"><\/p>\n<p>        <img loading=\"lazy\" decoding=\"async\" src=\"https:\/\/www.europesays.com\/no\/wp-content\/uploads\/2025\/12\/1767019214_760_83990206.webp.webp\" width=\"980\" height=\"441\" title=\"Ny start for forholdet\" alt=\"\" class=\"lazyload\" style=\"--aspect-ratio-image: 2.22; \"\/><\/p>\n<p>        Ny start for forholdet<\/p>\n<p>    <\/a><\/p>\n<p class=\"font-weight-bold m-font-weight-bold\" data-lab-font_weight=\"font-weight-bold\">\u00abMan vet aldri hva noen g\u00e5r gjennom bak kulissene\u00bb, skrev en, mens en annen fulgte opp:<\/p>\n<p>\u00abJeg h\u00e5per hun tar vare p\u00e5 seg selv og f\u00e5r den st\u00f8tten hun trenger\u00bb.\u00a0<\/p>\n<p>        AVKREFTER: Det oppstod misforst\u00e5elser da en promovideo til \u00abSofa\u00bb ble vist p\u00e5 TV 2s v\u00e5rlansering. Video: Nora Skavhaug\/ Thea Hope<\/p>\n<p>\u00abDu er s\u00e5, s\u00e5 vakker &#8211; b\u00e5de p\u00e5 innsiden og utsiden. Din vennlighet og styrke inspirerer meg og s\u00e5 mange av fansen din. H\u00e5per 2025 behandler deg godt, for det fortjener du\u00bb, skrev en annen.\u00a0<\/p>\n<p>    <a itemprop=\"url\" href=\"https:\/\/www.seher.no\/kjendis\/raser-det-er-alvorlig\/83997066\" rel=\"nofollow noopener\" target=\"_blank\"><\/p>\n<p>        <img loading=\"lazy\" decoding=\"async\" src=\"https:\/\/www.europesays.com\/no\/wp-content\/uploads\/2025\/12\/1767019214_614_84000053.webp.webp\" width=\"147\" height=\"98\" title=\"Raser: - Det er alvorlig\" alt=\"\" class=\"lazyload\" style=\"--aspect-ratio-image: 1.50; \"\/><\/p>\n<p>        Raser: &#8211; Det er alvorlig<\/p>\n<p>    <\/a><\/p>\n<p>Det er ingen hemmelighet at La Toya har slitt. I selvbiografien \u00abGrowing Up in the Jackson Family\u00bb fra 1991,beskyldte hun faren Joseph for \u00e5 ha mishandlet henne \u2013 ogs\u00e5 seksuelt \u2013 i barndommen.<\/p>\n<p> Senere kom det frem at ektemannen Jack Gordon, som hun skilte seg fra i 1997, hadde banket henne mange ganger.<\/p>\n","protected":false},"excerpt":{"rendered":"Michael Jacksons stores\u00f8ster \u00abHold dere friske\u00bb, skrev La Toya Jackson da hun delte disse bildene. Fansen reagerer med&hellip;\n","protected":false},"author":2,"featured_media":123912,"comment_status":"","ping_status":"","sticky":false,"template":"","format":"standard","meta":{"footnotes":""},"categories":[58],"tags":[4104,71,479,14659,3331,30,28,29,72],"class_list":{"0":"post-123911","1":"post","2":"type-post","3":"status-publish","4":"format-standard","5":"has-post-thumbnail","7":"category-underholdning","8":"tag-eksklusivt","9":"tag-entertainment","10":"tag-kjendis","11":"tag-la-toya-jackson","12":"tag-michael-jackson","13":"tag-no","14":"tag-norge","15":"tag-norway","16":"tag-underholdning"},"share_on_mastodon":{"url":"https:\/\/pubeurope.com\/@no\/115803378433559714","error":""},"_links":{"self":[{"href":"https:\/\/www.europesays.com\/no\/wp-json\/wp\/v2\/posts\/123911","targetHints":{"allow":["GET"]}}],"collection":[{"href":"https:\/\/www.europesays.com\/no\/wp-json\/wp\/v2\/posts"}],"about":[{"href":"https:\/\/www.europesays.com\/no\/wp-json\/wp\/v2\/types\/post"}],"author":[{"embeddable":true,"href":"https:\/\/www.europesays.com\/no\/wp-json\/wp\/v2\/users\/2"}],"replies":[{"embeddable":true,"href":"https:\/\/www.europesays.com\/no\/wp-json\/wp\/v2\/comments?post=123911"}],"version-history":[{"count":0,"href":"https:\/\/www.europesays.com\/no\/wp-json\/wp\/v2\/posts\/123911\/revisions"}],"wp:featuredmedia":[{"embeddable":true,"href":"https:\/\/www.europesays.com\/no\/wp-json\/wp\/v2\/media\/123912"}],"wp:attachment":[{"href":"https:\/\/www.europesays.com\/no\/wp-json\/wp\/v2\/media?parent=123911"}],"wp:term":[{"taxonomy":"category","embeddable":true,"href":"https:\/\/www.europesays.com\/no\/wp-json\/wp\/v2\/categories?post=123911"},{"taxonomy":"post_tag","embeddable":true,"href":"https:\/\/www.europesays.com\/no\/wp-json\/wp\/v2\/tags?post=123911"}],"curies":[{"name":"wp","href":"https:\/\/api.w.org\/{rel}","templated":true}]}}