{"id":123917,"date":"2025-12-29T14:47:09","date_gmt":"2025-12-29T14:47:09","guid":{"rendered":"https:\/\/www.europesays.com\/no\/123917\/"},"modified":"2025-12-29T14:47:09","modified_gmt":"2025-12-29T14:47:09","slug":"tilbake-til-norsk-fotball-for-2028-sesongen","status":"publish","type":"post","link":"https:\/\/www.europesays.com\/no\/123917\/","title":{"rendered":"Tilbake til Norsk Fotball for 2028-sesongen"},"content":{"rendered":"<p>Sogndal opplyser at Hovland har signert en avtale ut 2028-sesongen.<\/p>\n<p>\u2013 Jeg har valgt \u00e5 ta turen tilbake til Sogndal for \u00e5 pr\u00f8ve \u00e5 hjelpe laget og klubben opp igjen p\u00e5 det h\u00f8yeste niv\u00e5et i Norge. Lysten og gleden med fotballen er fortsatt sterk, og jeg har fortsatt et \u00f8nske om \u00e5 f\u00e5 til noe stort, sier veteranen.<\/p>\n<p>\u2013 Jeg tar med meg mye erfaring fra klubber jeg har spilt for, b\u00e5de i Norge og i utlandet. Det er erfaringer som jeg h\u00e5per \u00e5 kunne bruke til \u00e5 hjelpe de yngre talentene som kommer opp og vise hva som kreves for \u00e5 ta steget videre ut i fotballverdenen, legger han til.<\/p>\n<p>    <a class=\"article__link\" data-ga-active-label=\"\" data-ga-active-label-animation=\"\" href=\"https:\/\/www.tv2.no\/sport\/fotball\/forlater-klubben-savner-familien\/18380486\/\" rel=\"nofollow noopener\" target=\"_blank\"><\/p>\n<p>    <img class=\"image__img lazyload\" itemprop=\"image\" title=\"\" alt=\"\" width=\"978\" height=\"411\" bad-src=\"https:\/\/www.europesays.com\/no\/wp-content\/uploads\/2025\/12\/18380525.webp.jpeg\" fetchpriority=\"auto\" \/><\/p>\n<p>\n            Forlater klubben \u2013 savner familien\n        <\/p>\n<p>    <\/a><\/p>\n<p>Hovland spilte denne sesongen for svenske Brommapojkarna. F\u00f8r det var han i H\u00e4cken, Rosenborg, Sogndal, N\u00fcrnberg og Molde.<\/p>\n<p>Sogndal-trener Luis Pimenta ser fram til \u00e5 f\u00e5 Hovland inn i spillergruppen.<\/p>\n<p>\u2013 \u00c5 signere Even har en dobbel effekt sportslig sett. Vi f\u00e5r en spiller som hjelper alle rundt seg til \u00e5 forst\u00e5 referansene fra toppniv\u00e5et og det som trengs for individuell utvikling. Samtidig ogs\u00e5 en person med kvaliteter som kan ha en avgj\u00f8rende rolle for laget sine prestasjoner, sier han.<\/p>\n","protected":false},"excerpt":{"rendered":"Sogndal opplyser at Hovland har signert en avtale ut 2028-sesongen. \u2013 Jeg har valgt \u00e5 ta turen tilbake&hellip;\n","protected":false},"author":2,"featured_media":123918,"comment_status":"","ping_status":"","sticky":false,"template":"","format":"standard","meta":{"footnotes":""},"categories":[5],"tags":[20,21,24,25,15,19,22,23,17,18,13,30,28,29,14,16,26,27],"class_list":{"0":"post-123917","1":"post","2":"type-post","3":"status-publish","4":"format-standard","5":"has-post-thumbnail","7":"category-overskrifter","8":"tag-breaking-news","9":"tag-breakingnews","10":"tag-featured-news","11":"tag-featurednews","12":"tag-headlines","13":"tag-hovedoppslag","14":"tag-latest-news","15":"tag-latestnews","16":"tag-main-news","17":"tag-mainnews","18":"tag-news","19":"tag-no","20":"tag-norge","21":"tag-norway","22":"tag-nyheter","23":"tag-overskrifter","24":"tag-top-stories","25":"tag-topstories"},"share_on_mastodon":{"url":"https:\/\/pubeurope.com\/@no\/115803406029313974","error":""},"_links":{"self":[{"href":"https:\/\/www.europesays.com\/no\/wp-json\/wp\/v2\/posts\/123917","targetHints":{"allow":["GET"]}}],"collection":[{"href":"https:\/\/www.europesays.com\/no\/wp-json\/wp\/v2\/posts"}],"about":[{"href":"https:\/\/www.europesays.com\/no\/wp-json\/wp\/v2\/types\/post"}],"author":[{"embeddable":true,"href":"https:\/\/www.europesays.com\/no\/wp-json\/wp\/v2\/users\/2"}],"replies":[{"embeddable":true,"href":"https:\/\/www.europesays.com\/no\/wp-json\/wp\/v2\/comments?post=123917"}],"version-history":[{"count":0,"href":"https:\/\/www.europesays.com\/no\/wp-json\/wp\/v2\/posts\/123917\/revisions"}],"wp:featuredmedia":[{"embeddable":true,"href":"https:\/\/www.europesays.com\/no\/wp-json\/wp\/v2\/media\/123918"}],"wp:attachment":[{"href":"https:\/\/www.europesays.com\/no\/wp-json\/wp\/v2\/media?parent=123917"}],"wp:term":[{"taxonomy":"category","embeddable":true,"href":"https:\/\/www.europesays.com\/no\/wp-json\/wp\/v2\/categories?post=123917"},{"taxonomy":"post_tag","embeddable":true,"href":"https:\/\/www.europesays.com\/no\/wp-json\/wp\/v2\/tags?post=123917"}],"curies":[{"name":"wp","href":"https:\/\/api.w.org\/{rel}","templated":true}]}}