{"id":123919,"date":"2025-12-29T14:48:15","date_gmt":"2025-12-29T14:48:15","guid":{"rendered":"https:\/\/www.europesays.com\/no\/123919\/"},"modified":"2025-12-29T14:48:15","modified_gmt":"2025-12-29T14:48:15","slug":"sport-nyheter-sjastad-christiansen-om-kameratens-dod-det-er-sa-mange-som-uttaler-seg-som-ikke-har-kunnskap","status":"publish","type":"post","link":"https:\/\/www.europesays.com\/no\/123919\/","title":{"rendered":"Sport, Nyheter | Sj\u00e5stad Christiansen om kameratens d\u00f8d: \u2013 Det er s\u00e5 mange som uttaler seg, som ikke har kunnskap"},"content":{"rendered":"\n<p>Lille julaften ble det kjent at Bakken var funnet d\u00f8d p\u00e5 hotellrommet sitt i italienske Lavaz\u00e8. Han ble 27 \u00e5r.<\/p>\n<p>Sj\u00e5stad Christiansen kjente skiskytterkollegaen godt. <a href=\"https:\/\/www.vg.no\/sport\/i\/GxGeem\/vetle-sjaastad-christiansen-om-sivert-bakken-det-er-saa-mange-som-uttaler-seg-som-ikke-har-kunnskap\" rel=\"nofollow noopener\" target=\"_blank\">I et intervju med VG \u00e5pner han n\u00e5 opp<\/a> om egne tanker rundt det som har skjedd.<\/p>\n<p>\u2013 Det er helt j\u00e6vlig alt sammen, sier veteranen til avisen.<\/p>\n<p>Han liker ikke alt han har h\u00f8rt og sett i etterkant av at Bakkens d\u00f8dsfall ble kjent.<\/p>\n<p>   <img decoding=\"async\" width=\"8192\" height=\"5464\" fetchpriority=\"low\"  loading=\"lazy\"  src=\"https:\/\/www.europesays.com\/no\/wp-content\/uploads\/2025\/12\/Elden+advokatfirma+engasjert+etter+Sivert+Bakkens+ddsfall.bin.jpeg\" alt=\"Sivert Guttorm Bakken\" class=\"brick-c-cFOWSL\" style=\"--brick-image-ratio: 8192 \/ 5464;\"\/><\/p>\n<p>      Sivert Guttorm Bakken gikk bort 23. desember.<br \/>\n      Foto: Geir Olsen (NTB)\n    <\/p>\n<p>\u2013 Det er s\u00e5 mange som uttaler seg, som ikke har kunnskap. Det er b\u00e5de vaksinemotstandere som n\u00e5 benytter anledningen, men ogs\u00e5 alle de som skylder p\u00e5 h\u00f8ydesimulering uten at vi vet s\u00e5 mye enn\u00e5, sier Sj\u00e5stad Christiansen.<\/p>\n<p>\u2013 Kan det v\u00e6re noe underliggende som man kan finne svar p\u00e5 i en obduksjon? F\u00e5r man noen gang et skikkelig svar? Jeg har lyst til \u00e5 vente med \u00e5 mene noe til man har alt p\u00e5 bordet, legger han til.<\/p>\n<p>33-\u00e5ringen vil ha med seg kameratens begravelse, men gruer seg.<\/p>\n<p>\u2013 Jeg er en veldig myk mann med mange f\u00f8lelser p\u00e5 innsiden, s\u00e5 jeg kommer til \u00e5 g\u00e5 i kjelleren. Det blir mye t\u00e5rer og jeg gruer meg skikkelig til \u00e5 m\u00f8te de andre og g\u00e5 gjennom den prosessen \u00e9n gang til, sier Sj\u00e5stad Christiansen.<\/p>\n<p>  <a href=\"https:\/\/www.gd.no\/5-18-2430940\" class=\"related-teaser has-image default-story-teaser article--c-eRUmMG article--c-eRUmMG-jKCPdD-design-default\" rel=\"nofollow noopener\" target=\"_blank\"><\/p>\n<p>    <img decoding=\"async\" loading=\"lazy\"  src=\"https:\/\/www.europesays.com\/no\/wp-content\/uploads\/2025\/12\/1767019694_940_Elden+advokatfirma+engasjert+etter+Sivert+Bakkens+ddsfall.bin.jpeg\" alt=\"\" class=\"brick-c-cFOWSL\" style=\"\"\/><\/p>\n<p>\n            Les ogs\u00e5<\/p>\n<p>              \u2013 Det verserer mange rykter\n        <\/p>\n<p>  <\/a><\/p>\n<p>  <a href=\"https:\/\/www.gd.no\/5-18-2431484\" class=\"related-teaser has-image default-story-teaser article--c-eRUmMG article--c-eRUmMG-jKCPdD-design-default\" rel=\"nofollow noopener\" target=\"_blank\"><\/p>\n<p>    <img decoding=\"async\" loading=\"lazy\"  src=\"https:\/\/www.europesays.com\/no\/wp-content\/uploads\/2025\/12\/cueres_scp-mangler_navn_HtdIeQfk2-M.jpg\" alt=\"\" class=\"brick-c-cFOWSL\" style=\"\"\/><\/p>\n<p>\n            Les ogs\u00e5<\/p>\n<p>              \u2013 Det har v\u00e6rt helt forferdelig\n        <\/p>\n<p>  <\/a><\/p>\n<p>  <a href=\"https:\/\/www.gd.no\/5-18-2430343\" class=\"related-teaser has-image default-story-teaser article--c-eRUmMG article--c-eRUmMG-jKCPdD-design-default\" rel=\"nofollow noopener\" target=\"_blank\"><\/p>\n<p>    <img decoding=\"async\" loading=\"lazy\"  src=\"https:\/\/www.europesays.com\/no\/wp-content\/uploads\/2025\/12\/1767019694_86_NTB_WUw_6QAX-pc.jpg\" alt=\"\" class=\"brick-c-cFOWSL\" style=\"\"\/><\/p>\n<p>\n            Les ogs\u00e5<\/p>\n<p>              Ble funnet d\u00f8d med h\u00f8ydemaske\n        <\/p>\n<p>  <\/a><\/p>\n<p>  <a href=\"https:\/\/www.gd.no\/5-18-2429902\" class=\"related-teaser has-image default-story-teaser article--c-eRUmMG article--c-eRUmMG-jKCPdD-design-default\" rel=\"nofollow noopener\" target=\"_blank\"><\/p>\n<p>    <img decoding=\"async\" loading=\"lazy\"  src=\"https:\/\/www.europesays.com\/no\/wp-content\/uploads\/2025\/12\/arne.horten.jpg\" alt=\"\" class=\"brick-c-cFOWSL\" style=\"\"\/><\/p>\n<p>\n            Les ogs\u00e5<\/p>\n<p>              Skiskyttermilj\u00f8et i sorg\n        <\/p>\n<p>  <\/a><\/p>\n<p>  <a href=\"https:\/\/www.gd.no\/5-18-2429741\" class=\"related-teaser has-image default-story-teaser article--c-eRUmMG article--c-eRUmMG-jKCPdD-design-default\" rel=\"nofollow noopener\" target=\"_blank\"><\/p>\n<p>    <img decoding=\"async\" loading=\"lazy\"  src=\"https:\/\/www.europesays.com\/no\/wp-content\/uploads\/2025\/12\/TO+-+MINNESTUND+SIVERT+BAKKEN+10.jpg\" alt=\"\" class=\"brick-c-cFOWSL\" style=\"\"\/><\/p>\n<p>\n            Les ogs\u00e5<\/p>\n<p>              Full kirke da Sivert (27) skulle minnes: \u2013 Det er en helt ufattelig beskjed \u00e5 f\u00e5\n        <\/p>\n<p>  <\/a><\/p>\n","protected":false},"excerpt":{"rendered":"Lille julaften ble det kjent at Bakken var funnet d\u00f8d p\u00e5 hotellrommet sitt i italienske Lavaz\u00e8. Han ble&hellip;\n","protected":false},"author":2,"featured_media":123920,"comment_status":"","ping_status":"","sticky":false,"template":"","format":"standard","meta":{"footnotes":""},"categories":[59],"tags":[36,30,28,29,14,14517,769,83,82,1510],"class_list":{"0":"post-123919","1":"post","2":"type-post","3":"status-publish","4":"format-standard","5":"has-post-thumbnail","7":"category-sport","8":"tag-art","9":"tag-no","10":"tag-norge","11":"tag-norway","12":"tag-nyheter","13":"tag-sivert-bakken","14":"tag-skiskyting","15":"tag-sport","16":"tag-sports","17":"tag-story"},"share_on_mastodon":{"url":"https:\/\/pubeurope.com\/@no\/115803409940979272","error":""},"_links":{"self":[{"href":"https:\/\/www.europesays.com\/no\/wp-json\/wp\/v2\/posts\/123919","targetHints":{"allow":["GET"]}}],"collection":[{"href":"https:\/\/www.europesays.com\/no\/wp-json\/wp\/v2\/posts"}],"about":[{"href":"https:\/\/www.europesays.com\/no\/wp-json\/wp\/v2\/types\/post"}],"author":[{"embeddable":true,"href":"https:\/\/www.europesays.com\/no\/wp-json\/wp\/v2\/users\/2"}],"replies":[{"embeddable":true,"href":"https:\/\/www.europesays.com\/no\/wp-json\/wp\/v2\/comments?post=123919"}],"version-history":[{"count":0,"href":"https:\/\/www.europesays.com\/no\/wp-json\/wp\/v2\/posts\/123919\/revisions"}],"wp:featuredmedia":[{"embeddable":true,"href":"https:\/\/www.europesays.com\/no\/wp-json\/wp\/v2\/media\/123920"}],"wp:attachment":[{"href":"https:\/\/www.europesays.com\/no\/wp-json\/wp\/v2\/media?parent=123919"}],"wp:term":[{"taxonomy":"category","embeddable":true,"href":"https:\/\/www.europesays.com\/no\/wp-json\/wp\/v2\/categories?post=123919"},{"taxonomy":"post_tag","embeddable":true,"href":"https:\/\/www.europesays.com\/no\/wp-json\/wp\/v2\/tags?post=123919"}],"curies":[{"name":"wp","href":"https:\/\/api.w.org\/{rel}","templated":true}]}}