{"id":123925,"date":"2025-12-29T14:55:09","date_gmt":"2025-12-29T14:55:09","guid":{"rendered":"https:\/\/www.europesays.com\/no\/123925\/"},"modified":"2025-12-29T14:55:09","modified_gmt":"2025-12-29T14:55:09","slug":"ulykker-trafikk-trafikkulykke-i-kinn","status":"publish","type":"post","link":"https:\/\/www.europesays.com\/no\/123925\/","title":{"rendered":"Ulykker, Trafikk | Trafikkulykke i Kinn"},"content":{"rendered":"\n<p>Klokka 10.09 fekk politiet melding om ei singelulykke p\u00e5 s\u00f8rsida av Magnhilskartunnelen i Kinn kommune. <\/p>\n<p>Ein bil med tre personar har k\u00f8yrt av vegen. Bilen ligg p\u00e5 taket i ei skr\u00e5ning, opplyser Morten Rebnord, operasjonsleiar i Vest politidistrikt. <\/p>\n<p>Alle er vakne og dei blir sett til av helsepersonell p\u00e5 staden. <\/p>\n<p>Klokka 11.21 melder politiet at alle tre blir tatt med til legevakt i Flor\u00f8. <\/p>\n<p>Eitt k\u00f8yrefelt er opent.<\/p>\n<p>Sj\u00f8lv om bilbergar rykte ut til staden med det same, har det vist seg at det m\u00e5 ekstra mannskap til for \u00e5 klare \u00e5 berge k\u00f8yret\u00f8yet. Difor melder politiet klokka 11:45 at bilberginga blir utsett til ekstra bergingsbil er p\u00e5 plass. Det er ikkje opplyst n\u00e5r dette vil bli. <\/p>\n<p>Vegen er skilta med redusert framkomst p\u00e5 staden. <\/p>\n<p>Sj\u00f8lv om det ikkje er mistanke om rusk\u00f8yring, fortel Rebnord at politiet vil opprette sak p\u00e5 hendinga. <\/p>\n<p>\u2013 Naudetatane avsluttar p\u00e5 staden. <\/p>\n","protected":false},"excerpt":{"rendered":"Klokka 10.09 fekk politiet melding om ei singelulykke p\u00e5 s\u00f8rsida av Magnhilskartunnelen i Kinn kommune. Ein bil med&hellip;\n","protected":false},"author":2,"featured_media":231,"comment_status":"","ping_status":"","sticky":false,"template":"","format":"standard","meta":{"footnotes":""},"categories":[10],"tags":[36,20,21,24,25,2482,15,6234,22,23,13,30,28,29,14,16,1510,26,27,224,1204],"class_list":{"0":"post-123925","1":"post","2":"type-post","3":"status-publish","4":"format-standard","5":"has-post-thumbnail","7":"category-norge","8":"tag-art","9":"tag-breaking-news","10":"tag-breakingnews","11":"tag-featured-news","12":"tag-featurednews","13":"tag-floro","14":"tag-headlines","15":"tag-kinn","16":"tag-latest-news","17":"tag-latestnews","18":"tag-news","19":"tag-no","20":"tag-norge","21":"tag-norway","22":"tag-nyheter","23":"tag-overskrifter","24":"tag-story","25":"tag-top-stories","26":"tag-topstories","27":"tag-trafikk","28":"tag-ulykker"},"share_on_mastodon":{"url":"https:\/\/pubeurope.com\/@no\/115803437508125026","error":""},"_links":{"self":[{"href":"https:\/\/www.europesays.com\/no\/wp-json\/wp\/v2\/posts\/123925","targetHints":{"allow":["GET"]}}],"collection":[{"href":"https:\/\/www.europesays.com\/no\/wp-json\/wp\/v2\/posts"}],"about":[{"href":"https:\/\/www.europesays.com\/no\/wp-json\/wp\/v2\/types\/post"}],"author":[{"embeddable":true,"href":"https:\/\/www.europesays.com\/no\/wp-json\/wp\/v2\/users\/2"}],"replies":[{"embeddable":true,"href":"https:\/\/www.europesays.com\/no\/wp-json\/wp\/v2\/comments?post=123925"}],"version-history":[{"count":0,"href":"https:\/\/www.europesays.com\/no\/wp-json\/wp\/v2\/posts\/123925\/revisions"}],"wp:featuredmedia":[{"embeddable":true,"href":"https:\/\/www.europesays.com\/no\/wp-json\/wp\/v2\/media\/231"}],"wp:attachment":[{"href":"https:\/\/www.europesays.com\/no\/wp-json\/wp\/v2\/media?parent=123925"}],"wp:term":[{"taxonomy":"category","embeddable":true,"href":"https:\/\/www.europesays.com\/no\/wp-json\/wp\/v2\/categories?post=123925"},{"taxonomy":"post_tag","embeddable":true,"href":"https:\/\/www.europesays.com\/no\/wp-json\/wp\/v2\/tags?post=123925"}],"curies":[{"name":"wp","href":"https:\/\/api.w.org\/{rel}","templated":true}]}}