{"id":123926,"date":"2025-12-29T14:56:07","date_gmt":"2025-12-29T14:56:07","guid":{"rendered":"https:\/\/www.europesays.com\/no\/123926\/"},"modified":"2025-12-29T14:56:07","modified_gmt":"2025-12-29T14:56:07","slug":"person-funnet-dod-etter-brann-i-et-kjoretoy-i-lofoten-nrk-nordland","status":"publish","type":"post","link":"https:\/\/www.europesays.com\/no\/123926\/","title":{"rendered":"Person funnet d\u00f8d etter brann i et kj\u00f8ret\u00f8y i Lofoten \u2013 NRK Nordland"},"content":{"rendered":"<p>En person er funnet d\u00f8d etter brann i et kj\u00f8ret\u00f8y i Lofoten.<\/p>\n<p>Politiet rykket ut etter melding om brann klokka 09.25 mandag morgen.<\/p>\n<p>Da de kom fram, var bobilen allerede langt p\u00e5 vei nedbrent, og det ble gjort funn av en person i ruinene, opplyser politiadvokat Eirik Magnus Blomli.<\/p>\n<p><strong>\u2013 Det er ganske nedbrent p\u00e5 stedet, s\u00e5 vi gj\u00f8r unders\u00f8kelser for \u00e5 pr\u00f8ve \u00e5 identifisere hvem bilen kan v\u00e6re registrert p\u00e5, sier Blomli.<\/strong><\/p>\n<p>Politiet har funnet et registreringsnummer p\u00e5 stedet som tyder p\u00e5 at kj\u00f8ret\u00f8yet er utenlandsk registrert, men de vil forel\u00f8pig ikke si hvilket land det kan v\u00e6re fra.<\/p>\n<p>F\u00f8rst ble det meldt om at det ikke var noen skadde etter brannen.<\/p>\n<p>Det jobbes n\u00e5 med \u00e5 f\u00e5 identifisert vedkommende, som vil bli obdusert.<\/p>\n<p><a class=\"login-banner-hack\" href=\"https:\/\/www.nrk.no\/logginn?context=article-plug\" style=\"padding: 0; border: none; display: none\" rel=\"nofollow noopener\" target=\"_blank\"><\/p>\n<p>            <img decoding=\"async\"   src=\"data:image\/gif;base64,R0lGODlhAQABAIAAAAAAAP\/\/\/yH5BAEAAAAALAAAAAABAAEAAAIBRAA7\" alt=\"Oppfordring til \u00e5 logge p\u00e5 NRKs tjenester\" title=\"Foto: Odd Arne Olderbakk\"\/><\/p>\n<p>            <img decoding=\"async\"   src=\"data:image\/gif;base64,R0lGODlhAQABAIAAAAAAAP\/\/\/yH5BAEAAAAALAAAAAABAAEAAAIBRAA7\" alt=\"Oppfordring til \u00e5 logge p\u00e5 NRKs tjenester\" title=\"Foto: Odd Arne Olderbakk\"\/><\/p>\n<p><\/a><\/p>\n<p>Publisert<\/p>\n<p>29.12.2025, kl. 15.15<\/p>\n","protected":false},"excerpt":{"rendered":"En person er funnet d\u00f8d etter brann i et kj\u00f8ret\u00f8y i Lofoten. Politiet rykket ut etter melding om&hellip;\n","protected":false},"author":2,"featured_media":62464,"comment_status":"","ping_status":"","sticky":false,"template":"","format":"standard","meta":{"footnotes":""},"categories":[5],"tags":[20,21,24,25,15,19,22,23,17,18,13,30,28,29,14,16,26,27],"class_list":{"0":"post-123926","1":"post","2":"type-post","3":"status-publish","4":"format-standard","5":"has-post-thumbnail","7":"category-overskrifter","8":"tag-breaking-news","9":"tag-breakingnews","10":"tag-featured-news","11":"tag-featurednews","12":"tag-headlines","13":"tag-hovedoppslag","14":"tag-latest-news","15":"tag-latestnews","16":"tag-main-news","17":"tag-mainnews","18":"tag-news","19":"tag-no","20":"tag-norge","21":"tag-norway","22":"tag-nyheter","23":"tag-overskrifter","24":"tag-top-stories","25":"tag-topstories"},"share_on_mastodon":{"url":"https:\/\/pubeurope.com\/@no\/115803441341126165","error":""},"_links":{"self":[{"href":"https:\/\/www.europesays.com\/no\/wp-json\/wp\/v2\/posts\/123926","targetHints":{"allow":["GET"]}}],"collection":[{"href":"https:\/\/www.europesays.com\/no\/wp-json\/wp\/v2\/posts"}],"about":[{"href":"https:\/\/www.europesays.com\/no\/wp-json\/wp\/v2\/types\/post"}],"author":[{"embeddable":true,"href":"https:\/\/www.europesays.com\/no\/wp-json\/wp\/v2\/users\/2"}],"replies":[{"embeddable":true,"href":"https:\/\/www.europesays.com\/no\/wp-json\/wp\/v2\/comments?post=123926"}],"version-history":[{"count":0,"href":"https:\/\/www.europesays.com\/no\/wp-json\/wp\/v2\/posts\/123926\/revisions"}],"wp:featuredmedia":[{"embeddable":true,"href":"https:\/\/www.europesays.com\/no\/wp-json\/wp\/v2\/media\/62464"}],"wp:attachment":[{"href":"https:\/\/www.europesays.com\/no\/wp-json\/wp\/v2\/media?parent=123926"}],"wp:term":[{"taxonomy":"category","embeddable":true,"href":"https:\/\/www.europesays.com\/no\/wp-json\/wp\/v2\/categories?post=123926"},{"taxonomy":"post_tag","embeddable":true,"href":"https:\/\/www.europesays.com\/no\/wp-json\/wp\/v2\/tags?post=123926"}],"curies":[{"name":"wp","href":"https:\/\/api.w.org\/{rel}","templated":true}]}}