{"id":123931,"date":"2025-12-29T15:03:45","date_gmt":"2025-12-29T15:03:45","guid":{"rendered":"https:\/\/www.europesays.com\/no\/123931\/"},"modified":"2025-12-29T15:03:45","modified_gmt":"2025-12-29T15:03:45","slug":"vi-er-i-totalkrig","status":"publish","type":"post","link":"https:\/\/www.europesays.com\/no\/123931\/","title":{"rendered":"\u2013 Vi er i totalkrig"},"content":{"rendered":"<p class=\"kicker text-red color_mobile_text-red\" style=\"\">Irans president:<\/p>\n<p>  Irans president Masoud Pezeshkian sier i et intervju at USA, Israel og Europa \u00abvil bringe landet til sine kn\u00e6r\u00bb.<\/p>\n<p>\n    Irans president Masoud Pezeshkian. Foto: Angelina Katsanis \/ AP \/ NTB\n  <\/p>\n<p>\u2013 I mine \u00f8yne er vi i totalkrig med USA, Israel og Europa, sier Pezeshkian til nettsiden til Irans \u00f8verste leder Ali Khamenei.<\/p>\n<p>For seks m\u00e5neder siden angrep Israel og USA iranske atomanlegg i den s\u00e5kalte tolvdagerskrigen. Frankrike, Storbritannia og Tyskland stilte seg p\u00e5 sin side bak at FN gjeninnf\u00f8rte sanksjoner mot Iran for atomprogrammet i september.<\/p>\n<p>\u2013 Denne krigen er verre enn den Irak startet mot oss. N\u00e5r man ser n\u00e6rmere p\u00e5 det, er den langt mer kompleks og vanskelig.<\/p>\n<p>Irak invaderte Iran i 1980. Krigen varte helt til 1988 og krevde hundretusener av menneskeliv p\u00e5 begge sider.<\/p>\n<p>Kommentarene kommer kun et par dager f\u00f8r Israels statsminister Benjamin Netanyahu m\u00f8ter USAs president Donald Trump, et m\u00f8te der Iran ventes \u00e5 v\u00e6re et tema.<\/p>\n<p>        P\u00c5 TOKT: I julen gjennomf\u00f8rte, if\u00f8lge det russiske forsvarsdepartementet, Tu-95MS strategiske bombefly og rakettb\u00e6rere en planlagt flyging over Barents- og Norskehavet. Video: Det russiske forsvarsdepartementet. Reporter: Christina H. Korneliussen<\/p>\n","protected":false},"excerpt":{"rendered":"Irans president: Irans president Masoud Pezeshkian sier i et intervju at USA, Israel og Europa \u00abvil bringe landet&hellip;\n","protected":false},"author":2,"featured_media":123932,"comment_status":"","ping_status":"","sticky":false,"template":"","format":"standard","meta":{"footnotes":""},"categories":[12],"tags":[335,20,21,274,24,25,15,3228,52,474,22,23,13,30,28,29,14,16,26,27,50,42,43,44,45],"class_list":{"0":"post-123931","1":"post","2":"type-post","3":"status-publish","4":"format-standard","5":"has-post-thumbnail","7":"category-verden","8":"tag-atomvapen","9":"tag-breaking-news","10":"tag-breakingnews","11":"tag-europa","12":"tag-featured-news","13":"tag-featurednews","14":"tag-headlines","15":"tag-iran","16":"tag-israel","17":"tag-krig","18":"tag-latest-news","19":"tag-latestnews","20":"tag-news","21":"tag-no","22":"tag-norge","23":"tag-norway","24":"tag-nyheter","25":"tag-overskrifter","26":"tag-top-stories","27":"tag-topstories","28":"tag-usa","29":"tag-verden","30":"tag-world","31":"tag-world-news","32":"tag-worldnews"},"share_on_mastodon":{"url":"https:\/\/pubeurope.com\/@no\/115803468825925739","error":""},"_links":{"self":[{"href":"https:\/\/www.europesays.com\/no\/wp-json\/wp\/v2\/posts\/123931","targetHints":{"allow":["GET"]}}],"collection":[{"href":"https:\/\/www.europesays.com\/no\/wp-json\/wp\/v2\/posts"}],"about":[{"href":"https:\/\/www.europesays.com\/no\/wp-json\/wp\/v2\/types\/post"}],"author":[{"embeddable":true,"href":"https:\/\/www.europesays.com\/no\/wp-json\/wp\/v2\/users\/2"}],"replies":[{"embeddable":true,"href":"https:\/\/www.europesays.com\/no\/wp-json\/wp\/v2\/comments?post=123931"}],"version-history":[{"count":0,"href":"https:\/\/www.europesays.com\/no\/wp-json\/wp\/v2\/posts\/123931\/revisions"}],"wp:featuredmedia":[{"embeddable":true,"href":"https:\/\/www.europesays.com\/no\/wp-json\/wp\/v2\/media\/123932"}],"wp:attachment":[{"href":"https:\/\/www.europesays.com\/no\/wp-json\/wp\/v2\/media?parent=123931"}],"wp:term":[{"taxonomy":"category","embeddable":true,"href":"https:\/\/www.europesays.com\/no\/wp-json\/wp\/v2\/categories?post=123931"},{"taxonomy":"post_tag","embeddable":true,"href":"https:\/\/www.europesays.com\/no\/wp-json\/wp\/v2\/tags?post=123931"}],"curies":[{"name":"wp","href":"https:\/\/api.w.org\/{rel}","templated":true}]}}