{"id":123934,"date":"2025-12-29T15:05:10","date_gmt":"2025-12-29T15:05:10","guid":{"rendered":"https:\/\/www.europesays.com\/no\/123934\/"},"modified":"2025-12-29T15:05:10","modified_gmt":"2025-12-29T15:05:10","slug":"skal-ikke-vaere-mulig-2","status":"publish","type":"post","link":"https:\/\/www.europesays.com\/no\/123934\/","title":{"rendered":"\u2013 Skal ikke v\u00e6re mulig"},"content":{"rendered":"\n<p class=\"_lead_o9xde_2 _lead_xtcu6_50 layout-component text-serif-m layout-normal text-serif-l layout-component layout-wide layout-padded _wide_17hqh_1 layout-padded\">Frida Karlsson \u00e5pnet steinhardt, men sprakk fullstendig utover i l\u00f8ypen. Ekspertene m\u00e5pte av de svenske stjernenes sprekk. <\/p>\n<ul class=\"_gallery_1qa3s_23\" tabindex=\"0\">\n<li class=\"_item_1qa3s_37\" data-index=\"0\"><img fetchpriority=\"high\" decoding=\"async\" class=\"_image_foru8_23 _introGallery_foru8_43\" data-fullscreen- width=\"4364\" height=\"2909\" itemprop=\"image\" loading=\"eager\"  src=\"https:\/\/www.europesays.com\/no\/wp-content\/uploads\/2025\/12\/b490ebfc-3f1a-49a0-8146-8d6ced3f9aa3.png\"  style=\"object-position:50% 50%;aspect-ratio:var(--gallery-aspect-ratio, 16 \/ 9)\"\/>Foto: Terje Pedersen \/ NTB<\/li>\n<li class=\"_item_1qa3s_37\" data-index=\"1\"><img decoding=\"async\" class=\"_image_foru8_23 _introGallery_foru8_43\" data-fullscreen- width=\"6000\" height=\"4000\" itemprop=\"image\" loading=\"lazy\"  src=\"https:\/\/www.europesays.com\/no\/wp-content\/uploads\/2025\/12\/952f14f5-6fce-4382-9c98-6d5253935f67.jpeg\"  style=\"object-position:50% 50%;aspect-ratio:var(--gallery-aspect-ratio, 16 \/ 9)\"\/>Foto: Terje Pedersen \/ NTB<\/li>\n<\/ul>\n<p>Foto: Terje Pedersen \/ NTB<\/p>\n<p>Toblach, Italia  Oppdatert mandag 29. desember kl. 16:04     <\/p>\n<p class=\"_paragraph_o9xde_4 _paragraph_xtcu6_10 layout-component text-serif-m layout-normal text-serif-m layout-padded\">Frida Karlsson ledet med over \u00e5tte sekunder til Astrid \u00d8yre Slind p\u00e5 passeringspunktet 2,1 kilometer p\u00e5 10 kilometeren i Tour de Ski. <\/p>\n<p class=\"_paragraph_o9xde_4 _paragraph_xtcu6_10 layout-component text-serif-m layout-normal text-serif-m layout-padded\">Men etter halvveis g\u00e5tt 10 kilometer hadde situasjonen fullstendig snudd. <\/p>\n<p class=\"_paragraph_o9xde_4 _paragraph_xtcu6_10 layout-component text-serif-m layout-normal text-serif-m layout-padded\">Karlsson l\u00e5 hele 12,7 sekunder bak \u00d8yre Slind, som til slutt vant rennet. Det fikk ekspertene til \u00e5 m\u00e5pe. <\/p>\n<p class=\"_paragraph_o9xde_4 _paragraph_xtcu6_10 layout-component text-serif-m layout-normal text-serif-m layout-padded\">\u2013 Hva er det de har gjort med skiene sine i dag. Det skal ikke v\u00e6re mulig. Det er syv-\u00e5tte minusgrader i sn\u00f8en. Det er isklister og t\u00f8rr bl\u00e5boks. Det kan ikke v\u00e6re komplisert, er den brutale dommen fra NRKs Fredrik Aukland p\u00e5 NRK Sport radio. <\/p>\n<p class=\"_paragraph_o9xde_4 _paragraph_xtcu6_10 layout-component text-serif-m layout-normal text-serif-m layout-padded\">Therese Johaug stusser p\u00e5 Karlssons taktikk.<\/p>\n<p class=\"_paragraph_o9xde_4 _paragraph_xtcu6_10 layout-component text-serif-m layout-normal text-serif-m layout-padded\">\u2013 Hun burde ha s\u00e5pass mye erfaring n\u00e5 at hun unng\u00e5r en s\u00e5pass stor smell. Hun tapte helt vanvittig mye, sier Johaug i Viaplays studio. <\/p>\n<ul class=\"_gallery_1qa3s_23\" tabindex=\"0\">\n<li class=\"_item_1qa3s_37\" data-index=\"0\"><img decoding=\"async\" class=\"_image_foru8_23 _articleGallery_foru8_39\" data-fullscreen- width=\"6000\" height=\"4000\" itemprop=\"image\" loading=\"lazy\"  src=\"https:\/\/www.europesays.com\/no\/wp-content\/uploads\/2025\/12\/d4a02963-646d-4fdf-ba5f-f0d82e46c516.jpeg\"  style=\"object-position:50% 50%;aspect-ratio:var(--gallery-aspect-ratio, 16 \/ 9)\"\/>Foto: MAXIM THORE \/ Bildbyr\u00e5n<\/li>\n<li class=\"_item_1qa3s_37\" data-index=\"1\"><img decoding=\"async\" class=\"_image_foru8_23 _articleGallery_foru8_39\" data-fullscreen- width=\"6000\" height=\"4000\" itemprop=\"image\" loading=\"lazy\"  src=\"https:\/\/www.europesays.com\/no\/wp-content\/uploads\/2025\/12\/f329bdbf-2e51-4b1a-9d87-318b5dd18be6.png\"  style=\"object-position:50% 50%;aspect-ratio:var(--gallery-aspect-ratio, 16 \/ 9)\"\/>Foto: MAXIM THORE \/ Bildbyr\u00e5n<\/li>\n<\/ul>\n<p>Foto: MAXIM THORE \/ Bildbyr\u00e5n<\/p>\n<p class=\"_paragraph_o9xde_4 _paragraph_xtcu6_10 layout-component text-serif-m layout-normal text-serif-m layout-padded\">Selv sier Karlsson dette til Viaplay: <\/p>\n<p class=\"_paragraph_o9xde_4 _paragraph_xtcu6_10 layout-component text-serif-m layout-normal text-serif-m layout-padded\">\u2013 Det var hardt og s\u00e5 hadde jeg ikke krutt p\u00e5 slutten. Jeg vet ikke helt hva jeg tenke med i starten. Kanskje det handlet om at jeg kom inn i rennet med d\u00e5rlig selvtillit fra i g\u00e5r og f\u00f8lte jeg m\u00e5tte bevise noe, sier Karlsson. <\/p>\n<p class=\"_paragraph_o9xde_4 _paragraph_xtcu6_10 layout-component text-serif-m layout-normal text-serif-m layout-padded\">Ogs\u00e5 for svenske Ebba Andersson ble det en tung dag i sporet. Hun gikk i m\u00e5l 52,9 sekunder bak \u00d8yre Slind. Det til tross for at Andersson ble verdensmester p\u00e5 akkurat denne \u00f8velsen. <\/p>\n<p><img alt=\"Foto: MAXIM THORE \/ Bildbyr\u00e5n\" class=\"_image_qp4xg_65 layout-component layout-normal\" data-fullscreen- data-track-element-type=\"Article image fullscreen\" data-track-name=\"ImageFullscreen\" decoding=\"async\" loading=\"lazy\" height=\"4000\" itemprop=\"image\"  src=\"https:\/\/www.europesays.com\/no\/wp-content\/uploads\/2025\/12\/03bfff5a-c53b-4bd7-b6b5-7249001b5d50.png\"  style=\"object-position:0% 0%\" width=\"6000\"\/>Foto: MAXIM THORE \/ Bildbyr\u00e5n<\/p>\n<p class=\"_paragraph_o9xde_4 _paragraph_xtcu6_10 layout-component text-serif-m layout-normal text-serif-m layout-padded\">Ved m\u00e5lgang hadde Slind g\u00e5tt inn hele 35,7 sekunder f\u00f8r Karlsson. <\/p>\n<p class=\"_paragraph_o9xde_4 _paragraph_xtcu6_10 layout-component text-serif-m layout-normal text-serif-m layout-padded\">\u2013 Det var en deilig rygg \u00e5 ta igjen, for Karlsson pleier \u00e5 sette en standard, s\u00e5 \u00e5 g\u00e5 forbi henne var deilig, sier \u00d8yre Slind til Viaplay. <\/p>\n<p class=\"_paragraph_o9xde_4 _paragraph_xtcu6_10 layout-component text-serif-m layout-normal text-serif-m layout-padded\">Et meget sterkt resultat, ogs\u00e5 med tanke p\u00e5 at hun ikke har g\u00e5tt klassisk stil p\u00e5 lengre tid grunnet en vond akilles. <\/p>\n<p class=\"_paragraph_o9xde_4 _paragraph_xtcu6_10 layout-component text-serif-m layout-normal text-serif-m layout-padded\">\u2013 Jeg kjenner at det funker bra og at h\u00e6len funker bra. Det var godt \u00e5 g\u00e5 klassisk og godt \u00e5 st\u00e5 \u00f8verst \u2013 det gir selvtillit. Det har ikke v\u00e6rt full klaff enda og det er godt \u00e5 vite at man kan sl\u00e5 alle, sier Astrid \u00d8yre Slind til Viaplay.<\/p>\n<p class=\"_paragraph_o9xde_4 _paragraph_xtcu6_10 layout-component text-serif-m layout-normal text-serif-m layout-padded\">\u2013 Hun har disponert l\u00f8pet sitt helt perfekt i dag. Turte \u00e5 holde igjen litt i starten, det gjorde ikke Frida Karlsson, sier Aukland. <\/p>\n<p class=\"_paragraph_o9xde_4 _paragraph_xtcu6_10 layout-component text-serif-m layout-normal text-serif-m layout-padded\">\u00d8sterrikske Teresa Stadlober var n\u00e6rmest med syv sekunder bak. <\/p>\n<p class=\"_paragraph_o9xde_4 _paragraph_xtcu6_10 layout-component text-serif-m layout-normal text-serif-m layout-padded\">Amerikanske Jessie Diggins hadde ogs\u00e5 en ny god dag som nummer tre, og ligger godt an med tanke p\u00e5 sammendraget i Tour de Ski. <\/p>\n","protected":false},"excerpt":{"rendered":"Frida Karlsson \u00e5pnet steinhardt, men sprakk fullstendig utover i l\u00f8ypen. Ekspertene m\u00e5pte av de svenske stjernenes sprekk. Foto:&hellip;\n","protected":false},"author":2,"featured_media":123935,"comment_status":"","ping_status":"","sticky":false,"template":"","format":"standard","meta":{"footnotes":""},"categories":[5],"tags":[20,21,24,25,15,19,398,22,23,17,18,13,30,28,29,14,16,26,27,12662],"class_list":{"0":"post-123934","1":"post","2":"type-post","3":"status-publish","4":"format-standard","5":"has-post-thumbnail","7":"category-overskrifter","8":"tag-breaking-news","9":"tag-breakingnews","10":"tag-featured-news","11":"tag-featurednews","12":"tag-headlines","13":"tag-hovedoppslag","14":"tag-langrenn","15":"tag-latest-news","16":"tag-latestnews","17":"tag-main-news","18":"tag-mainnews","19":"tag-news","20":"tag-no","21":"tag-norge","22":"tag-norway","23":"tag-nyheter","24":"tag-overskrifter","25":"tag-top-stories","26":"tag-topstories","27":"tag-tour-de-ski"},"share_on_mastodon":{"url":"https:\/\/pubeurope.com\/@no\/115803476772601894","error":""},"_links":{"self":[{"href":"https:\/\/www.europesays.com\/no\/wp-json\/wp\/v2\/posts\/123934","targetHints":{"allow":["GET"]}}],"collection":[{"href":"https:\/\/www.europesays.com\/no\/wp-json\/wp\/v2\/posts"}],"about":[{"href":"https:\/\/www.europesays.com\/no\/wp-json\/wp\/v2\/types\/post"}],"author":[{"embeddable":true,"href":"https:\/\/www.europesays.com\/no\/wp-json\/wp\/v2\/users\/2"}],"replies":[{"embeddable":true,"href":"https:\/\/www.europesays.com\/no\/wp-json\/wp\/v2\/comments?post=123934"}],"version-history":[{"count":0,"href":"https:\/\/www.europesays.com\/no\/wp-json\/wp\/v2\/posts\/123934\/revisions"}],"wp:featuredmedia":[{"embeddable":true,"href":"https:\/\/www.europesays.com\/no\/wp-json\/wp\/v2\/media\/123935"}],"wp:attachment":[{"href":"https:\/\/www.europesays.com\/no\/wp-json\/wp\/v2\/media?parent=123934"}],"wp:term":[{"taxonomy":"category","embeddable":true,"href":"https:\/\/www.europesays.com\/no\/wp-json\/wp\/v2\/categories?post=123934"},{"taxonomy":"post_tag","embeddable":true,"href":"https:\/\/www.europesays.com\/no\/wp-json\/wp\/v2\/tags?post=123934"}],"curies":[{"name":"wp","href":"https:\/\/api.w.org\/{rel}","templated":true}]}}