{"id":123936,"date":"2025-12-29T15:06:10","date_gmt":"2025-12-29T15:06:10","guid":{"rendered":"https:\/\/www.europesays.com\/no\/123936\/"},"modified":"2025-12-29T15:06:10","modified_gmt":"2025-12-29T15:06:10","slug":"et-fantomlop","status":"publish","type":"post","link":"https:\/\/www.europesays.com\/no\/123936\/","title":{"rendered":"&#8211; Et fantoml\u00f8p"},"content":{"rendered":"<p class=\"kicker \" style=\"\">Tour de Ski<\/p>\n<p>  Astrid \u00d8yre Slind (37) vant kvinnenes 10 kilometer og tok sesongens f\u00f8rste seier i verdenscupen. Svenskene slet stort med skiene sine.<\/p>\n<p>\n    FORN\u00d8YD: Astrid \u00d8yre Slind. Foto: NTB\n  <\/p>\n<p> TOBLACH \/ OSLO (Dagbladet): Det ble en jubeldag for Astrid \u00d8yre Slind (37) som var best p\u00e5 10 km klassisk i Italia.\u00a0<\/p>\n<p class=\"font-weight-bold m-font-weight-bold\" data-lab-font_weight=\"font-weight-bold\">\u00a0&#8211; Et fantoml\u00f8p, sa Viaplay-kommentator Jan Christian Bj\u00f8rn da 37-\u00e5ringen gikk i m\u00e5l.<\/p>\n<p class=\"font-weight-bold m-font-weight-bold\" data-lab-font_weight=\"font-weight-bold\">&#8211; Hun \u00e5pnet kontrollert og disponerte l\u00f8pet sitt til en seier ved \u00e5 \u00f8ke underveis, oppsumerte NRKs ekspertkommentator Fredrik Aukland. <\/p>\n<p class=\"font-weight-bold m-font-weight-bold\" data-lab-font_weight=\"font-weight-bold\"> Teresa Stadlober tok andreplassen og var sju sekunder bak \u00d8yre Slind, mens Jessie Diggins som ble nummer tre var 8,8 sekunder bak. <\/p>\n<p>&#8211; En smell<\/p>\n<p>        <img loading=\"lazy\" decoding=\"async\" src=\"https:\/\/www.europesays.com\/no\/wp-content\/uploads\/2025\/12\/84037676.webp.webp\" width=\"667\" height=\"381\" title=\"TAPTE MYE TID: Frida Karlsson. Foto: NTB\" alt=\"\" class=\"\" style=\"--aspect-ratio-image: 1.75; \"\/><\/p>\n<p>\n        TAPTE MYE TID: Frida Karlsson. Foto: NTB\n    <\/p>\n<p>Frida Karlsson imponerte fra start og var 23,3 sekunder foran Heidi Weng ved f\u00f8rste passering etter 2,1 kilometer.<\/p>\n<p>&#8211; Karlsson setter en helt ny standard. Kanon\u00e5pning, meldte Viaplays Niklas Dyrhaug.<\/p>\n<p>Halvveis hadde Astrid \u00d8yre Slind hentet inn svenskens forsprang og ledet plutselig med 12,7 sekunder.<\/p>\n<p>&#8211; Karlsson har g\u00e5tt p\u00e5 en reell smell. Hun \u00e5pnet fenomenalt, men har tapt masse i partiet til 6,7 kilometer, sa Aukland. <\/p>\n<p>Samme mann p\u00e5pekte at svenskene slet med feste.<\/p>\n<p class=\"font-weight-bold m-font-weight-bold\" data-lab-font_weight=\"font-weight-bold\">&#8211; Hva er det de har gjort med skiene sine i dag? Det skal ikke v\u00e6re mulig. Det er syv-\u00e5tte minusgrader i sn\u00f8en. Det er isklister og t\u00f8rr bl\u00e5boks. Det kan ikke v\u00e6re komplisert, kom det fra ekspertkommentatoren.<\/p>\n<p>I m\u00e5l hadde \u00d8yre Slind 35 sekunder ned til Karlsson, 41,5 sekunder til Moa Ilar og over 52 sekunder ned til Ebba Andersson.<\/p>\n<p>        <img loading=\"lazy\" decoding=\"async\" src=\"https:\/\/www.europesays.com\/no\/wp-content\/uploads\/2025\/12\/84037730.webp.webp\" width=\"980\" height=\"559\" title=\"SKUFFET: Svenske Johanna Hagstr\u00f6m i m\u00e5l etter en svak 33. plass p\u00e5 den svenske fiaskodagen i Toblach. Foto: Terje Pedersen \/ NTB\" alt=\"\" class=\"\" style=\"--aspect-ratio-image: 1.75; \"\/><\/p>\n<p>\n        SKUFFET: Svenske Johanna Hagstr\u00f6m i m\u00e5l etter en svak 33. plass p\u00e5 den svenske fiaskodagen i Toblach. Foto: Terje Pedersen \/ NTB\n    <\/p>\n<p>Til Aftonbladet forklarer Andersson og Karlsson:<\/p>\n<p>&#8211; Jeg f\u00f8lte at jeg ikke helt hadde det flytet jeg hadde trengt under skiene, og jeg hadde ikke det kruttet som hadde v\u00e6rt n\u00f8dvendig i bakkene, sier Andersson.<\/p>\n<p class=\"font-weight-bold m-font-weight-bold\" data-lab-font_weight=\"font-weight-bold\">&#8211; Det var litt junior-Frida-stil i dag. S\u00e5nn pleide jeg \u00e5 g\u00e5 f\u00f8r, n\u00e5r jeg bare \u00e5pnet for fullt, s\u00e5 nei, det var ikke et perfekt l\u00f8p, forteller Karlsson.<\/p>\n<p>Gikk p\u00e5 tryne\t<\/p>\n<p>Norske Julie Bjervig\u00a0Drivenes, som ble nummer elleve, falt for andre dag p\u00e5 rad.<\/p>\n<p>&#8211; To dager, to tryn. Det var selvforskyldt, ja. Jeg kom fra et omr\u00e5de uten spor. Jeg traff ikke, skulle ta stavtak og satte staven i skia eller mellom skiene. Da var det rett p\u00e5 magen, sier hun til Dagbladet.<\/p>\n<p>&#8211; Det var irriterende, i hvert fall at jeg falt. Vil tro jeg mistet minst fem sekunder med at jeg k\u00e5let og mistet fart. S\u00e5 kommer det at man blir stresset resten av l\u00f8ypa. Uansett et godt l\u00f8p.<\/p>\n<p>    Tour de Ski-program:<\/p>\n<ul>\n<li>31. desember: 5 km fristil\u00a0<\/li>\n<li>1. januar: 20 km klassisk jaktstart<\/li>\n<li>3. januar: Sprint klassisk i Val di Fiemme<\/li>\n<li>4. januar: 15 km fristil fellesstart opp Alpe Cermis<\/li>\n<\/ul>\n<p>      Vis mer<br \/>\n      Vis mindre<\/p>\n","protected":false},"excerpt":{"rendered":"Tour de Ski Astrid \u00d8yre Slind (37) vant kvinnenes 10 kilometer og tok sesongens f\u00f8rste seier i verdenscupen.&hellip;\n","protected":false},"author":2,"featured_media":123937,"comment_status":"","ping_status":"","sticky":false,"template":"","format":"standard","meta":{"footnotes":""},"categories":[59],"tags":[398,30,28,29,83,82,12662,399],"class_list":{"0":"post-123936","1":"post","2":"type-post","3":"status-publish","4":"format-standard","5":"has-post-thumbnail","7":"category-sport","8":"tag-langrenn","9":"tag-no","10":"tag-norge","11":"tag-norway","12":"tag-sport","13":"tag-sports","14":"tag-tour-de-ski","15":"tag-vintersport"},"share_on_mastodon":{"url":"https:\/\/pubeurope.com\/@no\/115803480585793661","error":""},"_links":{"self":[{"href":"https:\/\/www.europesays.com\/no\/wp-json\/wp\/v2\/posts\/123936","targetHints":{"allow":["GET"]}}],"collection":[{"href":"https:\/\/www.europesays.com\/no\/wp-json\/wp\/v2\/posts"}],"about":[{"href":"https:\/\/www.europesays.com\/no\/wp-json\/wp\/v2\/types\/post"}],"author":[{"embeddable":true,"href":"https:\/\/www.europesays.com\/no\/wp-json\/wp\/v2\/users\/2"}],"replies":[{"embeddable":true,"href":"https:\/\/www.europesays.com\/no\/wp-json\/wp\/v2\/comments?post=123936"}],"version-history":[{"count":0,"href":"https:\/\/www.europesays.com\/no\/wp-json\/wp\/v2\/posts\/123936\/revisions"}],"wp:featuredmedia":[{"embeddable":true,"href":"https:\/\/www.europesays.com\/no\/wp-json\/wp\/v2\/media\/123937"}],"wp:attachment":[{"href":"https:\/\/www.europesays.com\/no\/wp-json\/wp\/v2\/media?parent=123936"}],"wp:term":[{"taxonomy":"category","embeddable":true,"href":"https:\/\/www.europesays.com\/no\/wp-json\/wp\/v2\/categories?post=123936"},{"taxonomy":"post_tag","embeddable":true,"href":"https:\/\/www.europesays.com\/no\/wp-json\/wp\/v2\/tags?post=123936"}],"curies":[{"name":"wp","href":"https:\/\/api.w.org\/{rel}","templated":true}]}}