{"id":123943,"date":"2025-12-29T15:15:12","date_gmt":"2025-12-29T15:15:12","guid":{"rendered":"https:\/\/www.europesays.com\/no\/123943\/"},"modified":"2025-12-29T15:15:12","modified_gmt":"2025-12-29T15:15:12","slug":"slind-vant-etter-monsterlop-fadese-for-svenske-stjerner","status":"publish","type":"post","link":"https:\/\/www.europesays.com\/no\/123943\/","title":{"rendered":"Slind vant etter monsterl\u00f8p &#8211; fadese for svenske stjerner"},"content":{"rendered":"<p>Slind hadde gitt fra seg nesten ti sekunder til ledende Frida Karlsson etter to kilometer, men 37-\u00e5ringen fra Oppdal holdt hodet kaldt og leverte kruttsterkt da hun gikk inn til seier i Toblach.<\/p>\n<p class=\"bold m-bold\" data-lab-font_weight=\"bold\">\u2013\u00a0Det var kjempeartig. Det funka bra, b\u00e5de l\u00f8ype og f\u00f8re passet meg perfekt, s\u00e5 da er det godt \u00e5 st\u00e5 \u00f8verst, sier seierskvinnen til TV 2.<\/p>\n<p>Jessie Diggins og Teresa Stadlober viste begge gode takter i mandagens renn, men ingen av de to klarte \u00e5 sl\u00e5 Slinds sterke tid.<\/p>\n<p>\u2013\u00a0Fantastisk renn av Astrid, som endelig er tilbake i fjor\u00e5rsformen. Hun er s\u00e5 god i Toblach, der det er mye staking i slakt terreng. Der er hun overlegent best i verden, sier TV 2s langrennsekspert Petter Skinstad.<\/p>\n<p>        <img class=\"image__img lazyload\" itemprop=\"image\" title=\"Foto: Terje Pedersen \/ NTB\" alt=\"KUNNE JUBLE: Astrid \u00d8yre Slind. Foto: Terje Pedersen \/ NTB\" width=\"978\" height=\"551\" bad-src=\"https:\/\/www.europesays.com\/no\/wp-content\/uploads\/2025\/12\/18419154.webp.jpeg\" fetchpriority=\"auto\" \/><\/p>\n<p>      KUNNE JUBLE: Astrid \u00d8yre Slind.<br \/>\n         Foto: Terje Pedersen \/ NTB<\/p>\n<p>Karlsson \u00e5pnet fryktinngytende, men den 26 \u00e5r gamle svenske yndlingen fikk det t\u00f8ft utover i rennet. Hun ble til slutt tatt igjen av Slind.<\/p>\n<p>\u2013\u00a0Jeg tenkte f\u00f8rst at Frida hadde en god dag og at dette ble hardt, men jeg kjente at jeg hadde litt \u00e5 g\u00e5 p\u00e5. Da jeg s\u00e5 at jeg plutselig kom n\u00e6rmere hun fikk jeg los. Det er kjempeartig \u00e5 g\u00e5 forbi en s\u00e5 god skil\u00f8per, sier Slind.<\/p>\n<p>Landslagstrener Sjur Ole Svarstad lot seg imponere av Slind mandag.<\/p>\n<p>\u2013 Jeg hadde en god f\u00f8lelse i dag. Hun pleier \u00e5 v\u00e6re veldig sterk her, og hun leverer et perfekt skirenn. En ganske fornuftig \u00e5pning, men likevel innenfor rekkevidde. S\u00e5 knaller hun til, sier Svarstad til TV 2.<\/p>\n<p class=\"italic m-italic\" data-lab-italic=\"italic\">\u2013 Hva tenker du n\u00e5r du ser den avstanden opp til Frida tidlig der?<\/p>\n<p>\u2013 Da tenker jeg \u00e9n av to; Enten s\u00e5 har Frida en av dagene der hun vinner med 45 sekunder, eller s\u00e5 \u00e5pner hun for hardt. Hun kan gj\u00f8re begge deler.<\/p>\n<p>I m\u00e5l var Karlsson hele 35,7 sekunder bak Slind, og den svenske stjernen endte utenfor pallen.<\/p>\n<p>\u2013 Det var \u00abjunior-Frida\u00bb som var ute og gikk der i dag. Jeg \u00e5pnet s\u00e5 hardt som jeg har pleid \u00e5 gj\u00f8re f\u00f8r, s\u00e5 det var ikke noe perfekt l\u00f8p for min del, sier Karlsson til TV 2.<\/p>\n<p class=\"italic m-italic\" data-lab-italic=\"italic\">\u2013 Hvordan var skiene?<\/p>\n<p>\u2013 Vi f\u00e5r ta en vurdering p\u00e5 det sammen med (sm\u00f8re)teamet. Vi skal prate oss gjennom det.\u00a0<\/p>\n<p>        <img class=\"image__img lazyload\" itemprop=\"image\" title=\"Foto: Terje Pedersen \/ NTB\" alt=\"KLARTE IKKE \u00c5 F\u00d8LGE OPP PANGSTARTEN: Frida Karlsson endte langt bak Astrid \u00d8yre Slind mandag. Foto: Terje Pedersen \/ NTB\" width=\"675\" height=\"412\" bad-src=\"https:\/\/www.europesays.com\/no\/wp-content\/uploads\/2025\/12\/18419078.webp.jpeg\" fetchpriority=\"auto\" \/><\/p>\n<p>      KLARTE IKKE \u00c5 F\u00d8LGE OPP PANGSTARTEN: Frida Karlsson endte langt bak Astrid \u00d8yre Slind mandag.<br \/>\n         Foto: Terje Pedersen \/ NTB<\/p>\n<p>Heller ikke Ebba Andersson lyktes i Toblach mandag.<\/p>\n<p>\u2013 De sm\u00f8res nok en gang fullstendig bort i Toblach, er TV 2-ekspert Skinstads brutale dom over svenskene.<\/p>\n<p>\u2013\u00a0Jeg kan ikke fatte og begripe hvordan et s\u00e5 stort og tilsynetalende godt sm\u00f8reteamet nok en gang kan bomme med skiene, fortsetter Skinstad.<\/p>\n<p>Ogs\u00e5 for Heidi Weng ble det t\u00f8ft p\u00e5 det italienske f\u00f8ret. 34-\u00e5ringen l\u00e5 hele 23,3 sekunder bak ledende Karlsson etter 2,1 kilometer.<\/p>\n<p>Halvveis i rennet hadde avstanden til teten bikket halvminuttet, og i m\u00e5l var Weng 46,9 sekunder bak Slind.<\/p>\n<p>        <img class=\"image__img lazyload\" itemprop=\"image\" title=\"Foto: Terje Pedersen \/ NTB\" alt=\"ET STYKKE BAK SLIND: Heidi Weng. Foto: Terje Pedersen \/ NTB\" width=\"978\" height=\"551\" bad-src=\"https:\/\/www.europesays.com\/no\/wp-content\/uploads\/2025\/12\/18419126.webp.jpeg\" fetchpriority=\"auto\" \/><\/p>\n<p>      ET STYKKE BAK SLIND: Heidi Weng.<br \/>\n         Foto: Terje Pedersen \/ NTB<\/p>\n<p>\u2013 Det var helt greit. Jeg \u00e5pnet veldig sakte. Jeg synes jeg staker bra, s\u00e5 det var positivt. Jeg fikk utrolig \u00abhold\u00bb da det var to kilometer igjen. Det har aldri skjedd f\u00f8r. Det var vondt, sier Weng til TV 2.<\/p>\n<p class=\"italic m-italic\" data-lab-italic=\"italic\">\u2013 Hva tror du det kommer av?<\/p>\n<p>\u2013 Det vet jeg ikke, smiler 34-\u00e5ringen.<\/p>\n<p class=\"italic m-italic\" data-lab-italic=\"italic\">\u2013 Kan du pr\u00f8ve \u00e5 beskrive hvordan det kjennes ut?<\/p>\n<p>\u2013 Det var bedre enn fryktet. Jeg fikk ryggen til Jessie, og s\u00e5 gikk det egentlig ganske bra. S\u00e5 ble jeg litt ivrig og gikk forbi, og det burde jeg kanskje ikke gjort. Jeg burde spart kreftene. Det var veldig dumt.<\/p>\n<p>\u2013 Hun ser ut til \u00e5 f\u00e5 et greit\u00a0utgangspunkt for jaktstarten selv med et sv\u00e6rt skuffende renn i dag, sier Skinstad.<\/p>\n<p>Weng fikk en fryktelig start p\u00e5 Tour de Ski da hun r\u00f8k i prologen p\u00e5 sprinten. I intervjusonen etter fadesen var hun alt annet enn forn\u00f8yd:<\/p>\n<p>Kristine Stav\u00e5s Skistad vant s\u00f8ndagens \u00e5pningsetappe foran tyske Coletta Rydzek og svenske Maja Dahlqvist.<\/p>\n","protected":false},"excerpt":{"rendered":"Slind hadde gitt fra seg nesten ti sekunder til ledende Frida Karlsson etter to kilometer, men 37-\u00e5ringen fra&hellip;\n","protected":false},"author":2,"featured_media":123944,"comment_status":"","ping_status":"","sticky":false,"template":"","format":"standard","meta":{"footnotes":""},"categories":[5],"tags":[20,21,24,25,15,19,22,23,17,18,13,30,28,29,14,16,26,27],"class_list":{"0":"post-123943","1":"post","2":"type-post","3":"status-publish","4":"format-standard","5":"has-post-thumbnail","7":"category-overskrifter","8":"tag-breaking-news","9":"tag-breakingnews","10":"tag-featured-news","11":"tag-featurednews","12":"tag-headlines","13":"tag-hovedoppslag","14":"tag-latest-news","15":"tag-latestnews","16":"tag-main-news","17":"tag-mainnews","18":"tag-news","19":"tag-no","20":"tag-norge","21":"tag-norway","22":"tag-nyheter","23":"tag-overskrifter","24":"tag-top-stories","25":"tag-topstories"},"share_on_mastodon":{"url":"https:\/\/pubeurope.com\/@no\/115803516117764452","error":""},"_links":{"self":[{"href":"https:\/\/www.europesays.com\/no\/wp-json\/wp\/v2\/posts\/123943","targetHints":{"allow":["GET"]}}],"collection":[{"href":"https:\/\/www.europesays.com\/no\/wp-json\/wp\/v2\/posts"}],"about":[{"href":"https:\/\/www.europesays.com\/no\/wp-json\/wp\/v2\/types\/post"}],"author":[{"embeddable":true,"href":"https:\/\/www.europesays.com\/no\/wp-json\/wp\/v2\/users\/2"}],"replies":[{"embeddable":true,"href":"https:\/\/www.europesays.com\/no\/wp-json\/wp\/v2\/comments?post=123943"}],"version-history":[{"count":0,"href":"https:\/\/www.europesays.com\/no\/wp-json\/wp\/v2\/posts\/123943\/revisions"}],"wp:featuredmedia":[{"embeddable":true,"href":"https:\/\/www.europesays.com\/no\/wp-json\/wp\/v2\/media\/123944"}],"wp:attachment":[{"href":"https:\/\/www.europesays.com\/no\/wp-json\/wp\/v2\/media?parent=123943"}],"wp:term":[{"taxonomy":"category","embeddable":true,"href":"https:\/\/www.europesays.com\/no\/wp-json\/wp\/v2\/categories?post=123943"},{"taxonomy":"post_tag","embeddable":true,"href":"https:\/\/www.europesays.com\/no\/wp-json\/wp\/v2\/tags?post=123943"}],"curies":[{"name":"wp","href":"https:\/\/api.w.org\/{rel}","templated":true}]}}