{"id":123953,"date":"2025-12-29T15:24:08","date_gmt":"2025-12-29T15:24:08","guid":{"rendered":"https:\/\/www.europesays.com\/no\/123953\/"},"modified":"2025-12-29T15:24:08","modified_gmt":"2025-12-29T15:24:08","slug":"nyheter-nes-forsokte-a-bryte-seg-inn-romerikes-blad","status":"publish","type":"post","link":"https:\/\/www.europesays.com\/no\/123953\/","title":{"rendered":"Nyheter, Nes | Fors\u00f8kte \u00e5 bryte seg inn &#8211; Romerikes Blad"},"content":{"rendered":"<ol>\n<li><a href=\"https:\/\/news.google.com\/rss\/articles\/CBMiaEFVX3lxTE9NazRTZVlPSzdXa0VwMjVYVEkzOGxkdm5PSGJkRU45NVhFNUNsci03TEdkc2pTcXRES0pla3lHZlJNdWxkNnU2WC1DeTJWT1JHWGhzaVFQS21TYnpPRjJtYUxpUnZHNG5T?oc=5\" target=\"_blank\" rel=\"nofollow noopener\">Nyheter, Nes | Fors\u00f8kte \u00e5 bryte seg inn<\/a>&nbsp;&nbsp;Romerikes Blad<\/li>\n<li><a href=\"https:\/\/news.google.com\/rss\/articles\/CBMihwFBVV95cUxOV3FzS24xbG45ZHgtQzVXakMxdDdoU3JqeDIzMGtid3ZHTFdKanU3RDlNd1h1NWktbFR5ZnRmUUZfRnZ6VDJkYlQ5WGpoMjNBVWJmYWxNRWhtV3pZTzRtVThSLXhfUS1YOVdReTByVG9MbElJN3VSWjhyOGU4ejhzc0diQ0xweE0?oc=5\" target=\"_blank\" rel=\"nofollow noopener\">Larvik, Ulykker og hendelser | Stjal verdier til 150.000 kroner: \u2013 Jeg fikk sjokk<\/a>&nbsp;&nbsp;\u00d8stlands-Posten<\/li>\n<li><a href=\"https:\/\/news.google.com\/rss\/articles\/CBMiekFVX3lxTE5YbURPTUNMQk5neWhJZ2hVdFdiTXIzdDQ0UVpFOS14WHZQSkVVQmFQTDRwWkRla05qcjlELTd0S2s2T2lFZVp1Q04wRldnWkpFWjJMN1pjTHJ1eVdUOVdNOFlYU2p1cWlPaEktZkw5WXJMQXF3STFHZXd3?oc=5\" target=\"_blank\" rel=\"nofollow noopener\">Nyheter, \u00c5rnes | Her fors\u00f8kte tyvene \u00e5 ta seg inn<\/a>&nbsp;&nbsp;Raumnes<\/li>\n<li><a href=\"https:\/\/news.google.com\/rss\/articles\/CBMijAFBVV95cUxQaDZIbk00SHJwbGlOY1NJbkYwaDFza1JuNGxzN3M0aVA3MlRpa3pEbTdNbWRlTEFmNUVocmNZREdZb3NpMkt2dEY0YmFfczNZbzVpZEhxY1ZKdFJLbGFiQ3pNaVRWbnNodzJKbHhzS3dOYS1xTzB4QzQzOFBwclVla2FuSXZZSi16R2NHNA?oc=5\" target=\"_blank\" rel=\"nofollow noopener\">(+) Fyrverkeri-tyver p\u00e5 ferde i Larvik<\/a>&nbsp;&nbsp;altaposten.no<\/li>\n<li><a href=\"https:\/\/news.google.com\/rss\/articles\/CBMihgFBVV95cUxNc0lDRk94UUxLUkdFeVo1b1FFb2Q2MmdfV2hMRDJ6NmJmcmZTVmxYTm5TbWltWEhPaUZMTVdBdTFCaEI2alo4OXVEeEFpZzd4a1JWTjZqZlo0b2dmSEtLRmNOUTgyMlRaSVFjZ3JteWV6LWdNVVZWZTVkVXVSby1lWUo3TFB4UQ?oc=5\" target=\"_blank\" rel=\"nofollow noopener\">Ulykker og hendelser, Halsen og Tj\u00f8lling | Observerte innbrudd \u2013 politiet manglet ressurser<\/a>&nbsp;&nbsp;\u00d8stlands-Posten<\/li>\n<\/ol>\n","protected":false},"excerpt":{"rendered":"Nyheter, Nes | Fors\u00f8kte \u00e5 bryte seg inn&nbsp;&nbsp;Romerikes Blad Larvik, Ulykker og hendelser | Stjal verdier til 150.000&hellip;\n","protected":false},"author":2,"featured_media":123954,"comment_status":"","ping_status":"","sticky":false,"template":"","format":"standard","meta":{"footnotes":""},"categories":[10],"tags":[20,21,24,25,15,22,23,13,30,28,29,14,16,26,27],"class_list":{"0":"post-123953","1":"post","2":"type-post","3":"status-publish","4":"format-standard","5":"has-post-thumbnail","7":"category-norge","8":"tag-breaking-news","9":"tag-breakingnews","10":"tag-featured-news","11":"tag-featurednews","12":"tag-headlines","13":"tag-latest-news","14":"tag-latestnews","15":"tag-news","16":"tag-no","17":"tag-norge","18":"tag-norway","19":"tag-nyheter","20":"tag-overskrifter","21":"tag-top-stories","22":"tag-topstories"},"share_on_mastodon":{"url":"https:\/\/pubeurope.com\/@no\/115803551442069609","error":""},"_links":{"self":[{"href":"https:\/\/www.europesays.com\/no\/wp-json\/wp\/v2\/posts\/123953","targetHints":{"allow":["GET"]}}],"collection":[{"href":"https:\/\/www.europesays.com\/no\/wp-json\/wp\/v2\/posts"}],"about":[{"href":"https:\/\/www.europesays.com\/no\/wp-json\/wp\/v2\/types\/post"}],"author":[{"embeddable":true,"href":"https:\/\/www.europesays.com\/no\/wp-json\/wp\/v2\/users\/2"}],"replies":[{"embeddable":true,"href":"https:\/\/www.europesays.com\/no\/wp-json\/wp\/v2\/comments?post=123953"}],"version-history":[{"count":0,"href":"https:\/\/www.europesays.com\/no\/wp-json\/wp\/v2\/posts\/123953\/revisions"}],"wp:featuredmedia":[{"embeddable":true,"href":"https:\/\/www.europesays.com\/no\/wp-json\/wp\/v2\/media\/123954"}],"wp:attachment":[{"href":"https:\/\/www.europesays.com\/no\/wp-json\/wp\/v2\/media?parent=123953"}],"wp:term":[{"taxonomy":"category","embeddable":true,"href":"https:\/\/www.europesays.com\/no\/wp-json\/wp\/v2\/categories?post=123953"},{"taxonomy":"post_tag","embeddable":true,"href":"https:\/\/www.europesays.com\/no\/wp-json\/wp\/v2\/tags?post=123953"}],"curies":[{"name":"wp","href":"https:\/\/api.w.org\/{rel}","templated":true}]}}