{"id":123955,"date":"2025-12-29T15:25:09","date_gmt":"2025-12-29T15:25:09","guid":{"rendered":"https:\/\/www.europesays.com\/no\/123955\/"},"modified":"2025-12-29T15:25:09","modified_gmt":"2025-12-29T15:25:09","slug":"trailer-i-trobbel-svaert-glatt-pa-stedet-adressa-no","status":"publish","type":"post","link":"https:\/\/www.europesays.com\/no\/123955\/","title":{"rendered":"Trailer i tr\u00f8bbel: &#8211; Sv\u00e6rt glatt p\u00e5 stedet &#8211; adressa.no"},"content":{"rendered":"<ol>\n<li><a href=\"https:\/\/news.google.com\/rss\/articles\/CBMikAFBVV95cUxQQTU0b1pvci1uZUdDenJhcGtpVVJnc0VWZlExYWJMNmYtdzU0djUtQTg0cUw5OXZqbEpYUmJqcGUza2gyQ1VfQTg1VHNVWUxGU25IYXlRMG5UYlFUUlg5Q0FNTG1xOE9mcWhRa19yVFpzVkRTU3VxYzdZbnh6NUxhTlJNWWpTTUJjS25JbHRxc0Q?oc=5\" target=\"_blank\" rel=\"nofollow noopener\">Trailer i tr\u00f8bbel: &#8211; Sv\u00e6rt glatt p\u00e5 stedet<\/a>&nbsp;&nbsp;adressa.no<\/li>\n<li><a href=\"https:\/\/news.google.com\/rss\/articles\/CBMingFBVV95cUxNejJac19FODRyUEV3Z01rMWN0ZG5CWXluQWR2UERqUEh5LTFvajBYcXNkcHZUUURZNDYzclpzWGRtUGt3VVBNdEMzRUpuRUR3RUhsZDBCYWlneXZXZ2prSnJDbm1sbVNHeG1pbzFDcEZoZU0xaUxyUHczcW0tb0hXRjYwckhQNjRhUXh2eGlUUnJ1UjY1N25QbDl2UE41Zw?oc=5\" target=\"_blank\" rel=\"nofollow noopener\">Flere utfor\u00adkj\u00f8ringer i Tr\u00f8ndelag: \u2013 Det er d\u00e5rlig sikt mange steder<\/a>&nbsp;&nbsp;adressa.no<\/li>\n<li><a href=\"https:\/\/news.google.com\/rss\/articles\/CBMihAFBVV95cUxPNjRNaUVPR0U4MGxkdFBvM2lPTjNiclZTeGlucE1kMWpHMXZOcFk0SFZTMnk1OVZHWXJkcmFiR3hGZ1l4aUdJRWhfWHQ2N1dTRDg2aU9ET29uVmlBTUNCdTZnazR5V0lJQlFINmRTdk5ZT3RKRERuYU9mS3RuOHEtYjlQbWs?oc=5\" target=\"_blank\" rel=\"nofollow noopener\">Trafikk, R\u00f8ros | Melder om trafikkulykke: \u2013 Sv\u00e6rt d\u00e5rlig sikt<\/a>&nbsp;&nbsp;Arbeidets Rett<\/li>\n<li><a href=\"https:\/\/news.google.com\/rss\/articles\/CBMijAFBVV95cUxNWGE0R2NzRUhYZGNFMTVBd0ZkUzg4eFRCVjB5MTVWUGlPMnZ5TTVzWmQwOE1PQTVoeFRxUWZIRmlXa2pwYVFnMENWSnllbmhPM0g1WkZOMlhmc21UU2NSSzk1d2VhUkVKRVU4b1k1cXJYUEcydjk5ZzNfTnp2T1A5TlpCZ1R2WnVLT2l4TA?oc=5\" target=\"_blank\" rel=\"nofollow noopener\">(+) Bil inn i br\u00f8ytekant<\/a>&nbsp;&nbsp;Fjell-Ljom<\/li>\n<li><a href=\"https:\/\/news.google.com\/rss\/articles\/CBMiiAFBVV95cUxPa0djOGZwMW1ibVlvRHpIbnZqTXBMSzc0TXRsbHk5RHktSzVBT0pBNDAzTG0yNk8tWFdYaDlDUWVid3BCc0VnT015NUNfR2g5eHZfRUI5X1hsVFFYbFFQYll3Z1YtN1RZSmFuRDN1a01RVUFFZG1pcmJtZ051THB3dWk5SDR2MEZl?oc=5\" target=\"_blank\" rel=\"nofollow noopener\">Utforkj\u00f8ring i Inder\u00f8y: &#8211; Sv\u00e6rt glatt<\/a>&nbsp;&nbsp;steinkjer24.no<\/li>\n<\/ol>\n","protected":false},"excerpt":{"rendered":"Trailer i tr\u00f8bbel: &#8211; Sv\u00e6rt glatt p\u00e5 stedet&nbsp;&nbsp;adressa.no Flere utfor\u00adkj\u00f8ringer i Tr\u00f8ndelag: \u2013 Det er d\u00e5rlig sikt mange&hellip;\n","protected":false},"author":2,"featured_media":8891,"comment_status":"","ping_status":"","sticky":false,"template":"","format":"standard","meta":{"footnotes":""},"categories":[5],"tags":[20,21,24,25,15,19,22,23,17,18,13,30,28,29,14,16,26,27],"class_list":{"0":"post-123955","1":"post","2":"type-post","3":"status-publish","4":"format-standard","5":"has-post-thumbnail","7":"category-overskrifter","8":"tag-breaking-news","9":"tag-breakingnews","10":"tag-featured-news","11":"tag-featurednews","12":"tag-headlines","13":"tag-hovedoppslag","14":"tag-latest-news","15":"tag-latestnews","16":"tag-main-news","17":"tag-mainnews","18":"tag-news","19":"tag-no","20":"tag-norge","21":"tag-norway","22":"tag-nyheter","23":"tag-overskrifter","24":"tag-top-stories","25":"tag-topstories"},"share_on_mastodon":{"url":"https:\/\/pubeurope.com\/@no\/115803557425316700","error":""},"_links":{"self":[{"href":"https:\/\/www.europesays.com\/no\/wp-json\/wp\/v2\/posts\/123955","targetHints":{"allow":["GET"]}}],"collection":[{"href":"https:\/\/www.europesays.com\/no\/wp-json\/wp\/v2\/posts"}],"about":[{"href":"https:\/\/www.europesays.com\/no\/wp-json\/wp\/v2\/types\/post"}],"author":[{"embeddable":true,"href":"https:\/\/www.europesays.com\/no\/wp-json\/wp\/v2\/users\/2"}],"replies":[{"embeddable":true,"href":"https:\/\/www.europesays.com\/no\/wp-json\/wp\/v2\/comments?post=123955"}],"version-history":[{"count":0,"href":"https:\/\/www.europesays.com\/no\/wp-json\/wp\/v2\/posts\/123955\/revisions"}],"wp:featuredmedia":[{"embeddable":true,"href":"https:\/\/www.europesays.com\/no\/wp-json\/wp\/v2\/media\/8891"}],"wp:attachment":[{"href":"https:\/\/www.europesays.com\/no\/wp-json\/wp\/v2\/media?parent=123955"}],"wp:term":[{"taxonomy":"category","embeddable":true,"href":"https:\/\/www.europesays.com\/no\/wp-json\/wp\/v2\/categories?post=123955"},{"taxonomy":"post_tag","embeddable":true,"href":"https:\/\/www.europesays.com\/no\/wp-json\/wp\/v2\/tags?post=123955"}],"curies":[{"name":"wp","href":"https:\/\/api.w.org\/{rel}","templated":true}]}}