{"id":123958,"date":"2025-12-29T15:38:07","date_gmt":"2025-12-29T15:38:07","guid":{"rendered":"https:\/\/www.europesays.com\/no\/123958\/"},"modified":"2025-12-29T15:38:07","modified_gmt":"2025-12-29T15:38:07","slug":"ulykke-e6-alvorlig-ulykke-pa-e6-veien-er-stengt","status":"publish","type":"post","link":"https:\/\/www.europesays.com\/no\/123958\/","title":{"rendered":"Ulykke, E6 | Alvorlig ulykke p\u00e5 E6 \u2013 veien er stengt"},"content":{"rendered":"\n<p>Politiet i Innlandet melder om en alvorlig trafikkulykke p\u00e5 E6 s\u00f8r for Domb\u00e5s.<\/p>\n<p>\u2013 De f\u00f8rste meldingene er at tre biler er involvert, og at alle involverte er ved bevissthet. N\u00f8detatene er akkurat kommet fram, sier oppdragsleder Ina Hjelsvold ved politiets operasjonssentral til GD klokka 14.40.<\/p>\n<p>Samme avis har f\u00e5tt tips om at det er sn\u00f8fokk og d\u00e5rlig sikt p\u00e5 stedet.<\/p>\n<p>If\u00f8lge Vegtrafikksentralen er veien stengt forbi ulykkesstedet.<\/p>\n<p>En av de tre involverte bilene har havnet p\u00e5 siden i gr\u00f8fta, og det er k\u00f8 i begge retninger, skriver Nettavisen.<\/p>\n<p>To av de involverte er kj\u00f8rt til traumemottak, mens fire blir sendt til legevakt og sykehus.<\/p>\n<p>\u2013 Skadegrad har jeg ikke informasjon p\u00e5, men samtlige er ved bevissthet, sier operasjonsleder Haagen L\u00f8vseth til GD over 15.30.<\/p>\n<p>Klokka 16.10 opplyser politiet at stedet ryddet og veien er \u00e5pen.<\/p>\n<p><b>Slik beskriver politiet hendelsesforl\u00f8pet:<\/b><\/p>\n<p>\u2013 Flere biler i k\u00f8. F\u00f8rste bil bremser opp fordi en bil foran skal svinge av. P\u00e5f\u00f8lgende p\u00e5kj\u00f8rsler bakfra, samt at en bil svinger over i motg\u00e5ende og treffer en bil. Totalt fire biler med skade. Totalt syv personer.<\/p>\n","protected":false},"excerpt":{"rendered":"Politiet i Innlandet melder om en alvorlig trafikkulykke p\u00e5 E6 s\u00f8r for Domb\u00e5s. \u2013 De f\u00f8rste meldingene er&hellip;\n","protected":false},"author":2,"featured_media":123959,"comment_status":"","ping_status":"","sticky":false,"template":"","format":"standard","meta":{"footnotes":""},"categories":[10],"tags":[36,20,21,834,24,25,15,813,22,23,13,30,28,29,14,16,1510,26,27,51],"class_list":{"0":"post-123958","1":"post","2":"type-post","3":"status-publish","4":"format-standard","5":"has-post-thumbnail","7":"category-norge","8":"tag-art","9":"tag-breaking-news","10":"tag-breakingnews","11":"tag-e6","12":"tag-featured-news","13":"tag-featurednews","14":"tag-headlines","15":"tag-innlandet","16":"tag-latest-news","17":"tag-latestnews","18":"tag-news","19":"tag-no","20":"tag-norge","21":"tag-norway","22":"tag-nyheter","23":"tag-overskrifter","24":"tag-story","25":"tag-top-stories","26":"tag-topstories","27":"tag-ulykke"},"share_on_mastodon":{"url":"https:\/\/pubeurope.com\/@no\/115803606662211867","error":""},"_links":{"self":[{"href":"https:\/\/www.europesays.com\/no\/wp-json\/wp\/v2\/posts\/123958","targetHints":{"allow":["GET"]}}],"collection":[{"href":"https:\/\/www.europesays.com\/no\/wp-json\/wp\/v2\/posts"}],"about":[{"href":"https:\/\/www.europesays.com\/no\/wp-json\/wp\/v2\/types\/post"}],"author":[{"embeddable":true,"href":"https:\/\/www.europesays.com\/no\/wp-json\/wp\/v2\/users\/2"}],"replies":[{"embeddable":true,"href":"https:\/\/www.europesays.com\/no\/wp-json\/wp\/v2\/comments?post=123958"}],"version-history":[{"count":0,"href":"https:\/\/www.europesays.com\/no\/wp-json\/wp\/v2\/posts\/123958\/revisions"}],"wp:featuredmedia":[{"embeddable":true,"href":"https:\/\/www.europesays.com\/no\/wp-json\/wp\/v2\/media\/123959"}],"wp:attachment":[{"href":"https:\/\/www.europesays.com\/no\/wp-json\/wp\/v2\/media?parent=123958"}],"wp:term":[{"taxonomy":"category","embeddable":true,"href":"https:\/\/www.europesays.com\/no\/wp-json\/wp\/v2\/categories?post=123958"},{"taxonomy":"post_tag","embeddable":true,"href":"https:\/\/www.europesays.com\/no\/wp-json\/wp\/v2\/tags?post=123958"}],"curies":[{"name":"wp","href":"https:\/\/api.w.org\/{rel}","templated":true}]}}