{"id":123960,"date":"2025-12-29T15:39:15","date_gmt":"2025-12-29T15:39:15","guid":{"rendered":"https:\/\/www.europesays.com\/no\/123960\/"},"modified":"2025-12-29T15:39:15","modified_gmt":"2025-12-29T15:39:15","slug":"rystet-over-svar-slik-kan-vi-ikke-holde-pa","status":"publish","type":"post","link":"https:\/\/www.europesays.com\/no\/123960\/","title":{"rendered":"Rystet over svar: &#8211; Slik kan vi ikke holde p\u00e5"},"content":{"rendered":"<p>P\u00e5 julaften kom opplysningen fra Norges Skiskytterforbund:<\/p>\n<p>Sivert Guttorm Bakken ble funnet d\u00f8d <a href=\"https:\/\/www.tv2.no\/sport\/ble-funnet-med-hoydemaske\/18411284\/\" rel=\"nofollow noopener\" target=\"_blank\">med en h\u00f8ydemaske p\u00e5 seg<\/a>. D\u00f8ds\u00e5rsaken er forel\u00f8pig ikke kjent.<\/p>\n<p>To dager senere valgte Olympiatoppen \u00e5 <a href=\"https:\/\/www.tv2.no\/sport\/olympiatoppen-stanser-bruk-av-simulert-hoyde\/18413418\/\" rel=\"nofollow noopener\" target=\"_blank\">stanse bruken av simulert h\u00f8yde.<\/a><\/p>\n<p>\u2013 Vi vet veldig lite om maskebruk. N\u00e5 fors\u00f8ker vi \u00e5 finne ut hvordan bruken har v\u00e6rt og hvordan masken er blitt brukt, sa toppidrettssjef Tore \u00d8vreb\u00f8 til TV 2.<\/p>\n<p>Reagerer<\/p>\n<p>Uttalelsen f\u00e5r TV 2s langrennsekspert Petter Soleng Skinstad til \u00e5 reagere kraftig.\u00a0<\/p>\n<p>Han stiller sp\u00f8rsm\u00e5l ved hvordan Olympiatoppen kan ha hatt s\u00e5 begrenset oversikt over praksisen.<\/p>\n<p>\u2013 At Olympiatoppen hevder \u00e5 ha visst veldig lite om maskebruk og at de n\u00e5 f\u00f8rst skal finne ut hvordan bruken har v\u00e6rt, synes jeg er mildt sagt oppsiktsvekkende, sier han.<\/p>\n<p>Skinstad peker p\u00e5 at regelverket i norsk idrett er tydelig n\u00e5r det gjelder bruk av simulert h\u00f8yde.\u00a0<\/p>\n<p>\u2013 Norsk idretts egne regler knyttet til simulert h\u00f8yde sier at denne typen aktivitet skal gj\u00f8res i samr\u00e5d med nettopp Olympiatoppen og at forbundet skal melde inn bruken av denne typen hjelpemidler.<\/p>\n<p>Og det er ikke bare Olympiatoppen som f\u00e5r kritikk.<\/p>\n<p>        <img class=\"image__img lazyload\" itemprop=\"image\" title=\"Foto: Yngve Sem Pedersen \/ TV 2\" alt=\"LAVAZ\u00c8: Hotellet der Sivert Guttorm Bakken d\u00f8de. Foto: Yngve Sem Pedersen \/ TV 2\" width=\"978\" height=\"551\" bad-src=\"https:\/\/www.europesays.com\/no\/wp-content\/uploads\/2025\/12\/18418608.webp.jpeg\" fetchpriority=\"auto\" \/><\/p>\n<p>      LAVAZ\u00c8: Hotellet der Sivert Guttorm Bakken d\u00f8de.<br \/>\n         Foto: Yngve Sem Pedersen \/ TV 2<\/p>\n<p>Klar beskjed<\/p>\n<p>Skinstad understreker at det fortsatt er altfor tidlig \u00e5 trekke konklusjoner om en eventuell sammenheng mellom maskebruken og d\u00f8dsfallet, men mener saken likevel avdekker alvorlige svakheter.<\/p>\n<p>\u2013 Uavhengig av om maskebruken kan knyttes til dette tragiske d\u00f8dsfallet eller ikke, noe som er altfor tidlig \u00e5 si, s\u00e5 avsl\u00f8rer dette at det her har foreg\u00e5tt ting som b\u00e5de Olympiatoppen og skiskytterforbundet burde visst om, sier han.<\/p>\n<p>Han mener dette i seg selv gir grunnlag for videre unders\u00f8kelser.<\/p>\n<p>\u2013 Det i seg selv gir grunnlag for videre unders\u00f8kelser og diskusjoner, for her har det \u00e5penbart foreg\u00e5tt ting som b\u00e5de den sentrale ledelsen i Olympiatoppen og forbundet burde v\u00e6rt informert om. Slik kan vi ikke holde p\u00e5 i norsk toppidrett.<\/p>\n<p>        <img class=\"image__img lazyload\" itemprop=\"image\" title=\"Foto: Yngve Sem Pedersen \/ TV 2\" alt=\"ETTERFORSKES: D\u00f8dsfallet til Sivert Guttorm Bakken. Foto: Yngve Sem Pedersen \/ TV 2\" width=\"978\" height=\"551\" bad-src=\"https:\/\/www.europesays.com\/no\/wp-content\/uploads\/2025\/12\/18418610.webp.jpeg\" fetchpriority=\"auto\" \/><\/p>\n<p>      ETTERFORSKES: D\u00f8dsfallet til Sivert Guttorm Bakken.<br \/>\n         Foto: Yngve Sem Pedersen \/ TV 2<\/p>\n<p>Da TV 2 konfronterte toppidrettssjef Tore \u00d8vreb\u00f8 med kritikken noen dager senere, svarte han f\u00f8lgende i en tekstmelding:<\/p>\n<p class=\"bold m-bold\" data-lab-font_weight=\"bold\">\u00abVi f\u00e5r vente med \u00e5 konkludere til fakta er avdekket.\u00bb<\/p>\n<p>\u2013 Ikke i strid med regelverket<\/p>\n<p>Emilie Nordskar,\u00a0konstituert generalsekret\u00e6r i Norges Skiskytterforbund, er forelagt utspillet til Skinstad, men har ikke besvart TV 2s sp\u00f8rsm\u00e5l i saken.\u00a0<\/p>\n<p>Hun har tidligere skrevet f\u00f8lgende til TV 2:<\/p>\n<p class=\"italic m-italic\" data-lab-italic=\"italic\">\u00abNorges Skiskytterforbunds hovedfokus i denne tunge perioden har v\u00e6rt \u00e5 ivareta de som er direkte ber\u00f8rt av Bakkens bortgang, og dette vil selvf\u00f8lgelig ogs\u00e5 v\u00e6re v\u00e5rt viktigste fokus i tiden fremover. Dette er en dypt tragisk situasjon som preger hele skiskytter-Norge.\u00a0<\/p>\n<p class=\"italic m-italic\" data-lab-italic=\"italic\">Det er reist en rekke sp\u00f8rsm\u00e5l knyttet til bruk av h\u00f8ydetelt og h\u00f8ydemasker blant v\u00e5re ut\u00f8vere.\u00a0<\/p>\n<p class=\"italic m-italic\" data-lab-italic=\"italic\">Bruken av slikt utstyr inng\u00e5r ikke i Norges Skiskytterforbunds organiserte treningstilbud. Vi er allikevel kjent med at noen f\u00e5 enkeltut\u00f8vere har skaffet seg slikt utstyr. Eventuell bruk skal skje i tr\u00e5d med Olympiatoppens retningslinjer. Slik bruk er ikke i strid med norsk idretts regelverk.\u00bb<\/p>\n","protected":false},"excerpt":{"rendered":"P\u00e5 julaften kom opplysningen fra Norges Skiskytterforbund: Sivert Guttorm Bakken ble funnet d\u00f8d med en h\u00f8ydemaske p\u00e5 seg.&hellip;\n","protected":false},"author":2,"featured_media":123961,"comment_status":"","ping_status":"","sticky":false,"template":"","format":"standard","meta":{"footnotes":""},"categories":[5],"tags":[20,21,24,25,15,19,22,23,17,18,13,30,28,29,14,16,26,27],"class_list":{"0":"post-123960","1":"post","2":"type-post","3":"status-publish","4":"format-standard","5":"has-post-thumbnail","7":"category-overskrifter","8":"tag-breaking-news","9":"tag-breakingnews","10":"tag-featured-news","11":"tag-featurednews","12":"tag-headlines","13":"tag-hovedoppslag","14":"tag-latest-news","15":"tag-latestnews","16":"tag-main-news","17":"tag-mainnews","18":"tag-news","19":"tag-no","20":"tag-norge","21":"tag-norway","22":"tag-nyheter","23":"tag-overskrifter","24":"tag-top-stories","25":"tag-topstories"},"share_on_mastodon":{"url":"https:\/\/pubeurope.com\/@no\/115803610388179933","error":""},"_links":{"self":[{"href":"https:\/\/www.europesays.com\/no\/wp-json\/wp\/v2\/posts\/123960","targetHints":{"allow":["GET"]}}],"collection":[{"href":"https:\/\/www.europesays.com\/no\/wp-json\/wp\/v2\/posts"}],"about":[{"href":"https:\/\/www.europesays.com\/no\/wp-json\/wp\/v2\/types\/post"}],"author":[{"embeddable":true,"href":"https:\/\/www.europesays.com\/no\/wp-json\/wp\/v2\/users\/2"}],"replies":[{"embeddable":true,"href":"https:\/\/www.europesays.com\/no\/wp-json\/wp\/v2\/comments?post=123960"}],"version-history":[{"count":0,"href":"https:\/\/www.europesays.com\/no\/wp-json\/wp\/v2\/posts\/123960\/revisions"}],"wp:featuredmedia":[{"embeddable":true,"href":"https:\/\/www.europesays.com\/no\/wp-json\/wp\/v2\/media\/123961"}],"wp:attachment":[{"href":"https:\/\/www.europesays.com\/no\/wp-json\/wp\/v2\/media?parent=123960"}],"wp:term":[{"taxonomy":"category","embeddable":true,"href":"https:\/\/www.europesays.com\/no\/wp-json\/wp\/v2\/categories?post=123960"},{"taxonomy":"post_tag","embeddable":true,"href":"https:\/\/www.europesays.com\/no\/wp-json\/wp\/v2\/tags?post=123960"}],"curies":[{"name":"wp","href":"https:\/\/api.w.org\/{rel}","templated":true}]}}