{"id":123968,"date":"2025-12-29T15:46:07","date_gmt":"2025-12-29T15:46:07","guid":{"rendered":"https:\/\/www.europesays.com\/no\/123968\/"},"modified":"2025-12-29T15:46:07","modified_gmt":"2025-12-29T15:46:07","slug":"fant-dod-person-etter-brann-i-bobil","status":"publish","type":"post","link":"https:\/\/www.europesays.com\/no\/123968\/","title":{"rendered":"Fant d\u00f8d person etter brann i bobil"},"content":{"rendered":"<p>Politiet fikk melding om brann i en bobil klokken 09.25 mandag morgen. Bobilen brant helt ned, og det ble funnet en d\u00f8d person p\u00e5 stedet.<\/p>\n<p>\u00abDet jobbes n\u00e5 med \u00e5 f\u00e5 identifisert vedkommende, som vil bli obdusert. Kj\u00f8ret\u00f8yet ser ut til \u00e5 v\u00e6re registrert i utlandet, og politiet jobber videre med \u00e5 f\u00e5 avklart sikker registrering p\u00e5 dette.\u00bb, skriver politiadvokat Eirik Magnus Blomli i en pressemelding.<\/p>\n","protected":false},"excerpt":{"rendered":"Politiet fikk melding om brann i en bobil klokken 09.25 mandag morgen. Bobilen brant helt ned, og det&hellip;\n","protected":false},"author":2,"featured_media":16542,"comment_status":"","ping_status":"","sticky":false,"template":"","format":"standard","meta":{"footnotes":""},"categories":[5],"tags":[20,21,24,25,15,19,22,23,17,18,13,30,28,29,14,16,26,27],"class_list":{"0":"post-123968","1":"post","2":"type-post","3":"status-publish","4":"format-standard","5":"has-post-thumbnail","7":"category-overskrifter","8":"tag-breaking-news","9":"tag-breakingnews","10":"tag-featured-news","11":"tag-featurednews","12":"tag-headlines","13":"tag-hovedoppslag","14":"tag-latest-news","15":"tag-latestnews","16":"tag-main-news","17":"tag-mainnews","18":"tag-news","19":"tag-no","20":"tag-norge","21":"tag-norway","22":"tag-nyheter","23":"tag-overskrifter","24":"tag-top-stories","25":"tag-topstories"},"share_on_mastodon":{"url":"https:\/\/pubeurope.com\/@no\/115803637870327282","error":""},"_links":{"self":[{"href":"https:\/\/www.europesays.com\/no\/wp-json\/wp\/v2\/posts\/123968","targetHints":{"allow":["GET"]}}],"collection":[{"href":"https:\/\/www.europesays.com\/no\/wp-json\/wp\/v2\/posts"}],"about":[{"href":"https:\/\/www.europesays.com\/no\/wp-json\/wp\/v2\/types\/post"}],"author":[{"embeddable":true,"href":"https:\/\/www.europesays.com\/no\/wp-json\/wp\/v2\/users\/2"}],"replies":[{"embeddable":true,"href":"https:\/\/www.europesays.com\/no\/wp-json\/wp\/v2\/comments?post=123968"}],"version-history":[{"count":0,"href":"https:\/\/www.europesays.com\/no\/wp-json\/wp\/v2\/posts\/123968\/revisions"}],"wp:featuredmedia":[{"embeddable":true,"href":"https:\/\/www.europesays.com\/no\/wp-json\/wp\/v2\/media\/16542"}],"wp:attachment":[{"href":"https:\/\/www.europesays.com\/no\/wp-json\/wp\/v2\/media?parent=123968"}],"wp:term":[{"taxonomy":"category","embeddable":true,"href":"https:\/\/www.europesays.com\/no\/wp-json\/wp\/v2\/categories?post=123968"},{"taxonomy":"post_tag","embeddable":true,"href":"https:\/\/www.europesays.com\/no\/wp-json\/wp\/v2\/tags?post=123968"}],"curies":[{"name":"wp","href":"https:\/\/api.w.org\/{rel}","templated":true}]}}