{"id":123969,"date":"2025-12-29T15:47:42","date_gmt":"2025-12-29T15:47:42","guid":{"rendered":"https:\/\/www.europesays.com\/no\/123969\/"},"modified":"2025-12-29T15:47:42","modified_gmt":"2025-12-29T15:47:42","slug":"sport-handball-fjellhammer-seiret-i-malrik-nm-finale","status":"publish","type":"post","link":"https:\/\/www.europesays.com\/no\/123969\/","title":{"rendered":"Sport, H\u00e5ndball | Fjellhammer seiret i m\u00e5lrik NM-finale"},"content":{"rendered":"\n<p>S\u00f8ndag var det duket for NM-finaler i Unity Arena. J20-finalen \u00e5pnet s\u00f8ndag morgen, f\u00f8r det p\u00e5 formiddagen var klart for G20-finalen mellom Fjellhammer og N\u00e6rb\u00f8 fra J\u00e6ren i Rogaland. <\/p>\n<p>Fjellhammer \u00e5pnet med finalens f\u00f8rste scoring og holdt p\u00e5 ledelsen hele veien ut.Etter litt over fem minutter ledet de 6-1. <\/p>\n<p>Avstanden bli noe mindre etter hvert, og halvveis stod det 12-9.<\/p>\n<p>Kampen endte 44-37 til Fjellhammer. Med det sikret G20-laget NM gull til Romerike. <\/p>\n<p>\u2013 Gutta leverer fra f\u00f8rste sekund og vinner fullt fortjent, skriver laget p\u00e5 Facebook.<\/p>\n<p>Fjellhammers Agust Svensson ble toppscorer med 13 m\u00e5l i NM-finalen.<\/p>\n","protected":false},"excerpt":{"rendered":"S\u00f8ndag var det duket for NM-finaler i Unity Arena. J20-finalen \u00e5pnet s\u00f8ndag morgen, f\u00f8r det p\u00e5 formiddagen var&hellip;\n","protected":false},"author":2,"featured_media":123970,"comment_status":"","ping_status":"","sticky":false,"template":"","format":"standard","meta":{"footnotes":""},"categories":[59],"tags":[36,5221,105,30,28,29,83,82,1510],"class_list":{"0":"post-123969","1":"post","2":"type-post","3":"status-publish","4":"format-standard","5":"has-post-thumbnail","7":"category-sport","8":"tag-art","9":"tag-fjellhammer-il","10":"tag-handball","11":"tag-no","12":"tag-norge","13":"tag-norway","14":"tag-sport","15":"tag-sports","16":"tag-story"},"share_on_mastodon":{"url":"https:\/\/pubeurope.com\/@no\/115803642023237964","error":""},"_links":{"self":[{"href":"https:\/\/www.europesays.com\/no\/wp-json\/wp\/v2\/posts\/123969","targetHints":{"allow":["GET"]}}],"collection":[{"href":"https:\/\/www.europesays.com\/no\/wp-json\/wp\/v2\/posts"}],"about":[{"href":"https:\/\/www.europesays.com\/no\/wp-json\/wp\/v2\/types\/post"}],"author":[{"embeddable":true,"href":"https:\/\/www.europesays.com\/no\/wp-json\/wp\/v2\/users\/2"}],"replies":[{"embeddable":true,"href":"https:\/\/www.europesays.com\/no\/wp-json\/wp\/v2\/comments?post=123969"}],"version-history":[{"count":0,"href":"https:\/\/www.europesays.com\/no\/wp-json\/wp\/v2\/posts\/123969\/revisions"}],"wp:featuredmedia":[{"embeddable":true,"href":"https:\/\/www.europesays.com\/no\/wp-json\/wp\/v2\/media\/123970"}],"wp:attachment":[{"href":"https:\/\/www.europesays.com\/no\/wp-json\/wp\/v2\/media?parent=123969"}],"wp:term":[{"taxonomy":"category","embeddable":true,"href":"https:\/\/www.europesays.com\/no\/wp-json\/wp\/v2\/categories?post=123969"},{"taxonomy":"post_tag","embeddable":true,"href":"https:\/\/www.europesays.com\/no\/wp-json\/wp\/v2\/tags?post=123969"}],"curies":[{"name":"wp","href":"https:\/\/api.w.org\/{rel}","templated":true}]}}