{"id":123973,"date":"2025-12-29T15:50:14","date_gmt":"2025-12-29T15:50:14","guid":{"rendered":"https:\/\/www.europesays.com\/no\/123973\/"},"modified":"2025-12-29T15:50:14","modified_gmt":"2025-12-29T15:50:14","slug":"venter-bratt-fall-i-elbil-ettersporsel-motor-no","status":"publish","type":"post","link":"https:\/\/www.europesays.com\/no\/123973\/","title":{"rendered":"Venter bratt fall i elbil-ettersp\u00f8rsel &#8211; Motor.no"},"content":{"rendered":"<ol>\n<li><a href=\"https:\/\/news.google.com\/rss\/articles\/CBMifkFVX3lxTE5ZbEw4b056UTRUWG5OdHo0bUs4eWxxUk1oc1B0c2pZU3hBM1VHaU5rRDR1YlVtS3JnWXdTMlBwbS00SFlYdzRsX1lSLUhGNGtPbFlYSjVIa2YzMURkUFZ6RVpMbm9sMzdWSUpPeFJWZ1dCVzlEa0MzcXJLeUNkQQ?oc=5\" target=\"_blank\" rel=\"nofollow noopener\">Venter bratt fall i elbil-ettersp\u00f8rsel<\/a>&nbsp;&nbsp;Motor.no<\/li>\n<li><a href=\"https:\/\/news.google.com\/rss\/articles\/CBMilgFBVV95cUxNMUNLNV83eU9zYmlKTjI0VldsOUlBTUUxQ0NXRTBVMm8wSm1rbEsyUktwMm10WFZzNHJ4c3hIYVR5M3Nwa0d6WjNya3d6MVEyZFcyMnZ2bjcxMzAtTTgwejB5bWg0dFVLeGJqRE1SYlZiR3hIR2RrT09BWTF1b3duUzUxUFRDdktZVS12QTJQX19zNUluREE?oc=5\" target=\"_blank\" rel=\"nofollow noopener\">Kinesiske elbiler: Varsler mangedobling<\/a>&nbsp;&nbsp;Finansavisen<\/li>\n<li><a href=\"https:\/\/news.google.com\/rss\/articles\/CBMilgFBVV95cUxOeDdzZ3EwSDdLTS1LV3ZpVHdFZ0U2UEpab2Vsd3FuNEZQUkoyQUNSV0hMRmRiOVZoeW1qYmVuVklkbmxtNkk1d1h2ajR0WnVLdWVyLS1CRDdQM0FldW1BakxvRHBTVlFxU0w0RHJUeERaYzg5T29fcVkzTF9RQ3RnSHdFd3B2a1Z6MHhCNlVGUmpxWkcyRGfSAZoBQVVfeXFMTVNlS0djWXJOa0FuNkVmVlBVV2pBQkpKY251dUs4MFRYVGNkX1FxU3ZCeC15d1d6enZNcTJTbDRTQ3ExbnUyMTBCbHJqczhBc3BJdkdJT1oxNWcyLWM0TGJvOHplUkdvR1dDT1NCWGJ4TUVpbEI5VFhFRW1lZndkUWFHS0dEXzdzX1FBZ0p6OWp6c1ppaXkzQ243UQ?oc=5\" target=\"_blank\" rel=\"nofollow noopener\">Kinas bilindustri 2025: volum opp, marginer ned, prispress<\/a>&nbsp;&nbsp;SpeedMe.ru<\/li>\n<li><a href=\"https:\/\/news.google.com\/rss\/articles\/CBMi2gFBVV95cUxNaVJzOGdUMmozZVVvenlMdnhDYW9YQl9RaVBwX3o4M20zNlJZa3R1R05DSzU3c2RueUlFQ1diRjdTdjlzMHR0U2ZyaWVoX0tfZHBfSWZTOG9wQ0loTUF4aF9aNWhRazRCa2VHNnFGTW9wWGNyOXNPbkZZZXk5UmRDcWpLbEphZ3Vhd2YwbEdCTFF5cmFhd2hFb29oM2txWHFsWTJxbVVXUjlyWTJqZEpuTllIVXpuQzhfNzl6UjBFVTdLeUF6ZWVCak1vdVJjN2RCTEFFTldhVm9DUQ?oc=5\" target=\"_blank\" rel=\"nofollow noopener\">Eksporten av kinesiske elbiler \u00f8ker kraftig ettersom BYD er i ferd med \u00e5 g\u00e5 forbi Tesla i \u00e5rlig salg<\/a>&nbsp;&nbsp;Invezz<\/li>\n<li><a href=\"https:\/\/news.google.com\/rss\/articles\/CBMigwFBVV95cUxQUmJqS0c3NnVQSGJJQlItNVpRSmNsVUF1T3BEUGlVNC1GZ2tZcmVaTDlycFdjRWRSYncwWm0yY2wzWjRQQy1XS0R4YVVIcEVsb014MC04ZDFGUXpUZU4wSzBmV3F3U2ZWM2p5ZElvci1qektwZ21BbWJKalpRMDR3YjRFTQ?oc=5\" target=\"_blank\" rel=\"nofollow noopener\">Kinesisk bilgigant er i ferd med \u00e5 passere Tesla<\/a>&nbsp;&nbsp;Teksiden.no<\/li>\n<\/ol>\n","protected":false},"excerpt":{"rendered":"Venter bratt fall i elbil-ettersp\u00f8rsel&nbsp;&nbsp;Motor.no Kinesiske elbiler: Varsler mangedobling&nbsp;&nbsp;Finansavisen Kinas bilindustri 2025: volum opp, marginer ned, prispress&nbsp;&nbsp;SpeedMe.ru Eksporten&hellip;\n","protected":false},"author":2,"featured_media":123974,"comment_status":"","ping_status":"","sticky":false,"template":"","format":"standard","meta":{"footnotes":""},"categories":[56],"tags":[60,61,62,30,28,29],"class_list":{"0":"post-123973","1":"post","2":"type-post","3":"status-publish","4":"format-standard","5":"has-post-thumbnail","7":"category-naeringsliv","8":"tag-business","9":"tag-economy","10":"tag-naeringsliv","11":"tag-no","12":"tag-norge","13":"tag-norway"},"share_on_mastodon":{"url":"https:\/\/pubeurope.com\/@no\/115803653696688943","error":""},"_links":{"self":[{"href":"https:\/\/www.europesays.com\/no\/wp-json\/wp\/v2\/posts\/123973","targetHints":{"allow":["GET"]}}],"collection":[{"href":"https:\/\/www.europesays.com\/no\/wp-json\/wp\/v2\/posts"}],"about":[{"href":"https:\/\/www.europesays.com\/no\/wp-json\/wp\/v2\/types\/post"}],"author":[{"embeddable":true,"href":"https:\/\/www.europesays.com\/no\/wp-json\/wp\/v2\/users\/2"}],"replies":[{"embeddable":true,"href":"https:\/\/www.europesays.com\/no\/wp-json\/wp\/v2\/comments?post=123973"}],"version-history":[{"count":0,"href":"https:\/\/www.europesays.com\/no\/wp-json\/wp\/v2\/posts\/123973\/revisions"}],"wp:featuredmedia":[{"embeddable":true,"href":"https:\/\/www.europesays.com\/no\/wp-json\/wp\/v2\/media\/123974"}],"wp:attachment":[{"href":"https:\/\/www.europesays.com\/no\/wp-json\/wp\/v2\/media?parent=123973"}],"wp:term":[{"taxonomy":"category","embeddable":true,"href":"https:\/\/www.europesays.com\/no\/wp-json\/wp\/v2\/categories?post=123973"},{"taxonomy":"post_tag","embeddable":true,"href":"https:\/\/www.europesays.com\/no\/wp-json\/wp\/v2\/tags?post=123973"}],"curies":[{"name":"wp","href":"https:\/\/api.w.org\/{rel}","templated":true}]}}