{"id":123975,"date":"2025-12-29T15:51:08","date_gmt":"2025-12-29T15:51:08","guid":{"rendered":"https:\/\/www.europesays.com\/no\/123975\/"},"modified":"2025-12-29T15:51:08","modified_gmt":"2025-12-29T15:51:08","slug":"russland-hevder-ukraina-forsokte-a-angripe-putins-bolig-i-novgorod-logn-svarer-zelenskyj","status":"publish","type":"post","link":"https:\/\/www.europesays.com\/no\/123975\/","title":{"rendered":"Russland hevder Ukraina fors\u00f8kte \u00e5 angripe Putins bolig i Novgorod. \u2013 L\u00f8gn, svarer Zelenskyj"},"content":{"rendered":"<p class=\"extendedContent hyperion-css-eyn926\" data-test-tag=\"lead-text\">Zelenskyj kaller p\u00e5standene et p\u00e5skudd for \u00e5 kunne angripe Kyiv. Russerne varsler allerede hevn. <\/p>\n<p><img decoding=\"async\" class=\"image-asset hyperion-css-u06ts1\" data-test-tag=\"image-asset\" src=\"https:\/\/www.europesays.com\/no\/wp-content\/uploads\/2025\/12\/f307ed3c-6ef4-44e6-8894-1ace3bdcb542.jpeg\"  alt=\"Russland hevder en av president Vladimir Putins boliger ble fors\u00f8kt angrepet av Ukraina.\"  loading=\"eager\" fetchpriority=\"high\" style=\"aspect-ratio:2048 \/ 1366\"\/>Russland hevder en av president Vladimir Putins boliger ble fors\u00f8kt angrepet av Ukraina. Foto: Mikhail Metzel \/ AP<\/p>\n<p class=\"paywall hyperion-css-1j42uic\">Opplysningene er ikke bekreftet av uavhengige tredjeparter. Det er ikke kjent n\u00f8yaktig n\u00e5r eller hvor angrepet skal ha funnet sted.<\/p>\n<p class=\"paywall hyperion-css-1j42uic\">Utenriksminister Sergej Lavrov hevder Ukraina angrep med 91 langdistanserdroner, som alle skal ha blitt skutt ned. <\/p>\n<p class=\"paywall hyperion-css-1j42uic\">Det statskontrollerte nyhetsbyr\u00e5et Tass siterer Lavrov p\u00e5 at Russland vil gjengjelde det p\u00e5st\u00e5tte angrepsfors\u00f8ket. If\u00f8lge byr\u00e5et skal det allerede v\u00e6re bestemt n\u00e5r og hvor Russland vil sl\u00e5 tilbake.<\/p>\n<p class=\"paywall hyperion-css-1j42uic\">Zelenskyj avviser p\u00e5standene.<\/p>\n<p class=\"paywall hyperion-css-1j42uic\">\u2013 Dette er l\u00f8gn, sier han if\u00f8lge Reuters.<\/p>\n<p class=\"paywall hyperion-css-1j42uic\">Zelenskyj kaller p\u00e5standene fra Russland et fors\u00f8k p\u00e5 \u00e5 undergrave fremdriften USA og Ukraina har hatt med \u00e5 f\u00e5 p\u00e5 plass et utkast til fredsavtale. Han tror Russland n\u00e5 vil bruke p\u00e5standene om angrepet som et p\u00e5skudd for \u00e5 kunne angripe regjeringsbygg i Kyiv.<\/p>\n<p class=\"paywall hyperion-css-1j42uic\">Russlands p\u00e5stander kommer dagen etter m\u00f8tet <a data-test-tag=\"internal-link\" href=\"https:\/\/www.aftenposten.no\/verden\/i\/q6LV0E\/trump-snakket-med-putin-foer-han-skal-moete-zelenskyj-en-god-og-produktiv-samtale\" class=\"hyperion-css-1raymq9\" rel=\"nofollow noopener\" target=\"\" aria-label=\"mellom USAs president Donald Trump og Ukrainas Volodymyr Zelensky s\u00f8ndag\" theme=\"breaking-short\">mellom USAs president Donald Trump og Ukrainas Volodymyr Zelensky s\u00f8ndag<\/a>. USA fors\u00f8ker \u00e5 mekle frem en fredsavtale, noe de if\u00f8lge Trump er \u00abn\u00e6rmere\u00bb \u00e5 f\u00e5 til etter m\u00f8tet i g\u00e5r.<\/p>\n<p class=\"paywall hyperion-css-1j42uic\">If\u00f8lge Tass vil Russland n\u00e5 endre sin posisjon i forhandlingene. De vil imidlertid ikke trekke seg fra en avtale, if\u00f8lge Interfax.<\/p>\n<p class=\"paywall hyperion-css-1j42uic\">Russlands viseutenriksminister Aleksandr Grusjko sier til Tass at de mener Storbritannia har hatt en finger med i spillet i de p\u00e5st\u00e5tte angrepene.<\/p>\n","protected":false},"excerpt":{"rendered":"Zelenskyj kaller p\u00e5standene et p\u00e5skudd for \u00e5 kunne angripe Kyiv. Russerne varsler allerede hevn. Russland hevder en av&hellip;\n","protected":false},"author":2,"featured_media":123976,"comment_status":"","ping_status":"","sticky":false,"template":"","format":"standard","meta":{"footnotes":""},"categories":[12],"tags":[20,21,24,25,15,22,23,13,30,28,29,14,16,26,27,42,43,44,45],"class_list":{"0":"post-123975","1":"post","2":"type-post","3":"status-publish","4":"format-standard","5":"has-post-thumbnail","7":"category-verden","8":"tag-breaking-news","9":"tag-breakingnews","10":"tag-featured-news","11":"tag-featurednews","12":"tag-headlines","13":"tag-latest-news","14":"tag-latestnews","15":"tag-news","16":"tag-no","17":"tag-norge","18":"tag-norway","19":"tag-nyheter","20":"tag-overskrifter","21":"tag-top-stories","22":"tag-topstories","23":"tag-verden","24":"tag-world","25":"tag-world-news","26":"tag-worldnews"},"share_on_mastodon":{"url":"https:\/\/pubeurope.com\/@no\/115803657568828087","error":""},"_links":{"self":[{"href":"https:\/\/www.europesays.com\/no\/wp-json\/wp\/v2\/posts\/123975","targetHints":{"allow":["GET"]}}],"collection":[{"href":"https:\/\/www.europesays.com\/no\/wp-json\/wp\/v2\/posts"}],"about":[{"href":"https:\/\/www.europesays.com\/no\/wp-json\/wp\/v2\/types\/post"}],"author":[{"embeddable":true,"href":"https:\/\/www.europesays.com\/no\/wp-json\/wp\/v2\/users\/2"}],"replies":[{"embeddable":true,"href":"https:\/\/www.europesays.com\/no\/wp-json\/wp\/v2\/comments?post=123975"}],"version-history":[{"count":0,"href":"https:\/\/www.europesays.com\/no\/wp-json\/wp\/v2\/posts\/123975\/revisions"}],"wp:featuredmedia":[{"embeddable":true,"href":"https:\/\/www.europesays.com\/no\/wp-json\/wp\/v2\/media\/123976"}],"wp:attachment":[{"href":"https:\/\/www.europesays.com\/no\/wp-json\/wp\/v2\/media?parent=123975"}],"wp:term":[{"taxonomy":"category","embeddable":true,"href":"https:\/\/www.europesays.com\/no\/wp-json\/wp\/v2\/categories?post=123975"},{"taxonomy":"post_tag","embeddable":true,"href":"https:\/\/www.europesays.com\/no\/wp-json\/wp\/v2\/tags?post=123975"}],"curies":[{"name":"wp","href":"https:\/\/api.w.org\/{rel}","templated":true}]}}