{"id":123977,"date":"2025-12-29T15:52:08","date_gmt":"2025-12-29T15:52:08","guid":{"rendered":"https:\/\/www.europesays.com\/no\/123977\/"},"modified":"2025-12-29T15:52:08","modified_gmt":"2025-12-29T15:52:08","slug":"lagunen-nyheter-ungdommer-skal-ha-kastet-fyrverkeri-inne-pa-lagunen","status":"publish","type":"post","link":"https:\/\/www.europesays.com\/no\/123977\/","title":{"rendered":"Lagunen, Nyheter | Ungdommer skal ha kastet fyrverkeri inne p\u00e5 Lagunen"},"content":{"rendered":"\n<p>Like f\u00f8r klokken 1530 mandag ble det meldt fra vektere p\u00e5 Lagunen at en ungdomsgjeng hadde tent p\u00e5 og kastet fyrverkeri inne p\u00e5 kj\u00f8pesenteret.<\/p>\n<p>Fyrverkeriet skal ha blitt kastet mot et serveringssted i andre etasje, og ungdommene l\u00f8p fra stedet. <\/p>\n<p>\u2013 Det smalt godt. Men ingen skadet, og det ble ingen brann, forteller politiets operasjonsleder Knut Dahl-Michelsen til BA. <\/p>\n<p>Politiet er i omr\u00e5det og s\u00f8ker etter gutter i 14-16-\u00e5rsalderen, forteller Dahl-Michelsen.<\/p>\n<p>\u2013 Vi har ikke funnet dem, men leter videre, og snakker med vekterne. Jeg vil ogs\u00e5 tro at det er overv\u00e5kning der som det er aktuelt \u00e5 innhente. <\/p>\n<p>Politiet ser alvorlig p\u00e5 hendelsen. <\/p>\n<p><b>\u2013 Det er sv\u00e6rt lite som skal til for at det oppst\u00e5r personskader n\u00e5r man gj\u00f8r slikt. Disse ungdommene har vist med all tydelighet at de ikke er voksne nok til \u00e5 h\u00e5ndtere fyrverkeri. <\/b><\/p>\n","protected":false},"excerpt":{"rendered":"Like f\u00f8r klokken 1530 mandag ble det meldt fra vektere p\u00e5 Lagunen at en ungdomsgjeng hadde tent p\u00e5&hellip;\n","protected":false},"author":2,"featured_media":1615,"comment_status":"","ping_status":"","sticky":false,"template":"","format":"standard","meta":{"footnotes":""},"categories":[10],"tags":[36,20,21,24,25,10497,15,4454,22,23,13,30,28,29,14,16,1510,26,27],"class_list":{"0":"post-123977","1":"post","2":"type-post","3":"status-publish","4":"format-standard","5":"has-post-thumbnail","7":"category-norge","8":"tag-art","9":"tag-breaking-news","10":"tag-breakingnews","11":"tag-featured-news","12":"tag-featurednews","13":"tag-fyrverkeri","14":"tag-headlines","15":"tag-lagunen","16":"tag-latest-news","17":"tag-latestnews","18":"tag-news","19":"tag-no","20":"tag-norge","21":"tag-norway","22":"tag-nyheter","23":"tag-overskrifter","24":"tag-story","25":"tag-top-stories","26":"tag-topstories"},"share_on_mastodon":{"url":"https:\/\/pubeurope.com\/@no\/115803661549418495","error":""},"_links":{"self":[{"href":"https:\/\/www.europesays.com\/no\/wp-json\/wp\/v2\/posts\/123977","targetHints":{"allow":["GET"]}}],"collection":[{"href":"https:\/\/www.europesays.com\/no\/wp-json\/wp\/v2\/posts"}],"about":[{"href":"https:\/\/www.europesays.com\/no\/wp-json\/wp\/v2\/types\/post"}],"author":[{"embeddable":true,"href":"https:\/\/www.europesays.com\/no\/wp-json\/wp\/v2\/users\/2"}],"replies":[{"embeddable":true,"href":"https:\/\/www.europesays.com\/no\/wp-json\/wp\/v2\/comments?post=123977"}],"version-history":[{"count":0,"href":"https:\/\/www.europesays.com\/no\/wp-json\/wp\/v2\/posts\/123977\/revisions"}],"wp:featuredmedia":[{"embeddable":true,"href":"https:\/\/www.europesays.com\/no\/wp-json\/wp\/v2\/media\/1615"}],"wp:attachment":[{"href":"https:\/\/www.europesays.com\/no\/wp-json\/wp\/v2\/media?parent=123977"}],"wp:term":[{"taxonomy":"category","embeddable":true,"href":"https:\/\/www.europesays.com\/no\/wp-json\/wp\/v2\/categories?post=123977"},{"taxonomy":"post_tag","embeddable":true,"href":"https:\/\/www.europesays.com\/no\/wp-json\/wp\/v2\/tags?post=123977"}],"curies":[{"name":"wp","href":"https:\/\/api.w.org\/{rel}","templated":true}]}}