{"id":123978,"date":"2025-12-29T15:53:07","date_gmt":"2025-12-29T15:53:07","guid":{"rendered":"https:\/\/www.europesays.com\/no\/123978\/"},"modified":"2025-12-29T15:53:07","modified_gmt":"2025-12-29T15:53:07","slug":"svenskene-smurte-seg-bort-i-toblach-fredrik-aukland-trodde-ikke-det-han-sa-nrk-sport-sportsnyheter-resultater-og-sendeplan","status":"publish","type":"post","link":"https:\/\/www.europesays.com\/no\/123978\/","title":{"rendered":"Svenskene smurte seg bort i Toblach \u2013 Fredrik Aukland trodde ikke det han s\u00e5 \u2013 NRK Sport \u2013 Sportsnyheter, resultater og sendeplan"},"content":{"rendered":"<p>\u2013 Hva er det de har gjort med skia sine i dag? Det skal da ikke v\u00e6re mulig, utbr\u00f8t Fredrik Aukland forbl\u00f8ffet.<\/p>\n<p>\u2013 Det er isklister og t\u00f8rr bl\u00e5 voks. Det kan ikke v\u00e6re komplisert.<\/p>\n<p>Det ble fullstendig sm\u00f8rebom for de svenske jentene under dag tre av Tour de Ski.<\/p>\n<p><strong>Det s\u00e5 lovende ut i starten, men ved halvg\u00e5tt l\u00f8p var klart at Frida Karlsson hadde spreng\u00e5pnet. Hun ble blant annet distansert av Astrid \u00d8yre Slind.<\/strong><\/p>\n<p><img decoding=\"async\"   src=\"data:image\/gif;base64,R0lGODlhAQABAIAAAAAAAP\/\/\/yH5BAEAAAAALAAAAAABAAEAAAIBRAA7\" loading=\"eager\" alt=\"Norges Astrid \u00d8yre Slind tok f\u00f8rsteplass i 10 km klassisk for kvinner i Toblach.\" title=\"Foto: Terje Pedersen \/ NTB\"\/><\/p>\n<p class=\"\">KUNNE SMILE: Astrid \u00d8yre Slind holdt alle konkurrentene bak seg i l\u00f8ypa.<\/p>\n<p>Foto: Terje Pedersen \/ NTB<\/p>\n<p>\u2013 Det var litt s\u00e5nn \u00abgamle Frida\u00bb i dag, sa Karlsson til NRK.<\/p>\n<p>\u2013 Du var litt for ivrig?<\/p>\n<p>\u2013 Ja, jeg ville vel bevise noe for meg selv.<\/p>\n<p>\u2013 S\u00e5 det var ikke bare utstyret?<\/p>\n<p><strong>\u2013 Nei, det er sjelden bare det, svarte Karlsson.<\/strong><\/p>\n<p>Norsk seier<\/p>\n<p>L\u00f8pet til \u00d8yre Slind ble derimot bare bedre og bedre.<\/p>\n<p>\u2013 N\u00e5 g\u00e5r \u00d8yre Slind for seier. Hun har muligheten n\u00e5. Det er ingen tvil om det, kommenterte Aukland.<\/p>\n<p>Hun havnet i duell mot \u00f8sterrikske Teresa Stadlober p\u00e5 vei inn mot m\u00e5l. En duell hun avgjorde til sin fordel:<\/p>\n<p>\u2013 Det var kjempeartig. Det er deilig \u00e5 sl\u00e5 alle. Det var litt p\u00e5 tide, kjente jeg, at jeg f\u00e5r vist fram det jeg kan, sa \u00d8yre Slind til NRK etter at seieren var et faktum.<\/p>\n<p><strong>Jessie Diggins var den siste utfordreren, men ogs\u00e5 hun kom for sent til m\u00e5l. Hun opplevde ogs\u00e5 \u00e5 hente inn svenske Karlsson i l\u00f8ypa.<\/strong><\/p>\n<p><img decoding=\"async\"   src=\"data:image\/gif;base64,R0lGODlhAQABAIAAAAAAAP\/\/\/yH5BAEAAAAALAAAAAABAAEAAAIBRAA7\" loading=\"eager\" alt=\"en gruppe skil\u00f8pere p\u00e5 et sn\u00f8dekt fjell (Bildebeskrivelsen er laget av en KI-tjeneste)\" title=\"Foto: Terje Pedersen \/ NTB\"\/><\/p>\n<p class=\"\">FIKK GRATULASJONER: Astrid \u00d8yre Slind avgjorde duellene mot Teresea Stadlober og Jessie Diggins til sin fordel.<\/p>\n<p>Foto: Terje Pedersen \/ NTB<\/p>\n<p>\u2013 Hva tenkte du da du s\u00e5 Karlsson foran deg?<\/p>\n<p>\u2013 I starten tenkte jeg at hun har en kjempedag. At det her kan bli stygt, liksom. Fordi jeg f\u00f8lte jeg \u00e5pna bra, men s\u00e5 snur det jo desto mer n\u00e5r plutselig ryggen er der og at jeg f\u00e5r litt los og f\u00e5r noen \u00e5 g\u00e5 etter, s\u00e5 det var et perfekt utgangspunkt for min del det, sa vinneren.<\/p>\n<p><strong>Hun p\u00e5pekte ogs\u00e5 at det er lett \u00e5 g\u00e5 p\u00e5 en smell i l\u00f8ypene i nettopp Toblach:<\/strong><\/p>\n<p>\u2013 Ja, det er fort gjort. Det er i hvert fall mye flatt i starten, s\u00e5 da f\u00e5r du litt overtenning. Og du kjenner ikke hvor hardt du har \u00e5pna f\u00f8r du har g\u00e5tt litt opp i motbakken, og da er det for sent, sa \u00d8yre Slind.<\/p>\n<p>Forventet tr\u00f8ye-mist<\/p>\n<p>Jessie Diggins hadde en god dag i Toblach. Hun ble til slutt nummer tre, og tok som forventet ledertr\u00f8ya fra Kristine Stav\u00e5s Skistad (62.-plass, mandag).<\/p>\n<p>\u2013 Diggins forsvarer sin posisjon i sammendraget str\u00e5lende. Hun \u00f8ker til Ebba Andersson og Frida Karlsson p\u00e5 10 kilometer klassisk. Det er et enormt l\u00f8p hun gj\u00f8r, kommenterte Jann Post.<\/p>\n<p><img decoding=\"async\"   src=\"data:image\/gif;base64,R0lGODlhAQABAIAAAAAAAP\/\/\/yH5BAEAAAAALAAAAAABAAEAAAIBRAA7\" loading=\"eager\" alt=\"Heidi Weng \" title=\"Foto: Terje Pedersen \/ NTB\"\/><\/p>\n<p class=\"\">AVSLUTTET GODT: Det ble til slutt 8.-plass p\u00e5 Heidi Weng.<\/p>\n<p>Foto: Terje Pedersen \/ NTB<\/p>\n<p>Med seieren har n\u00e5 \u00d8yre Slind los p\u00e5 den amerikanske jenta i sammendraget.<\/p>\n<p>\u2013 N\u00e5 er jeg i hvert fall i form til \u00e5 vinne s\u00e5 da er alt mulig, tenker jeg. Alt er mulig, sa \u00d8yre Slind forn\u00f8yd.<\/p>\n<p>Heidi Weng l\u00e5 langt bak svenskene i starten, men fikk likevel til et brukbart sluttresultat p\u00e5 etappen. Hun ble til slutt nummer \u00e5tte:<\/p>\n<p>\u2013 Bedre avslutning enn start, s\u00e5 det ut som du klatra p\u00e5 slutten her?<\/p>\n<p><strong>\u2013 Ja, jeg f\u00f8lte jeg staket bra i dag og gikk d\u00e5rlig i diagonal, s\u00e5 motsatt av s\u00e5nn det pleier, sa Weng.<\/strong><\/p>\n<p>Ville ikke skylde p\u00e5 festet<\/p>\n<p>Ebba Andersson tapte til slutt nesten 45 sekunder til Diggins. Hun var \u00e5pen rundt at det var en t\u00f8ff dag i sporet.<\/p>\n<p>\u2013 Jeg gjorde det jeg kunne der ute.<\/p>\n<p>\u2013 Hvordan er det \u00e5 g\u00e5 p\u00e5 ski n\u00e5r man ikke har feste?<\/p>\n<p><strong>\u2013 N\u00e5 hadde jeg det, men det var kanskje ikke fullt s\u00e5 godt som jeg hadde trengt. Det var vel kanskje en litt mindre bra dag p\u00e5 jobben, sa hun til NRK.<\/strong><\/p>\n<p><img decoding=\"async\"   src=\"data:image\/gif;base64,R0lGODlhAQABAIAAAAAAAP\/\/\/yH5BAEAAAAALAAAAAABAAEAAAIBRAA7\" loading=\"eager\" alt=\"En mann som st\u00e5r p\u00e5 ski p\u00e5 sn\u00f8en (Bildebeskrivelsen er laget av en KI-tjeneste)\" title=\"Foto: Terje Pedersen \/ NTB\"\/><\/p>\n<p class=\"\">FIKK DET TUNGT: Ebba Andersson, men hun ville ikke skylde p\u00e5 manglende feste.<\/p>\n<p>Foto: Terje Pedersen \/ NTB<\/p>\n<p>\u00d8vrige norske plasseringer:<\/p>\n<p>Julie Bjervig Drivenes (11), Karoline Simpson-Larsen (14), Eva Ingebrigtsen (18), Kristin Austgulen Fosn\u00e6s (19), Nora Sanness (28), Kristine Stav\u00e5s Skistad (62), Ingrid Bergene Aabrekk (65).<\/p>\n<p>Publisert<\/p>\n<p>29.12.2025, kl. 15.38<\/p>\n<p>Oppdatert<\/p>\n<p>29.12.2025, kl. 16.29<\/p>\n","protected":false},"excerpt":{"rendered":"\u2013 Hva er det de har gjort med skia sine i dag? Det skal da ikke v\u00e6re mulig,&hellip;\n","protected":false},"author":2,"featured_media":123979,"comment_status":"","ping_status":"","sticky":false,"template":"","format":"standard","meta":{"footnotes":""},"categories":[5],"tags":[20,21,24,25,15,19,22,23,17,18,13,30,28,29,14,16,26,27],"class_list":{"0":"post-123978","1":"post","2":"type-post","3":"status-publish","4":"format-standard","5":"has-post-thumbnail","7":"category-overskrifter","8":"tag-breaking-news","9":"tag-breakingnews","10":"tag-featured-news","11":"tag-featurednews","12":"tag-headlines","13":"tag-hovedoppslag","14":"tag-latest-news","15":"tag-latestnews","16":"tag-main-news","17":"tag-mainnews","18":"tag-news","19":"tag-no","20":"tag-norge","21":"tag-norway","22":"tag-nyheter","23":"tag-overskrifter","24":"tag-top-stories","25":"tag-topstories"},"share_on_mastodon":{"url":"https:\/\/pubeurope.com\/@no\/115803665368281656","error":""},"_links":{"self":[{"href":"https:\/\/www.europesays.com\/no\/wp-json\/wp\/v2\/posts\/123978","targetHints":{"allow":["GET"]}}],"collection":[{"href":"https:\/\/www.europesays.com\/no\/wp-json\/wp\/v2\/posts"}],"about":[{"href":"https:\/\/www.europesays.com\/no\/wp-json\/wp\/v2\/types\/post"}],"author":[{"embeddable":true,"href":"https:\/\/www.europesays.com\/no\/wp-json\/wp\/v2\/users\/2"}],"replies":[{"embeddable":true,"href":"https:\/\/www.europesays.com\/no\/wp-json\/wp\/v2\/comments?post=123978"}],"version-history":[{"count":0,"href":"https:\/\/www.europesays.com\/no\/wp-json\/wp\/v2\/posts\/123978\/revisions"}],"wp:featuredmedia":[{"embeddable":true,"href":"https:\/\/www.europesays.com\/no\/wp-json\/wp\/v2\/media\/123979"}],"wp:attachment":[{"href":"https:\/\/www.europesays.com\/no\/wp-json\/wp\/v2\/media?parent=123978"}],"wp:term":[{"taxonomy":"category","embeddable":true,"href":"https:\/\/www.europesays.com\/no\/wp-json\/wp\/v2\/categories?post=123978"},{"taxonomy":"post_tag","embeddable":true,"href":"https:\/\/www.europesays.com\/no\/wp-json\/wp\/v2\/tags?post=123978"}],"curies":[{"name":"wp","href":"https:\/\/api.w.org\/{rel}","templated":true}]}}