{"id":123980,"date":"2025-12-29T15:55:02","date_gmt":"2025-12-29T15:55:02","guid":{"rendered":"https:\/\/www.europesays.com\/no\/123980\/"},"modified":"2025-12-29T15:55:02","modified_gmt":"2025-12-29T15:55:02","slug":"resultater-sprint-fri-etappe-1-tour-de-ski-2025-2026","status":"publish","type":"post","link":"https:\/\/www.europesays.com\/no\/123980\/","title":{"rendered":"Resultater Sprint fri | Etappe 1 Tour de Ski 2025-2026"},"content":{"rendered":"<p class=\"cat-description\">Startlister og resultater for sprint fri som er etappe 1 av Tour de Ski 2025-2026 som arrangeres i Toblach 28. desember 2025.<\/p>\n<p>Publisert 28. desember 2025 i <a href=\"https:\/\/www.sportsidioten.no\/.\/langrenn\/\" class=\"kmn-grid-model-taxlink\" rel=\"nofollow noopener\" target=\"_blank\">Langrenn<\/a><\/p>\n<p><a href=\"https:\/\/www.sportsidioten.no\/langrenn\/tour-de-ski-2025-2026\/\" rel=\"nofollow noopener\" target=\"_blank\">Alle resultater Tour de Ski 2025-26<\/a> | <a href=\"https:\/\/www.sportsidioten.no\/resultater\/10-km-klassisk-kvinner-etappe-2-tour-de-ski-2025-2026\/\" rel=\"nofollow noopener\" target=\"_blank\">Etappe 2 kvinner<\/a> | <a href=\"https:\/\/www.sportsidioten.no\/resultater\/10-km-klassisk-menn-etappe-2-tour-de-ski-2025-2026\/\" rel=\"nofollow noopener\" target=\"_blank\">Etappe 2 menn<\/a><\/p>\n<p>Sprint fri | Etappe 1 Tour de Ski 2025-2026<br \/>\nSammenlagtstilling Tour de Ski etter 1. etappe:<\/p>\n<p>Resultater<br \/>\nFinaler kvinner<\/p>\n<p><img loading=\"lazy\" decoding=\"async\" class=\"alignnone size-full wp-image-135436\" src=\"https:\/\/www.europesays.com\/no\/wp-content\/uploads\/2025\/12\/1-136.png\" alt=\"\" width=\"864\" height=\"790\"  \/><\/p>\n<p>Finaler menn<\/p>\n<p><img loading=\"lazy\" decoding=\"async\" class=\"alignnone size-full wp-image-135440\" src=\"https:\/\/www.europesays.com\/no\/wp-content\/uploads\/2025\/12\/2-104.png\" alt=\"\" width=\"867\" height=\"788\"  \/><\/p>\n<p>Prolog kvinner<\/p>\n<p><img loading=\"lazy\" decoding=\"async\" class=\"alignnone size-full wp-image-135413\" src=\"https:\/\/www.europesays.com\/no\/wp-content\/uploads\/2025\/12\/1-133.png\" alt=\"\" width=\"643\" height=\"719\"  \/><\/p>\n<p><img loading=\"lazy\" decoding=\"async\" class=\"alignnone size-full wp-image-135415\" src=\"https:\/\/www.europesays.com\/no\/wp-content\/uploads\/2025\/12\/2-101.png\" alt=\"\" width=\"643\" height=\"724\"  \/><\/p>\n<p><img loading=\"lazy\" decoding=\"async\" class=\"alignnone size-full wp-image-135414\" src=\"https:\/\/www.europesays.com\/no\/wp-content\/uploads\/2025\/12\/3-83.png\" alt=\"\" width=\"643\" height=\"725\"  \/><\/p>\n<p><img loading=\"lazy\" decoding=\"async\" class=\"alignnone size-full wp-image-135412\" src=\"https:\/\/www.europesays.com\/no\/wp-content\/uploads\/2025\/12\/4-45.png\" alt=\"\" width=\"643\" height=\"444\"  \/><\/p>\n<p>Prolog menn<\/p>\n<p><img loading=\"lazy\" decoding=\"async\" class=\"alignnone size-full wp-image-135425\" src=\"https:\/\/www.europesays.com\/no\/wp-content\/uploads\/2025\/12\/1-135.png\" alt=\"\" width=\"650\" height=\"724\"  \/><\/p>\n<p><img loading=\"lazy\" decoding=\"async\" class=\"alignnone size-full wp-image-135426\" src=\"https:\/\/www.europesays.com\/no\/wp-content\/uploads\/2025\/12\/2-103.png\" alt=\"\" width=\"646\" height=\"723\"  \/><\/p>\n<p><img loading=\"lazy\" decoding=\"async\" class=\"alignnone size-full wp-image-135427\" src=\"https:\/\/www.europesays.com\/no\/wp-content\/uploads\/2025\/12\/3-84.png\" alt=\"\" width=\"644\" height=\"722\"  \/><\/p>\n<p><img loading=\"lazy\" decoding=\"async\" class=\"alignnone size-full wp-image-135424\" src=\"https:\/\/www.europesays.com\/no\/wp-content\/uploads\/2025\/12\/4-46.png\" alt=\"\" width=\"653\" height=\"729\"  \/><\/p>\n<p><img loading=\"lazy\" decoding=\"async\" class=\"alignnone size-full wp-image-135428\" src=\"https:\/\/www.europesays.com\/no\/wp-content\/uploads\/2025\/12\/5-26.png\" alt=\"\" width=\"649\" height=\"669\"  \/><\/p>\n<p>Startliste<br \/>\nProlog kvinner<\/p>\n<p><img loading=\"lazy\" decoding=\"async\" class=\"alignnone size-full wp-image-135339\" src=\"https:\/\/www.europesays.com\/no\/wp-content\/uploads\/2025\/12\/1-130.png\" alt=\"\" width=\"502\" height=\"721\"  \/><\/p>\n<p><img loading=\"lazy\" decoding=\"async\" class=\"alignnone size-full wp-image-135340\" src=\"https:\/\/www.europesays.com\/no\/wp-content\/uploads\/2025\/12\/2-98.png\" alt=\"\" width=\"499\" height=\"717\"  \/><\/p>\n<p><img loading=\"lazy\" decoding=\"async\" class=\"alignnone size-full wp-image-135341\" src=\"https:\/\/www.europesays.com\/no\/wp-content\/uploads\/2025\/12\/3-80.png\" alt=\"\" width=\"497\" height=\"725\"  \/><\/p>\n<p><img loading=\"lazy\" decoding=\"async\" class=\"alignnone size-full wp-image-135338\" src=\"https:\/\/www.europesays.com\/no\/wp-content\/uploads\/2025\/12\/4-43.png\" alt=\"\" width=\"500\" height=\"447\"  \/><\/p>\n<p>Prolog menn<\/p>\n<p><img loading=\"lazy\" decoding=\"async\" class=\"alignnone size-full wp-image-135344\" src=\"https:\/\/www.europesays.com\/no\/wp-content\/uploads\/2025\/12\/1-131.png\" alt=\"\" width=\"502\" height=\"717\"  \/><\/p>\n<p><img loading=\"lazy\" decoding=\"async\" class=\"alignnone size-full wp-image-135345\" src=\"https:\/\/www.europesays.com\/no\/wp-content\/uploads\/2025\/12\/2-99.png\" alt=\"\" width=\"497\" height=\"717\"  \/><\/p>\n<p><img loading=\"lazy\" decoding=\"async\" class=\"alignnone size-full wp-image-135346\" src=\"https:\/\/www.europesays.com\/no\/wp-content\/uploads\/2025\/12\/3-81.png\" alt=\"\" width=\"506\" height=\"721\"  \/><\/p>\n<p><img loading=\"lazy\" decoding=\"async\" class=\"alignnone size-full wp-image-135347\" src=\"https:\/\/www.europesays.com\/no\/wp-content\/uploads\/2025\/12\/4-44.png\" alt=\"\" width=\"499\" height=\"721\"  \/><\/p>\n<p><img loading=\"lazy\" decoding=\"async\" class=\"alignnone size-full wp-image-135343\" src=\"https:\/\/www.europesays.com\/no\/wp-content\/uploads\/2025\/12\/5-25.png\" alt=\"\" width=\"500\" height=\"637\"  \/><\/p>\n<p>Om Tour de Ski 2025-26<\/p>\n<p>20. utgave<\/p>\n<p>Dato<\/p>\n<p>28. desember \u2013 4. januar<\/p>\n<p>P\u00e5 TV<\/p>\n<p>Viaplay har rettighetene og rennene vil sendes direkte p\u00e5 Vsport 1 og <a href=\"https:\/\/viaplay.no\/sport\" target=\"_blank\" rel=\"noopener nofollow\">Viaplay<\/a>.<\/p>\n<p><a href=\"https:\/\/www.sportsidioten.no\/hopp\/vintersport-pa-tv\/\" rel=\"nofollow noopener\" target=\"_blank\">Vintersport p\u00e5 TV<\/a><\/p>\n<p><a href=\"https:\/\/www.sportsidioten.no\/langrenn\/uttak-tour-de-ski-2025-2026\/\" rel=\"nofollow noopener\" target=\"_blank\">Norske ut\u00f8vere<\/a><\/p>\n<p>Program<br \/>\n<strong>Etappe 1 \u2013 S\u00f8ndag 28. desember<\/strong><\/p>\n<p>Toblach, Italia<\/p>\n<ul>\n<li>Kl 11.45: Sprint fri teknikk prolog<\/li>\n<li>Kl 14.15: Sprint fri teknikk finaler<\/li>\n<\/ul>\n<p><strong>Etappe 2 \u2013 Mandag 29. desember<\/strong><\/p>\n<p>Toblach, Italia<\/p>\n<ul>\n<li>Kl 11.45: 10 km intervallstart klassisk menn<\/li>\n<li>Kl 14.45: 10 km intervallstart klassisk kvinner<\/li>\n<\/ul>\n<p><strong>Etappe 3 \u2013 Onsdag 31. desember<\/strong><\/p>\n<p>Toblach, Italia<\/p>\n<ul>\n<li>Kl 11.30: 5 km heat start fri menn<\/li>\n<li>Kl 14.30: 5 km heat start fri kvinner<\/li>\n<\/ul>\n<p><strong>Etappe 4 \u2013 Torsdag 1. januar<\/strong><\/p>\n<p>Toblach, Italia<\/p>\n<ul>\n<li>Kl 10.30: 15 km jaktstart klassisk menn<\/li>\n<li>Kl 12.30: 15 km jaktstart klassisk kvinner<\/li>\n<\/ul>\n<p><strong>Etappe 5 \u2013 L\u00f8rdag 3. januar<\/strong><\/p>\n<p>Val di Fiemme, Italia<\/p>\n<ul>\n<li>Kl 12.15: Sprint klassisk prolog<\/li>\n<li>Kl 14.45: Sprint klassisk finaler<\/li>\n<\/ul>\n<p><strong>Etappe 7 \u2013 s\u00f8ndag 4. januar<\/strong><\/p>\n<p>Val di Fiemme, Italia<\/p>\n<ul>\n<li>Kl 11.30: 15 km fellesstart fri menn \u00abMonsterbakken\u00bb<\/li>\n<li>Kl 15.30: 15 km fellesstart fri kvinner \u00abMonsterbakken\u00bb<\/li>\n<li>Mosjonsutgaven Rampa con i Campioni<\/li>\n<\/ul>\n<p><a href=\"https:\/\/sportsidioten.no\/langrenn\/verdenscup-langrenn-2025-2026\/\" rel=\"nofollow noopener\" target=\"_blank\">Terminliste og resultater alle verdenscuprenn i langrenn 2025-26<\/a><\/p>\n<p><a href=\"https:\/\/sportsidioten.no\/langrenn\/resultater-tour-de-ski-2024-2025\/\" rel=\"nofollow noopener\" target=\"_blank\">Alle resultater Tour de Ski 2024-2025<\/a><\/p>\n<p><a href=\"https:\/\/sportsidioten.no\/langrenn\/resultater-tour-de-ski-2023-2024\/\" rel=\"nofollow noopener\" target=\"_blank\">Alle resultater Tour de Ski 2023-2024<\/a><\/p>\n<p>V\u00e6rmelding<\/p>\n<p><img decoding=\"async\" class=\"alignnone size-large\" src=\"https:\/\/www.yr.no\/nb\/innhold\/2-3177571\/meteogram.svg\" width=\"auto\" height=\"auto\"\/><\/p>\n<p><img decoding=\"async\" class=\"alignnone size-large\" src=\"https:\/\/www.yr.no\/nb\/innhold\/2-3165730\/meteogram.svg\" width=\"auto\" height=\"auto\"\/><\/p>\n<p>Om<\/p>\n<p>Tour de Ski er langrennsl\u00f8pernes\u00a0motstykke til\u00a0syklistenes\u00a0Tour de France\u00a0og\u00a0skihoppernes\u00a0hoppuke. Tour de Ski er blitt arrangert \u00e5rlig siden oppstarten i\u00a02006\/07-sesongen.<\/p>\n<p>Det arrangeres seks til ni renn i l\u00f8pet av cirka ti dager rundt \u00e5rsskiftet, og felles for alle sesongene er at siste etappe avsluttes opp\u00a0slal\u00e5mbakken\u00a0i\u00a0Val di Fiemme. Tour de Ski inng\u00e5r i\u00a0verdenscupen i langrenn.<\/p>\n<p>F\u00f8r 2022-23 utgave av Tour de Ski ble det innf\u00f8rt et nytt poengsystem som gjorde at vinneren mottok f\u00e6rre verdenscuppoeng enn tidligere.<\/p>\n<p>Dette er det n\u00e5v\u00e6rende poengsystemet:<\/p>\n<p><img loading=\"lazy\" decoding=\"async\" class=\"alignnone size-full wp-image-2993\" src=\"https:\/\/www.europesays.com\/no\/wp-content\/uploads\/2025\/12\/Poengskala-tour-de-ski.png\" alt=\"\" width=\"363\" height=\"422\"  \/><\/p>\n<p>Som tidligere vil det gis 50 poeng til vinneren av hver enkelt etappe.<\/p>\n<p>Premiepenger<\/p>\n<p>Sammenlagtvinneren f\u00e5r 80\u00a0000 sveitsiske francs (tilvarende 953\u00a0520 norske kroner med dagens valutakurser).<br \/>Andreplass f\u00e5r 60 000 sveitsiske francs<br \/>Tredjeplass f\u00e5r 40 000.<br \/>Fjerdeplass f\u00e5r 30 000<br \/>Femteplass 25 000<br \/>Sjetteplass 20 000<br \/>Sjuendeplass 15 000<br \/>\u00c5ttendeplass 10 000<br \/>Niendeplass 8 000<br \/>10. plass 7 000<br \/>11.plass 6 000<br \/>12. plass 5 000<br \/>13. plass 4 000<br \/>14. plass 3 500<br \/>15.plass 3 000<br \/>16. plass 2 500<br \/>17.plass 2 000<br \/>18.plass 1 750<br \/>19.plass 1 250<br \/>20.plass 1 000<\/p>\n<p>\u00abMonsterbakken\u00bb \u2013 Alpe Cermis<\/p>\n<p>Siste etappe avsluttes opp slal\u00e5mbakken i\u00a0Cavalese. Den ligger i fjellet\u00a0Alpe Cermis, 2250 moh., og er den bratteste motbakken som noen gang er tatt med i verdenscupen i langrenn. Etappen g\u00e5r i fristil. Hele etappen er ti kilometer lang, mens selve bakken er 3,6 kilometer.<\/p>\n<p>Ut\u00f8verne klatrer 420 meter i h\u00f8yde, med gjennomsnittlig stigning p\u00e5 11,6 prosent og en maksimal helling p\u00e5 28 prosent.<\/p>\n<p>I slal\u00e5mbakken blir det plassert porter, som ut\u00f8verne f\u00f8lger opp gjennom bakken. Disse g\u00e5r i svinger, s\u00e5 ut\u00f8verne g\u00e5r ikke korteste vei til toppen. Etappen ble de 13 f\u00f8rste tourene avholdt med\u00a0jaktstart med startintervall etter sammenlagtstillingen etter foreg\u00e5ende etapper. Dersom dette f\u00f8rte til for store tidsmessige avstander kunne juryen velge \u00e5 bruke en \u00abb\u00f8lgestart\u00bb.<\/p>\n<p>I det f\u00f8rste \u00e5ret av Tour De Ski (2006\/2007) vurderte flere ut\u00f8vere, blant annet en rekke norske, \u00e5 legge\u00a0feller\u00a0p\u00e5 skiene n\u00e5r de kom inn i bakken. Dette satte\u00a0FIS en stopper for p\u00e5 kvelden f\u00f8r etappen.<\/p>\n<p>I de 13 f\u00f8rste utgavene av Tour de Ski ble etappen avviklet med jaktstart slik at f\u00f8rste person i m\u00e5l ogs\u00e5 var vinner av touren sammenlagt. I 2019 ble det innf\u00f8rt fellesstart p\u00e5 denne etappen.<\/p>\n<p><img loading=\"lazy\" decoding=\"async\" class=\"size-medium wp-image-1378 alignleft\" src=\"https:\/\/www.europesays.com\/no\/wp-content\/uploads\/2025\/12\/Monsterbakken-tour-de-ski-300x151.png\" alt=\"\" width=\"300\" height=\"151\"  \/><\/p>\n<p>\u00a0<\/p>\n<p>Etappevinnere og tider opp Monsterbakken:<\/p>\n<p>Resultater 2024: <a href=\"https:\/\/www.sportsidioten.no\/langrenn\/monsterbakken-kvinner-val-di-fiemme-tour-de-ski-etappe-7-2024-2025\/\" rel=\"nofollow noopener\" target=\"_blank\">Kvinner<\/a> \u2013 <a href=\"https:\/\/www.sportsidioten.no\/langrenn\/monsterbakken-menn-val-di-fiemme-tour-de-ski-etappe-7-2024-2025\/\" rel=\"nofollow noopener\" target=\"_blank\">Menn<\/a><\/p>\n<p>Menn<\/p>\n<tr>\n\u00c5r<br \/>\nNavn<br \/>\nNasjon<br \/>\nTid<br \/>\n<\/tr>\n<tr>\n<td>2007<\/td>\n<td><a title=\"Sergej Sjirjajev\" href=\"https:\/\/no.wikipedia.org\/wiki\/Sergej_Sjirjajev\" target=\"_blank\" rel=\"noopener nofollow\">Sergej Sjirjajev<\/a><\/td>\n<td><a title=\"Russland\" href=\"https:\/\/no.wikipedia.org\/wiki\/Russland\" target=\"_blank\" rel=\"noopener nofollow\"><img loading=\"lazy\" decoding=\"async\" class=\"mw-file-element\" src=\"https:\/\/www.europesays.com\/no\/wp-content\/uploads\/2025\/12\/22px-Flag_of_Russia.svg.png\"  alt=\"Russlands flagg\" width=\"22\" height=\"15\" data-file-width=\"900\" data-file-height=\"600\"\/><\/a>\u00a0<a title=\"Russland\" href=\"https:\/\/no.wikipedia.org\/wiki\/Russland\" target=\"_blank\" rel=\"noopener nofollow\">Russland<\/a><\/td>\n<td>32.07,8<\/td>\n<\/tr>\n<tr>\n<td>2008<\/td>\n<td><a title=\"Ren\u00e9 Sommerfeldt\" href=\"https:\/\/no.wikipedia.org\/wiki\/Ren%C3%A9_Sommerfeldt\" target=\"_blank\" rel=\"noopener nofollow\">Ren\u00e9 Sommerfeldt<\/a><\/td>\n<td><a title=\"Tyskland\" href=\"https:\/\/no.wikipedia.org\/wiki\/Tyskland\" target=\"_blank\" rel=\"noopener nofollow\"><img loading=\"lazy\" decoding=\"async\" class=\"mw-file-element\" src=\"https:\/\/www.europesays.com\/no\/wp-content\/uploads\/2025\/12\/22px-Flag_of_Germany.svg.png\"  alt=\"Tysklands flagg\" width=\"22\" height=\"13\" data-file-width=\"1000\" data-file-height=\"600\"\/><\/a>\u00a0<a title=\"Tyskland\" href=\"https:\/\/no.wikipedia.org\/wiki\/Tyskland\" target=\"_blank\" rel=\"noopener nofollow\">Tyskland<\/a><\/td>\n<td>32.59,0<\/td>\n<\/tr>\n<tr>\n<td>2009<\/td>\n<td><a title=\"Ivan Babikov\" href=\"https:\/\/no.wikipedia.org\/wiki\/Ivan_Babikov\" target=\"_blank\" rel=\"noopener nofollow\">Ivan Babikov<\/a><\/td>\n<td><a title=\"Canada\" href=\"https:\/\/no.wikipedia.org\/wiki\/Canada\" target=\"_blank\" rel=\"noopener nofollow\"><img loading=\"lazy\" decoding=\"async\" class=\"mw-file-element\" src=\"https:\/\/www.europesays.com\/no\/wp-content\/uploads\/2025\/12\/22px-Flag_of_Canada_(Pantone).svg.png\"  alt=\"Canadas flagg\" width=\"22\" height=\"11\" data-file-width=\"1200\" data-file-height=\"600\"\/><\/a>\u00a0<a title=\"Canada\" href=\"https:\/\/no.wikipedia.org\/wiki\/Canada\" target=\"_blank\" rel=\"noopener nofollow\">Canada<\/a><\/td>\n<td>33.51,2<\/td>\n<\/tr>\n<tr>\n<td>2010<\/td>\n<td><a title=\"Luk\u00e1\u0161 Bauer\" href=\"https:\/\/no.wikipedia.org\/wiki\/Luk%C3%A1%C5%A1_Bauer\" target=\"_blank\" rel=\"noopener nofollow\">Luk\u00e1\u0161 Bauer<\/a><\/td>\n<td><a title=\"Tsjekkia\" href=\"https:\/\/no.wikipedia.org\/wiki\/Tsjekkia\" target=\"_blank\" rel=\"noopener nofollow\"><img loading=\"lazy\" decoding=\"async\" class=\"mw-file-element\" src=\"https:\/\/www.europesays.com\/no\/wp-content\/uploads\/2025\/12\/22px-Flag_of_the_Czech_Republic.svg.png\"  alt=\"Tsjekkias flagg\" width=\"22\" height=\"15\" data-file-width=\"900\" data-file-height=\"600\"\/><\/a>\u00a0<a title=\"Tsjekkia\" href=\"https:\/\/no.wikipedia.org\/wiki\/Tsjekkia\" target=\"_blank\" rel=\"noopener nofollow\">Tsjekkia<\/a><\/td>\n<td>33.43,4<\/td>\n<\/tr>\n<tr>\n<td>2011<\/td>\n<td><a title=\"Luk\u00e1\u0161 Bauer\" href=\"https:\/\/no.wikipedia.org\/wiki\/Luk%C3%A1%C5%A1_Bauer\" target=\"_blank\" rel=\"noopener nofollow\">Luk\u00e1\u0161 Bauer<\/a><\/td>\n<td><a title=\"Tsjekkia\" href=\"https:\/\/no.wikipedia.org\/wiki\/Tsjekkia\" target=\"_blank\" rel=\"noopener nofollow\"><img loading=\"lazy\" decoding=\"async\" class=\"mw-file-element\" src=\"https:\/\/www.europesays.com\/no\/wp-content\/uploads\/2025\/12\/22px-Flag_of_the_Czech_Republic.svg.png\"  alt=\"Tsjekkias flagg\" width=\"22\" height=\"15\" data-file-width=\"900\" data-file-height=\"600\"\/><\/a>\u00a0<a title=\"Tsjekkia\" href=\"https:\/\/no.wikipedia.org\/wiki\/Tsjekkia\" target=\"_blank\" rel=\"noopener nofollow\">Tsjekkia<\/a><\/td>\n<td>30.28,3<\/td>\n<\/tr>\n<tr>\n<td>2012<\/td>\n<td><a title=\"Aleksandr Legkov\" href=\"https:\/\/no.wikipedia.org\/wiki\/Aleksandr_Legkov\" target=\"_blank\" rel=\"noopener nofollow\">Aleksandr Legkov<\/a><\/td>\n<td><a title=\"Russland\" href=\"https:\/\/no.wikipedia.org\/wiki\/Russland\" target=\"_blank\" rel=\"noopener nofollow\"><img loading=\"lazy\" decoding=\"async\" class=\"mw-file-element\" src=\"https:\/\/www.europesays.com\/no\/wp-content\/uploads\/2025\/12\/22px-Flag_of_Russia.svg.png\"  alt=\"Russlands flagg\" width=\"22\" height=\"15\" data-file-width=\"900\" data-file-height=\"600\"\/><\/a>\u00a0<a title=\"Russland\" href=\"https:\/\/no.wikipedia.org\/wiki\/Russland\" target=\"_blank\" rel=\"noopener nofollow\">Russland<\/a><\/td>\n<td>30.38,2<\/td>\n<\/tr>\n<tr>\n<td>2013<\/td>\n<td><a title=\"Marcus Hellner\" href=\"https:\/\/no.wikipedia.org\/wiki\/Marcus_Hellner\" target=\"_blank\" rel=\"noopener nofollow\">Marcus Hellner<\/a><\/td>\n<td><a title=\"Sverige\" href=\"https:\/\/no.wikipedia.org\/wiki\/Sverige\" target=\"_blank\" rel=\"noopener nofollow\"><img loading=\"lazy\" decoding=\"async\" class=\"mw-file-element\" src=\"https:\/\/www.europesays.com\/no\/wp-content\/uploads\/2025\/12\/22px-Flag_of_Sweden.svg.png\"  alt=\"Sveriges flagg\" width=\"22\" height=\"14\" data-file-width=\"1600\" data-file-height=\"1000\"\/><\/a>\u00a0<a title=\"Sverige\" href=\"https:\/\/no.wikipedia.org\/wiki\/Sverige\" target=\"_blank\" rel=\"noopener nofollow\">Sverige<\/a><\/td>\n<td>29.59,6<\/td>\n<\/tr>\n<tr>\n<td>2014<\/td>\n<td><a title=\"Chris Jespersen\" href=\"https:\/\/no.wikipedia.org\/wiki\/Chris_Jespersen\" target=\"_blank\" rel=\"noopener nofollow\">Chris Andr\u00e9 Jespersen<\/a><\/td>\n<td><a title=\"Norge\" href=\"https:\/\/no.wikipedia.org\/wiki\/Norge\" target=\"_blank\" rel=\"noopener nofollow\"><img loading=\"lazy\" decoding=\"async\" class=\"mw-file-element\" src=\"https:\/\/www.europesays.com\/no\/wp-content\/uploads\/2025\/12\/22px-Flag_of_Norway_(ef2b2d_for_red_&#038;_002868_for_blue).svg.png\"  alt=\"Norges flagg\" width=\"22\" height=\"16\" data-file-width=\"512\" data-file-height=\"372\"\/><\/a>\u00a0<a title=\"Norge\" href=\"https:\/\/no.wikipedia.org\/wiki\/Norge\" target=\"_blank\" rel=\"noopener nofollow\">Norge<\/a><\/td>\n<td>31.58,8<\/td>\n<\/tr>\n<tr>\n<td>2015<\/td>\n<td><a title=\"Roland Clara\" href=\"https:\/\/no.wikipedia.org\/wiki\/Roland_Clara\" target=\"_blank\" rel=\"noopener nofollow\">Roland Clara<\/a><\/td>\n<td><a title=\"Italia\" href=\"https:\/\/no.wikipedia.org\/wiki\/Italia\" target=\"_blank\" rel=\"noopener nofollow\"><img loading=\"lazy\" decoding=\"async\" class=\"mw-file-element\" src=\"https:\/\/www.europesays.com\/no\/wp-content\/uploads\/2025\/12\/22px-Flag_of_Italy.svg.png\"  alt=\"Italias flagg\" width=\"22\" height=\"15\" data-file-width=\"1500\" data-file-height=\"1000\"\/><\/a>\u00a0<a title=\"Italia\" href=\"https:\/\/no.wikipedia.org\/wiki\/Italia\" target=\"_blank\" rel=\"noopener nofollow\">Italia<\/a><\/td>\n<td>29.13,0<\/td>\n<\/tr>\n<tr>\n<td>2016<\/td>\n<td><a title=\"Martin Johnsrud Sundby\" href=\"https:\/\/no.wikipedia.org\/wiki\/Martin_Johnsrud_Sundby\" target=\"_blank\" rel=\"noopener nofollow\">Martin Johnsrud Sundby<\/a><\/td>\n<td><a title=\"Norge\" href=\"https:\/\/no.wikipedia.org\/wiki\/Norge\" target=\"_blank\" rel=\"noopener nofollow\"><img loading=\"lazy\" decoding=\"async\" class=\"mw-file-element\" src=\"https:\/\/www.europesays.com\/no\/wp-content\/uploads\/2025\/12\/22px-Flag_of_Norway_(ef2b2d_for_red_&#038;_002868_for_blue).svg.png\"  alt=\"Norges flagg\" width=\"22\" height=\"16\" data-file-width=\"512\" data-file-height=\"372\"\/><\/a>\u00a0<a title=\"Norge\" href=\"https:\/\/no.wikipedia.org\/wiki\/Norge\" target=\"_blank\" rel=\"noopener nofollow\">Norge<\/a><\/td>\n<td>30.47,0<\/td>\n<\/tr>\n<tr>\n<td>2017<\/td>\n<td><a title=\"Maurice Manificat\" href=\"https:\/\/no.wikipedia.org\/wiki\/Maurice_Manificat\" target=\"_blank\" rel=\"noopener nofollow\">Maurice Manificat<\/a><\/td>\n<td><a title=\"Frankrike\" href=\"https:\/\/no.wikipedia.org\/wiki\/Frankrike\" target=\"_blank\" rel=\"noopener nofollow\"><img loading=\"lazy\" decoding=\"async\" class=\"mw-file-element\" src=\"https:\/\/www.europesays.com\/no\/wp-content\/uploads\/2025\/12\/22px-Flag_of_France.svg.png\"  alt=\"Frankrikes flagg\" width=\"22\" height=\"15\" data-file-width=\"900\" data-file-height=\"600\"\/><\/a>\u00a0<a title=\"Frankrike\" href=\"https:\/\/no.wikipedia.org\/wiki\/Frankrike\" target=\"_blank\" rel=\"noopener nofollow\">Frankrike<\/a><\/td>\n<td>29.20,0<\/td>\n<\/tr>\n<tr>\n<td>2018<\/td>\n<td><a title=\"Martin Johnsrud Sundby\" href=\"https:\/\/no.wikipedia.org\/wiki\/Martin_Johnsrud_Sundby\" target=\"_blank\" rel=\"noopener nofollow\">Martin Johnsrud Sundby<\/a><\/td>\n<td><a title=\"Norge\" href=\"https:\/\/no.wikipedia.org\/wiki\/Norge\" target=\"_blank\" rel=\"noopener nofollow\"><img loading=\"lazy\" decoding=\"async\" class=\"mw-file-element\" src=\"https:\/\/www.europesays.com\/no\/wp-content\/uploads\/2025\/12\/22px-Flag_of_Norway_(ef2b2d_for_red_&#038;_002868_for_blue).svg.png\"  alt=\"Norges flagg\" width=\"22\" height=\"16\" data-file-width=\"512\" data-file-height=\"372\"\/><\/a>\u00a0<a title=\"Norge\" href=\"https:\/\/no.wikipedia.org\/wiki\/Norge\" target=\"_blank\" rel=\"noopener nofollow\">Norge<\/a><\/td>\n<td>28.36,4<\/td>\n<\/tr>\n<tr>\n<td>2019<\/td>\n<td><a title=\"Sjur R\u00f8the\" href=\"https:\/\/no.wikipedia.org\/wiki\/Sjur_R%C3%B8the\" target=\"_blank\" rel=\"noopener nofollow\">Sjur R\u00f8the<\/a><\/td>\n<td><a title=\"Norge\" href=\"https:\/\/no.wikipedia.org\/wiki\/Norge\" target=\"_blank\" rel=\"noopener nofollow\"><img loading=\"lazy\" decoding=\"async\" class=\"mw-file-element\" src=\"https:\/\/www.europesays.com\/no\/wp-content\/uploads\/2025\/12\/22px-Flag_of_Norway_(ef2b2d_for_red_&#038;_002868_for_blue).svg.png\"  alt=\"Norges flagg\" width=\"22\" height=\"16\" data-file-width=\"512\" data-file-height=\"372\"\/><\/a>\u00a0<a title=\"Norge\" href=\"https:\/\/no.wikipedia.org\/wiki\/Norge\" target=\"_blank\" rel=\"noopener nofollow\">Norge<\/a><\/td>\n<td>30.32,0<\/td>\n<\/tr>\n<tr>\n<td>2020<\/td>\n<td><a title=\"Simen Hegstad Kr\u00fcger\" href=\"https:\/\/no.wikipedia.org\/wiki\/Simen_Hegstad_Kr%C3%BCger\" target=\"_blank\" rel=\"noopener nofollow\">Simen Hegstad Kr\u00fcger<\/a><\/td>\n<td><a title=\"Norge\" href=\"https:\/\/no.wikipedia.org\/wiki\/Norge\" target=\"_blank\" rel=\"noopener nofollow\"><img loading=\"lazy\" decoding=\"async\" class=\"mw-file-element\" src=\"https:\/\/www.europesays.com\/no\/wp-content\/uploads\/2025\/12\/22px-Flag_of_Norway_(ef2b2d_for_red_&#038;_002868_for_blue).svg.png\"  alt=\"Norges flagg\" width=\"22\" height=\"16\" data-file-width=\"512\" data-file-height=\"372\"\/><\/a>\u00a0<a title=\"Norge\" href=\"https:\/\/no.wikipedia.org\/wiki\/Norge\" target=\"_blank\" rel=\"noopener nofollow\">Norge<\/a><\/td>\n<td>30.55,8<\/td>\n<\/tr>\n<tr>\n<td>2021<\/td>\n<td><a title=\"Denis Spitsov\" href=\"https:\/\/no.wikipedia.org\/wiki\/Denis_Spitsov\" target=\"_blank\" rel=\"noopener nofollow\">Denis Spitsov<\/a><\/td>\n<td><a title=\"Russland\" href=\"https:\/\/no.wikipedia.org\/wiki\/Russland\" target=\"_blank\" rel=\"noopener nofollow\"><img loading=\"lazy\" decoding=\"async\" class=\"mw-file-element\" src=\"https:\/\/www.europesays.com\/no\/wp-content\/uploads\/2025\/12\/22px-Flag_of_Russia.svg.png\"  alt=\"Russlands flagg\" width=\"22\" height=\"15\" data-file-width=\"900\" data-file-height=\"600\"\/><\/a>\u00a0<a title=\"Russland\" href=\"https:\/\/no.wikipedia.org\/wiki\/Russland\" target=\"_blank\" rel=\"noopener nofollow\">Russland<\/a><\/td>\n<td>32.41,0<\/td>\n<\/tr>\n<tr>\n<td>2022<\/td>\n<td><a title=\"Sjur R\u00f8the\" href=\"https:\/\/no.wikipedia.org\/wiki\/Sjur_R%C3%B8the\" target=\"_blank\" rel=\"noopener nofollow\">Sjur R\u00f8the<\/a><\/td>\n<td><a title=\"Norge\" href=\"https:\/\/no.wikipedia.org\/wiki\/Norge\" target=\"_blank\" rel=\"noopener nofollow\"><img loading=\"lazy\" decoding=\"async\" class=\"mw-file-element\" src=\"https:\/\/www.europesays.com\/no\/wp-content\/uploads\/2025\/12\/22px-Flag_of_Norway_(ef2b2d_for_red_&#038;_002868_for_blue).svg.png\"  alt=\"Norges flagg\" width=\"22\" height=\"16\" data-file-width=\"512\" data-file-height=\"372\"\/><\/a>\u00a0<a title=\"Norge\" href=\"https:\/\/no.wikipedia.org\/wiki\/Norge\" target=\"_blank\" rel=\"noopener nofollow\">Norge<\/a><\/td>\n<td>31.42,1<\/td>\n<\/tr>\n<tr>\n<td>2023<\/td>\n<td><a title=\"Simen Hegstad Kr\u00fcger\" href=\"https:\/\/no.wikipedia.org\/wiki\/Simen_Hegstad_Kr%C3%BCger\" target=\"_blank\" rel=\"noopener nofollow\">Simen Hegstad Kr\u00fcger<\/a><\/td>\n<td><a title=\"Norge\" href=\"https:\/\/no.wikipedia.org\/wiki\/Norge\" target=\"_blank\" rel=\"noopener nofollow\"><img loading=\"lazy\" decoding=\"async\" class=\"mw-file-element\" src=\"https:\/\/www.europesays.com\/no\/wp-content\/uploads\/2025\/12\/22px-Flag_of_Norway_(ef2b2d_for_red_&#038;_002868_for_blue).svg.png\"  alt=\"Norges flagg\" width=\"22\" height=\"16\" data-file-width=\"512\" data-file-height=\"372\"\/><\/a>\u00a0<a title=\"Norge\" href=\"https:\/\/no.wikipedia.org\/wiki\/Norge\" target=\"_blank\" rel=\"noopener nofollow\">Norge<\/a><\/td>\n<td>31.20,4<\/td>\n<\/tr>\n<tr>\n<td>2024<\/td>\n<td><a title=\"Jules Lapierre\" href=\"https:\/\/no.wikipedia.org\/wiki\/Jules_Lapierre\" target=\"_blank\" rel=\"noopener nofollow\">Jules Lapierre<\/a><\/td>\n<td><a title=\"Frankrike\" href=\"https:\/\/no.wikipedia.org\/wiki\/Frankrike\" target=\"_blank\" rel=\"noopener nofollow\"><img loading=\"lazy\" decoding=\"async\" class=\"mw-file-element\" src=\"https:\/\/www.europesays.com\/no\/wp-content\/uploads\/2025\/12\/22px-Flag_of_France.svg.png\"  alt=\"Frankrikes flagg\" width=\"22\" height=\"15\" data-file-width=\"900\" data-file-height=\"600\"\/><\/a>\u00a0<a title=\"Frankrike\" href=\"https:\/\/no.wikipedia.org\/wiki\/Frankrike\" target=\"_blank\" rel=\"noopener nofollow\">Frankrike<\/a><\/td>\n<td>33.00,7<\/td>\n<\/tr>\n<p>Kvinner<\/p>\n<tr>\n\u00c5r<br \/>\nNavn<br \/>\nNasjon<br \/>\nTid<br \/>\n<\/tr>\n<tr>\n<td>2007<\/td>\n<td><a title=\"Kate\u0159ina Neumannov\u00e1\" href=\"https:\/\/no.wikipedia.org\/wiki\/Kate%C5%99ina_Neumannov%C3%A1\" target=\"_blank\" rel=\"noopener nofollow\">Kate\u0159ina Neumannov\u00e1<\/a><\/td>\n<td><a title=\"Tsjekkia\" href=\"https:\/\/no.wikipedia.org\/wiki\/Tsjekkia\" target=\"_blank\" rel=\"noopener nofollow\"><img loading=\"lazy\" decoding=\"async\" class=\"mw-file-element\" src=\"https:\/\/www.europesays.com\/no\/wp-content\/uploads\/2025\/12\/22px-Flag_of_the_Czech_Republic.svg.png\"  alt=\"Tsjekkias flagg\" width=\"22\" height=\"15\" data-file-width=\"900\" data-file-height=\"600\"\/><\/a>\u00a0<a title=\"Tsjekkia\" href=\"https:\/\/no.wikipedia.org\/wiki\/Tsjekkia\" target=\"_blank\" rel=\"noopener nofollow\">Tsjekkia<\/a><\/td>\n<td>34.24,5<\/td>\n<\/tr>\n<tr>\n<td>2008<\/td>\n<td><a title=\"Valentyna Sjevtsjenko\" href=\"https:\/\/no.wikipedia.org\/wiki\/Valentyna_Sjevtsjenko\" target=\"_blank\" rel=\"noopener nofollow\">Valentyna Sjevtsjenko<\/a><\/td>\n<td><a title=\"Ukraina\" href=\"https:\/\/no.wikipedia.org\/wiki\/Ukraina\" target=\"_blank\" rel=\"noopener nofollow\"><img loading=\"lazy\" decoding=\"async\" class=\"mw-file-element\" src=\"https:\/\/www.europesays.com\/no\/wp-content\/uploads\/2025\/12\/22px-Flag_of_Ukraine.svg.png\"  alt=\"Ukrainas flagg\" width=\"22\" height=\"15\" data-file-width=\"1200\" data-file-height=\"800\"\/><\/a>\u00a0<a title=\"Ukraina\" href=\"https:\/\/no.wikipedia.org\/wiki\/Ukraina\" target=\"_blank\" rel=\"noopener nofollow\">Ukraina<\/a><\/td>\n<td>34.06,2<\/td>\n<\/tr>\n<tr>\n<td>2009<\/td>\n<td><a title=\"Therese Johaug\" href=\"https:\/\/no.wikipedia.org\/wiki\/Therese_Johaug\" target=\"_blank\" rel=\"noopener nofollow\">Therese Johaug<\/a><\/td>\n<td><a title=\"Norge\" href=\"https:\/\/no.wikipedia.org\/wiki\/Norge\" target=\"_blank\" rel=\"noopener nofollow\"><img loading=\"lazy\" decoding=\"async\" class=\"mw-file-element\" src=\"https:\/\/www.europesays.com\/no\/wp-content\/uploads\/2025\/12\/22px-Flag_of_Norway_(ef2b2d_for_red_&#038;_002868_for_blue).svg.png\"  alt=\"Norges flagg\" width=\"22\" height=\"16\" data-file-width=\"512\" data-file-height=\"372\"\/><\/a>\u00a0<a title=\"Norge\" href=\"https:\/\/no.wikipedia.org\/wiki\/Norge\" target=\"_blank\" rel=\"noopener nofollow\">Norge<\/a><\/td>\n<td>35.07,7<\/td>\n<\/tr>\n<tr>\n<td>2010<\/td>\n<td><a title=\"Kristin St\u00f8rmer Steira\" href=\"https:\/\/no.wikipedia.org\/wiki\/Kristin_St%C3%B8rmer_Steira\" target=\"_blank\" rel=\"noopener nofollow\">Kristin St\u00f8rmer Steira<\/a><\/td>\n<td><a title=\"Norge\" href=\"https:\/\/no.wikipedia.org\/wiki\/Norge\" target=\"_blank\" rel=\"noopener nofollow\"><img loading=\"lazy\" decoding=\"async\" class=\"mw-file-element\" src=\"https:\/\/www.europesays.com\/no\/wp-content\/uploads\/2025\/12\/22px-Flag_of_Norway_(ef2b2d_for_red_&#038;_002868_for_blue).svg.png\"  alt=\"Norges flagg\" width=\"22\" height=\"16\" data-file-width=\"512\" data-file-height=\"372\"\/><\/a>\u00a0<a title=\"Norge\" href=\"https:\/\/no.wikipedia.org\/wiki\/Norge\" target=\"_blank\" rel=\"noopener nofollow\">Norge<\/a><\/td>\n<td>35.49,8<\/td>\n<\/tr>\n<tr>\n<td>2011<\/td>\n<td><a title=\"Therese Johaug\" href=\"https:\/\/no.wikipedia.org\/wiki\/Therese_Johaug\" target=\"_blank\" rel=\"noopener nofollow\">Therese Johaug<\/a><\/td>\n<td><a title=\"Norge\" href=\"https:\/\/no.wikipedia.org\/wiki\/Norge\" target=\"_blank\" rel=\"noopener nofollow\"><img loading=\"lazy\" decoding=\"async\" class=\"mw-file-element\" src=\"https:\/\/www.europesays.com\/no\/wp-content\/uploads\/2025\/12\/22px-Flag_of_Norway_(ef2b2d_for_red_&#038;_002868_for_blue).svg.png\"  alt=\"Norges flagg\" width=\"22\" height=\"16\" data-file-width=\"512\" data-file-height=\"372\"\/><\/a>\u00a0<a title=\"Norge\" href=\"https:\/\/no.wikipedia.org\/wiki\/Norge\" target=\"_blank\" rel=\"noopener nofollow\">Norge<\/a><\/td>\n<td>33.14,4<\/td>\n<\/tr>\n<tr>\n<td>2012<\/td>\n<td><a title=\"Therese Johaug\" href=\"https:\/\/no.wikipedia.org\/wiki\/Therese_Johaug\" target=\"_blank\" rel=\"noopener nofollow\">Therese Johaug<\/a><\/td>\n<td><a title=\"Norge\" href=\"https:\/\/no.wikipedia.org\/wiki\/Norge\" target=\"_blank\" rel=\"noopener nofollow\"><img loading=\"lazy\" decoding=\"async\" class=\"mw-file-element\" src=\"https:\/\/www.europesays.com\/no\/wp-content\/uploads\/2025\/12\/22px-Flag_of_Norway_(ef2b2d_for_red_&#038;_002868_for_blue).svg.png\"  alt=\"Norges flagg\" width=\"22\" height=\"16\" data-file-width=\"512\" data-file-height=\"372\"\/><\/a>\u00a0<a title=\"Norge\" href=\"https:\/\/no.wikipedia.org\/wiki\/Norge\" target=\"_blank\" rel=\"noopener nofollow\">Norge<\/a><\/td>\n<td>34.17,7<\/td>\n<\/tr>\n<tr>\n<td>2013<\/td>\n<td><a title=\"Therese Johaug\" href=\"https:\/\/no.wikipedia.org\/wiki\/Therese_Johaug\" target=\"_blank\" rel=\"noopener nofollow\">Therese Johaug<\/a><\/td>\n<td><a title=\"Norge\" href=\"https:\/\/no.wikipedia.org\/wiki\/Norge\" target=\"_blank\" rel=\"noopener nofollow\"><img loading=\"lazy\" decoding=\"async\" class=\"mw-file-element\" src=\"https:\/\/www.europesays.com\/no\/wp-content\/uploads\/2025\/12\/22px-Flag_of_Norway_(ef2b2d_for_red_&#038;_002868_for_blue).svg.png\"  alt=\"Norges flagg\" width=\"22\" height=\"16\" data-file-width=\"512\" data-file-height=\"372\"\/><\/a>\u00a0<a title=\"Norge\" href=\"https:\/\/no.wikipedia.org\/wiki\/Norge\" target=\"_blank\" rel=\"noopener nofollow\">Norge<\/a><\/td>\n<td>34.12,4<\/td>\n<\/tr>\n<tr>\n<td>2014<\/td>\n<td><a title=\"Therese Johaug\" href=\"https:\/\/no.wikipedia.org\/wiki\/Therese_Johaug\" target=\"_blank\" rel=\"noopener nofollow\">Therese Johaug<\/a><\/td>\n<td><a title=\"Norge\" href=\"https:\/\/no.wikipedia.org\/wiki\/Norge\" target=\"_blank\" rel=\"noopener nofollow\"><img loading=\"lazy\" decoding=\"async\" class=\"mw-file-element\" src=\"https:\/\/www.europesays.com\/no\/wp-content\/uploads\/2025\/12\/22px-Flag_of_Norway_(ef2b2d_for_red_&#038;_002868_for_blue).svg.png\"  alt=\"Norges flagg\" width=\"22\" height=\"16\" data-file-width=\"512\" data-file-height=\"372\"\/><\/a>\u00a0<a title=\"Norge\" href=\"https:\/\/no.wikipedia.org\/wiki\/Norge\" target=\"_blank\" rel=\"noopener nofollow\">Norge<\/a><\/td>\n<td>34.19,8<\/td>\n<\/tr>\n<tr>\n<td>2015<\/td>\n<td><a title=\"Therese Johaug\" href=\"https:\/\/no.wikipedia.org\/wiki\/Therese_Johaug\" target=\"_blank\" rel=\"noopener nofollow\">Therese Johaug<\/a><\/td>\n<td><a title=\"Norge\" href=\"https:\/\/no.wikipedia.org\/wiki\/Norge\" target=\"_blank\" rel=\"noopener nofollow\"><img loading=\"lazy\" decoding=\"async\" class=\"mw-file-element\" src=\"https:\/\/www.europesays.com\/no\/wp-content\/uploads\/2025\/12\/22px-Flag_of_Norway_(ef2b2d_for_red_&#038;_002868_for_blue).svg.png\"  alt=\"Norges flagg\" width=\"22\" height=\"16\" data-file-width=\"512\" data-file-height=\"372\"\/><\/a>\u00a0<a title=\"Norge\" href=\"https:\/\/no.wikipedia.org\/wiki\/Norge\" target=\"_blank\" rel=\"noopener nofollow\">Norge<\/a><\/td>\n<td>32.16,4<\/td>\n<\/tr>\n<tr>\n<td>2016<\/td>\n<td><a title=\"Therese Johaug\" href=\"https:\/\/no.wikipedia.org\/wiki\/Therese_Johaug\" target=\"_blank\" rel=\"noopener nofollow\">Therese Johaug<\/a><\/td>\n<td><a title=\"Norge\" href=\"https:\/\/no.wikipedia.org\/wiki\/Norge\" target=\"_blank\" rel=\"noopener nofollow\"><img loading=\"lazy\" decoding=\"async\" class=\"mw-file-element\" src=\"https:\/\/www.europesays.com\/no\/wp-content\/uploads\/2025\/12\/22px-Flag_of_Norway_(ef2b2d_for_red_&#038;_002868_for_blue).svg.png\"  alt=\"Norges flagg\" width=\"22\" height=\"16\" data-file-width=\"512\" data-file-height=\"372\"\/><\/a>\u00a0<a title=\"Norge\" href=\"https:\/\/no.wikipedia.org\/wiki\/Norge\" target=\"_blank\" rel=\"noopener nofollow\">Norge<\/a><\/td>\n<td>33.14,8<\/td>\n<\/tr>\n<tr>\n<td>2017<\/td>\n<td><a title=\"Heidi Weng\" href=\"https:\/\/no.wikipedia.org\/wiki\/Heidi_Weng\" target=\"_blank\" rel=\"noopener nofollow\">Heidi Weng<\/a><\/td>\n<td><a title=\"Norge\" href=\"https:\/\/no.wikipedia.org\/wiki\/Norge\" target=\"_blank\" rel=\"noopener nofollow\"><img loading=\"lazy\" decoding=\"async\" class=\"mw-file-element\" src=\"https:\/\/www.europesays.com\/no\/wp-content\/uploads\/2025\/12\/22px-Flag_of_Norway_(ef2b2d_for_red_&#038;_002868_for_blue).svg.png\"  alt=\"Norges flagg\" width=\"22\" height=\"16\" data-file-width=\"512\" data-file-height=\"372\"\/><\/a>\u00a0<a title=\"Norge\" href=\"https:\/\/no.wikipedia.org\/wiki\/Norge\" target=\"_blank\" rel=\"noopener nofollow\">Norge<\/a><\/td>\n<td>33.34,3<\/td>\n<\/tr>\n<tr>\n<td>2018<\/td>\n<td><a title=\"Heidi Weng\" href=\"https:\/\/no.wikipedia.org\/wiki\/Heidi_Weng\" target=\"_blank\" rel=\"noopener nofollow\">Heidi Weng<\/a><\/td>\n<td><a title=\"Norge\" href=\"https:\/\/no.wikipedia.org\/wiki\/Norge\" target=\"_blank\" rel=\"noopener nofollow\"><img loading=\"lazy\" decoding=\"async\" class=\"mw-file-element\" src=\"https:\/\/www.europesays.com\/no\/wp-content\/uploads\/2025\/12\/22px-Flag_of_Norway_(ef2b2d_for_red_&#038;_002868_for_blue).svg.png\"  alt=\"Norges flagg\" width=\"22\" height=\"16\" data-file-width=\"512\" data-file-height=\"372\"\/><\/a>\u00a0<a title=\"Norge\" href=\"https:\/\/no.wikipedia.org\/wiki\/Norge\" target=\"_blank\" rel=\"noopener nofollow\">Norge<\/a><\/td>\n<td>32.11,5<\/td>\n<\/tr>\n<tr>\n<td>2019<\/td>\n<td><a title=\"Ingvild Flugstad \u00d8stberg\" href=\"https:\/\/no.wikipedia.org\/wiki\/Ingvild_Flugstad_%C3%98stberg\" target=\"_blank\" rel=\"noopener nofollow\">Ingvild Flugstad \u00d8stberg<\/a><\/td>\n<td><a title=\"Norge\" href=\"https:\/\/no.wikipedia.org\/wiki\/Norge\" target=\"_blank\" rel=\"noopener nofollow\"><img loading=\"lazy\" decoding=\"async\" class=\"mw-file-element\" src=\"https:\/\/www.europesays.com\/no\/wp-content\/uploads\/2025\/12\/22px-Flag_of_Norway_(ef2b2d_for_red_&#038;_002868_for_blue).svg.png\"  alt=\"Norges flagg\" width=\"22\" height=\"16\" data-file-width=\"512\" data-file-height=\"372\"\/><\/a>\u00a0<a title=\"Norge\" href=\"https:\/\/no.wikipedia.org\/wiki\/Norge\" target=\"_blank\" rel=\"noopener nofollow\">Norge<\/a><\/td>\n<td>35.15,0<\/td>\n<\/tr>\n<tr>\n<td>2020<\/td>\n<td><a title=\"Therese Johaug\" href=\"https:\/\/no.wikipedia.org\/wiki\/Therese_Johaug\" target=\"_blank\" rel=\"noopener nofollow\">Therese Johaug<\/a><\/td>\n<td><a title=\"Norge\" href=\"https:\/\/no.wikipedia.org\/wiki\/Norge\" target=\"_blank\" rel=\"noopener nofollow\"><img loading=\"lazy\" decoding=\"async\" class=\"mw-file-element\" src=\"https:\/\/www.europesays.com\/no\/wp-content\/uploads\/2025\/12\/22px-Flag_of_Norway_(ef2b2d_for_red_&#038;_002868_for_blue).svg.png\"  alt=\"Norges flagg\" width=\"22\" height=\"16\" data-file-width=\"512\" data-file-height=\"372\"\/><\/a>\u00a0<a title=\"Norge\" href=\"https:\/\/no.wikipedia.org\/wiki\/Norge\" target=\"_blank\" rel=\"noopener nofollow\">Norge<\/a><\/td>\n<td>34.21,6<\/td>\n<\/tr>\n<tr>\n<td>2021<\/td>\n<td><a title=\"Ebba Andersson\" href=\"https:\/\/no.wikipedia.org\/wiki\/Ebba_Andersson\" target=\"_blank\" rel=\"noopener nofollow\">Ebba Andersson<\/a><\/td>\n<td><a title=\"Sverige\" href=\"https:\/\/no.wikipedia.org\/wiki\/Sverige\" target=\"_blank\" rel=\"noopener nofollow\"><img loading=\"lazy\" decoding=\"async\" class=\"mw-file-element\" src=\"https:\/\/www.europesays.com\/no\/wp-content\/uploads\/2025\/12\/22px-Flag_of_Sweden.svg.png\"  alt=\"Sveriges flagg\" width=\"22\" height=\"14\" data-file-width=\"1600\" data-file-height=\"1000\"\/><\/a>\u00a0<a title=\"Sverige\" href=\"https:\/\/no.wikipedia.org\/wiki\/Sverige\" target=\"_blank\" rel=\"noopener nofollow\">Sverige<\/a><\/td>\n<td>36.45,6<\/td>\n<\/tr>\n<tr>\n<td>2022<\/td>\n<td><a title=\"Heidi Weng\" href=\"https:\/\/no.wikipedia.org\/wiki\/Heidi_Weng\" target=\"_blank\" rel=\"noopener nofollow\">Heidi Weng<\/a><\/td>\n<td><a title=\"Norge\" href=\"https:\/\/no.wikipedia.org\/wiki\/Norge\" target=\"_blank\" rel=\"noopener nofollow\"><img loading=\"lazy\" decoding=\"async\" class=\"mw-file-element\" src=\"https:\/\/www.europesays.com\/no\/wp-content\/uploads\/2025\/12\/22px-Flag_of_Norway_(ef2b2d_for_red_&#038;_002868_for_blue).svg.png\"  alt=\"Norges flagg\" width=\"22\" height=\"16\" data-file-width=\"512\" data-file-height=\"372\"\/><\/a>\u00a0<a title=\"Norge\" href=\"https:\/\/no.wikipedia.org\/wiki\/Norge\" target=\"_blank\" rel=\"noopener nofollow\">Norge<\/a><\/td>\n<td>35.41,2<\/td>\n<\/tr>\n<tr>\n<td>2023<\/td>\n<td><a title=\"Delphine Claudel\" href=\"https:\/\/no.wikipedia.org\/wiki\/Delphine_Claudel\" target=\"_blank\" rel=\"noopener nofollow\">Delphine Claudel<\/a><\/td>\n<td><a title=\"Frankrike\" href=\"https:\/\/no.wikipedia.org\/wiki\/Frankrike\" target=\"_blank\" rel=\"noopener nofollow\"><img loading=\"lazy\" decoding=\"async\" class=\"mw-file-element\" src=\"https:\/\/www.europesays.com\/no\/wp-content\/uploads\/2025\/12\/22px-Flag_of_France.svg.png\"  alt=\"Frankrikes flagg\" width=\"22\" height=\"15\" data-file-width=\"900\" data-file-height=\"600\"\/><\/a>\u00a0<a title=\"Frankrike\" href=\"https:\/\/no.wikipedia.org\/wiki\/Frankrike\" target=\"_blank\" rel=\"noopener nofollow\">Frankrike<\/a><\/td>\n<td>36.35,4<\/td>\n<\/tr>\n<tr>\n<td>2024<\/td>\n<td><a title=\"Sophia Laukli\" href=\"https:\/\/no.wikipedia.org\/wiki\/Sophia_Laukli\" target=\"_blank\" rel=\"noopener nofollow\">Sophia Laukli<\/a><\/td>\n<td><a title=\"USA\" href=\"https:\/\/no.wikipedia.org\/wiki\/USA\" target=\"_blank\" rel=\"noopener nofollow\"><img loading=\"lazy\" decoding=\"async\" class=\"mw-file-element\" src=\"https:\/\/www.europesays.com\/no\/wp-content\/uploads\/2025\/12\/22px-Flag_of_the_United_States.svg.png\"  alt=\"USAs flagg\" width=\"22\" height=\"12\" data-file-width=\"1235\" data-file-height=\"650\"\/><\/a>\u00a0<a title=\"USA\" href=\"https:\/\/no.wikipedia.org\/wiki\/USA\" target=\"_blank\" rel=\"noopener nofollow\">USA<\/a><\/td>\n<td>38.16,5<\/td>\n<\/tr>\n<p>Tidligere vinnere av Tour de Ski:<br \/>\nKvinner:<\/p>\n<p>Menn:<\/p>\n<p>Flest etappeseire i Tour de Ski:<br \/>\n<strong>Menn:<\/strong><\/p>\n<p><strong>Kvinner:<\/strong><\/p>\n<p><strong>Arrang\u00f8rsteder Tour de Ski:<\/strong><\/p>\n<tr>\n\u00c5r<br \/>\nDato<br \/>\nEtapper<br \/>\nArrang\u00f8rsteder<br \/>\n<\/tr>\n<tr>\n<td><a title=\"Tour de Ski 2006\/07\" href=\"https:\/\/no.wikipedia.org\/wiki\/Tour_de_Ski_2006\/07\" target=\"_blank\" rel=\"noopener nofollow\">2006\/07<\/a><\/td>\n<td align=\"left\">31. desember 2006\u20137. januar 2007<\/td>\n<td>6\u00b9<\/td>\n<td align=\"left\"><a title=\"M\u00fcnchen\" href=\"https:\/\/no.wikipedia.org\/wiki\/M%C3%BCnchen\" target=\"_blank\" rel=\"noopener nofollow\">M\u00fcnchen<\/a>,\u00a0<a title=\"Oberstdorf\" href=\"https:\/\/no.wikipedia.org\/wiki\/Oberstdorf\" target=\"_blank\" rel=\"noopener nofollow\">Oberstdorf<\/a>,\u00a0<a title=\"Asiago\" href=\"https:\/\/no.wikipedia.org\/wiki\/Asiago\" target=\"_blank\" rel=\"noopener nofollow\">Asiago<\/a>\u00a0og\u00a0<a title=\"Val di Fiemme\" href=\"https:\/\/no.wikipedia.org\/wiki\/Val_di_Fiemme\" target=\"_blank\" rel=\"noopener nofollow\">Val di Fiemme<\/a><\/td>\n<\/tr>\n<tr>\n<td><a title=\"Tour de Ski 2007\/08\" href=\"https:\/\/no.wikipedia.org\/wiki\/Tour_de_Ski_2007\/08\" target=\"_blank\" rel=\"noopener nofollow\">2007\/08<\/a><\/td>\n<td align=\"left\">28. desember 2007\u20136. januar 2008<\/td>\n<td>8<\/td>\n<td align=\"left\"><a title=\"Nov\u00e9 M\u011bsto na Morav\u011b\" href=\"https:\/\/no.wikipedia.org\/wiki\/Nov%C3%A9_M%C4%9Bsto_na_Morav%C4%9B\" target=\"_blank\" rel=\"noopener nofollow\">Nov\u00e9 M\u011bsto<\/a>,\u00a0<a title=\"Praha\" href=\"https:\/\/no.wikipedia.org\/wiki\/Praha\" target=\"_blank\" rel=\"noopener nofollow\">Praha<\/a>, Asiago og Val di Fiemme<\/td>\n<\/tr>\n<tr>\n<td><a title=\"Tour de Ski 2008\/09\" href=\"https:\/\/no.wikipedia.org\/wiki\/Tour_de_Ski_2008\/09\" target=\"_blank\" rel=\"noopener nofollow\">2008\/09<\/a><\/td>\n<td align=\"left\">27. desember 2008\u20134. januar 2009<\/td>\n<td>7<\/td>\n<td align=\"left\"><a title=\"Oberhof\" href=\"https:\/\/no.wikipedia.org\/wiki\/Oberhof\" target=\"_blank\" rel=\"noopener nofollow\">Oberhof<\/a>, Praha, Nov\u00e9 M\u011bsto og Val di Fiemme<\/td>\n<\/tr>\n<tr>\n<td><a title=\"Tour de Ski 2009\/10\" href=\"https:\/\/no.wikipedia.org\/wiki\/Tour_de_Ski_2009\/10\" target=\"_blank\" rel=\"noopener nofollow\">2009\/10<\/a><\/td>\n<td align=\"left\">1. januar 2010\u201310. januar 2010<\/td>\n<td>8<\/td>\n<td align=\"left\">Oberhof, Praha,\u00a0<a title=\"Cortina d\u2019Ampezzo\" href=\"https:\/\/no.wikipedia.org\/wiki\/Cortina_d%E2%80%99Ampezzo\" target=\"_blank\" rel=\"noopener nofollow\">Cortina d\u2019Ampezzo<\/a>,\u00a0<a title=\"Toblach\" href=\"https:\/\/no.wikipedia.org\/wiki\/Toblach\" target=\"_blank\" rel=\"noopener nofollow\">Toblach<\/a>\u00a0og Val di Fiemme<\/td>\n<\/tr>\n<tr>\n<td><a title=\"Tour de Ski 2010\/11\" href=\"https:\/\/no.wikipedia.org\/wiki\/Tour_de_Ski_2010\/11\" target=\"_blank\" rel=\"noopener nofollow\">2010\/11<\/a><\/td>\n<td align=\"left\">31. desember 2010\u20139. januar 2011<\/td>\n<td>8<\/td>\n<td align=\"left\">Oberhof, Oberstdorf, Cortina d\u2019Ampezzo, Toblach og Val di Fiemme<\/td>\n<\/tr>\n<tr>\n<td><a title=\"Tour de Ski 2011\/12\" href=\"https:\/\/no.wikipedia.org\/wiki\/Tour_de_Ski_2011\/12\" target=\"_blank\" rel=\"noopener nofollow\">2011\/12<\/a><\/td>\n<td align=\"left\">29. desember 2011\u20138. januar 2012<\/td>\n<td>9<\/td>\n<td align=\"left\">Oberhof, Oberstdorf, Toblach, Cortina d\u2019Ampezzo og Val di Fiemme<\/td>\n<\/tr>\n<tr>\n<td><a title=\"Tour de Ski 2012\/13\" href=\"https:\/\/no.wikipedia.org\/wiki\/Tour_de_Ski_2012\/13\" target=\"_blank\" rel=\"noopener nofollow\">2012\/13<\/a><\/td>\n<td align=\"left\">29. desember 2012\u20136. januar 2013<\/td>\n<td>7<\/td>\n<td align=\"left\">Oberhof,\u00a0<a title=\"Val M\u00fcstair\" href=\"https:\/\/no.wikipedia.org\/wiki\/Val_M%C3%BCstair\" target=\"_blank\" rel=\"noopener nofollow\">Val M\u00fcstair<\/a>, Cortina d\u2019Ampezzo, Toblach og Val di Fiemme<\/td>\n<\/tr>\n<tr>\n<td><a title=\"Tour de Ski 2013\/14\" href=\"https:\/\/no.wikipedia.org\/wiki\/Tour_de_Ski_2013\/14\" target=\"_blank\" rel=\"noopener nofollow\">2013\/14<\/a><\/td>\n<td align=\"left\">28. desember 2013\u20135. januar 2014<\/td>\n<td>7<\/td>\n<td align=\"left\">Oberhof,\u00a0<a title=\"Lenzerheide\" href=\"https:\/\/no.wikipedia.org\/wiki\/Lenzerheide\" target=\"_blank\" rel=\"noopener nofollow\">Lenzerheide<\/a>, Cortina d\u2019Ampezzo, Toblach og Val di Fiemme<\/td>\n<\/tr>\n<tr>\n<td><a title=\"Tour de Ski 2015\" href=\"https:\/\/no.wikipedia.org\/wiki\/Tour_de_Ski_2015\" target=\"_blank\" rel=\"noopener nofollow\">2015<\/a><\/td>\n<td align=\"left\">3. januar 2015\u201311. januar 2015<\/td>\n<td>7<\/td>\n<td align=\"left\">Oberhof, Val M\u00fcstair, Toblach og Val di Fiemme<\/td>\n<\/tr>\n<tr>\n<td><a title=\"Tour de Ski 2016\" href=\"https:\/\/no.wikipedia.org\/wiki\/Tour_de_Ski_2016\" target=\"_blank\" rel=\"noopener nofollow\">2016<\/a><\/td>\n<td align=\"left\">1. januar 2016\u201310. januar 2016<\/td>\n<td>8<\/td>\n<td align=\"left\">Lenzerheide, Oberstdorf, Toblach og Val di Fiemme<\/td>\n<\/tr>\n<tr>\n<td><a title=\"Tour de Ski 2016\/17\" href=\"https:\/\/no.wikipedia.org\/wiki\/Tour_de_Ski_2016\/17\" target=\"_blank\" rel=\"noopener nofollow\">2016\/17<\/a><\/td>\n<td align=\"left\">31. desember 2016\u20138. januar 2017<\/td>\n<td>7<\/td>\n<td align=\"left\">Val M\u00fcstair, Oberstdorf, Toblach og Val di Fiemme<\/td>\n<\/tr>\n<tr>\n<td><a title=\"Tour de Ski 2017\/18\" href=\"https:\/\/no.wikipedia.org\/wiki\/Tour_de_Ski_2017\/18\" target=\"_blank\" rel=\"noopener nofollow\">2017\/18<\/a><\/td>\n<td align=\"left\">30. desember 2017\u20137. januar 2018<\/td>\n<td>62<\/td>\n<td align=\"left\">Lenzerheide, Oberstdorf og Val di Fiemme<\/td>\n<\/tr>\n<tr>\n<td><a title=\"Tour de Ski 2018\/19\" href=\"https:\/\/no.wikipedia.org\/wiki\/Tour_de_Ski_2018\/19\" target=\"_blank\" rel=\"noopener nofollow\">2018\/19<\/a><\/td>\n<td align=\"left\">29. desember 2018\u20134. januar 2019<\/td>\n<td>7<\/td>\n<td align=\"left\">Toblach, Val M\u00fcstair, Oberstdorf og Val di Fiemme<\/td>\n<\/tr>\n<tr>\n<td><a title=\"Tour de Ski 2019\/20\" href=\"https:\/\/no.wikipedia.org\/wiki\/Tour_de_Ski_2019\/20\" target=\"_blank\" rel=\"noopener nofollow\">2019\/20<\/a><\/td>\n<td align=\"left\">28. desember 2019\u20135. januar 2020<\/td>\n<td>7<\/td>\n<td align=\"left\">Lenzerheide, Toblach og Val di Fiemme<\/td>\n<\/tr>\n<tr>\n<td><a title=\"Tour de Ski 2021\" href=\"https:\/\/no.wikipedia.org\/wiki\/Tour_de_Ski_2021\" target=\"_blank\" rel=\"noopener nofollow\">2021<\/a><\/td>\n<td align=\"left\">1. januar 2021\u201310. januar 2021<\/td>\n<td>8<\/td>\n<td align=\"left\">Val M\u00fcstair, Toblach og Val di Fiemme<\/td>\n<\/tr>\n<tr>\n<td><a title=\"Tour de Ski 2021\/22\" href=\"https:\/\/no.wikipedia.org\/wiki\/Tour_de_Ski_2021\/22\" target=\"_blank\" rel=\"noopener nofollow\">2021\/22<\/a><\/td>\n<td align=\"left\">28. desember 2021\u20136. januar 2022<\/td>\n<td>6<\/td>\n<td align=\"left\">Lenzerheide, Oberstdorf og Val di Fiemme<\/td>\n<\/tr>\n<tr>\n<td><a title=\"Tour de Ski 2022\/23\" href=\"https:\/\/no.wikipedia.org\/wiki\/Tour_de_Ski_2022\/23\" target=\"_blank\" rel=\"noopener nofollow\">2022\/23<\/a><\/td>\n<td align=\"left\">31. desember 2022\u20138. januar 2023<\/td>\n<td>7<\/td>\n<td align=\"left\">Val M\u00fcstair, Oberstdorf og Val di Fiemme<\/td>\n<\/tr>\n<tr>\n<td><a title=\"Tour de Ski 2023\/24\" href=\"https:\/\/no.wikipedia.org\/wiki\/Tour_de_Ski_2023\/24\" target=\"_blank\" rel=\"noopener nofollow\">2023\/24<\/a><\/td>\n<td align=\"left\">30. desember 2023\u20137. januar 2024<\/td>\n<td>7<\/td>\n<td align=\"left\">Toblach,\u00a0<a title=\"Davos\" href=\"https:\/\/no.wikipedia.org\/wiki\/Davos\" target=\"_blank\" rel=\"noopener nofollow\">Davos<\/a>\u00a0og Val di Fiemme<\/td>\n<\/tr>\n","protected":false},"excerpt":{"rendered":"Startlister og resultater for sprint fri som er etappe 1 av Tour de Ski 2025-2026 som arrangeres i&hellip;\n","protected":false},"author":2,"featured_media":123981,"comment_status":"","ping_status":"","sticky":false,"template":"","format":"standard","meta":{"footnotes":""},"categories":[59],"tags":[30,28,29,83,82],"class_list":{"0":"post-123980","1":"post","2":"type-post","3":"status-publish","4":"format-standard","5":"has-post-thumbnail","7":"category-sport","8":"tag-no","9":"tag-norge","10":"tag-norway","11":"tag-sport","12":"tag-sports"},"share_on_mastodon":{"url":"https:\/\/pubeurope.com\/@no\/115803673820732367","error":""},"_links":{"self":[{"href":"https:\/\/www.europesays.com\/no\/wp-json\/wp\/v2\/posts\/123980","targetHints":{"allow":["GET"]}}],"collection":[{"href":"https:\/\/www.europesays.com\/no\/wp-json\/wp\/v2\/posts"}],"about":[{"href":"https:\/\/www.europesays.com\/no\/wp-json\/wp\/v2\/types\/post"}],"author":[{"embeddable":true,"href":"https:\/\/www.europesays.com\/no\/wp-json\/wp\/v2\/users\/2"}],"replies":[{"embeddable":true,"href":"https:\/\/www.europesays.com\/no\/wp-json\/wp\/v2\/comments?post=123980"}],"version-history":[{"count":0,"href":"https:\/\/www.europesays.com\/no\/wp-json\/wp\/v2\/posts\/123980\/revisions"}],"wp:featuredmedia":[{"embeddable":true,"href":"https:\/\/www.europesays.com\/no\/wp-json\/wp\/v2\/media\/123981"}],"wp:attachment":[{"href":"https:\/\/www.europesays.com\/no\/wp-json\/wp\/v2\/media?parent=123980"}],"wp:term":[{"taxonomy":"category","embeddable":true,"href":"https:\/\/www.europesays.com\/no\/wp-json\/wp\/v2\/categories?post=123980"},{"taxonomy":"post_tag","embeddable":true,"href":"https:\/\/www.europesays.com\/no\/wp-json\/wp\/v2\/tags?post=123980"}],"curies":[{"name":"wp","href":"https:\/\/api.w.org\/{rel}","templated":true}]}}