{"id":123982,"date":"2025-12-29T15:56:07","date_gmt":"2025-12-29T15:56:07","guid":{"rendered":"https:\/\/www.europesays.com\/no\/123982\/"},"modified":"2025-12-29T15:56:07","modified_gmt":"2025-12-29T15:56:07","slug":"brigitte-bardot-begravelse-nyhetsbyra-brigitte-bardot-skal-gravlegges-i-saint-tropez","status":"publish","type":"post","link":"https:\/\/www.europesays.com\/no\/123982\/","title":{"rendered":"Brigitte Bardot, Begravelse | Nyhetsbyr\u00e5: Brigitte Bardot skal gravlegges i Saint-Tropez"},"content":{"rendered":"\n<p>Byr\u00e5et viser til opplysninger fra myndighetene i byen. Tidspunktet for begravelsen er forel\u00f8pig ikke kjent.<\/p>\n<p>Bardot d\u00f8de s\u00f8ndag, 91 \u00e5r gammel. Hun hadde sitt gjennombrudd p\u00e5 1950-tallet og spilte i n\u00e6rmere 40 filmer.<\/p>\n<p>P\u00e5 1950- og 60-tallet var hun regnet som et av popul\u00e6rkulturens st\u00f8rste sexsymboler. Hun spilte ogs\u00e5 inn flere plater sammen med sin elsker Serge Gainsbourg.<\/p>\n<p>Senere i livet ble hun kjent for innvandringsmotstand og sterkt h\u00f8yreorienterte holdninger, og hun ble d\u00f8mt fem ganger for hatefulle ytringer.<\/p>\n<p>(\u00a9NTB)<\/p>\n","protected":false},"excerpt":{"rendered":"Byr\u00e5et viser til opplysninger fra myndighetene i byen. Tidspunktet for begravelsen er forel\u00f8pig ikke kjent. Bardot d\u00f8de s\u00f8ndag,&hellip;\n","protected":false},"author":2,"featured_media":123300,"comment_status":"","ping_status":"","sticky":false,"template":"","format":"standard","meta":{"footnotes":""},"categories":[58],"tags":[71,30,28,29,72],"class_list":{"0":"post-123982","1":"post","2":"type-post","3":"status-publish","4":"format-standard","5":"has-post-thumbnail","7":"category-underholdning","8":"tag-entertainment","9":"tag-no","10":"tag-norge","11":"tag-norway","12":"tag-underholdning"},"share_on_mastodon":{"url":"","error":""},"_links":{"self":[{"href":"https:\/\/www.europesays.com\/no\/wp-json\/wp\/v2\/posts\/123982","targetHints":{"allow":["GET"]}}],"collection":[{"href":"https:\/\/www.europesays.com\/no\/wp-json\/wp\/v2\/posts"}],"about":[{"href":"https:\/\/www.europesays.com\/no\/wp-json\/wp\/v2\/types\/post"}],"author":[{"embeddable":true,"href":"https:\/\/www.europesays.com\/no\/wp-json\/wp\/v2\/users\/2"}],"replies":[{"embeddable":true,"href":"https:\/\/www.europesays.com\/no\/wp-json\/wp\/v2\/comments?post=123982"}],"version-history":[{"count":0,"href":"https:\/\/www.europesays.com\/no\/wp-json\/wp\/v2\/posts\/123982\/revisions"}],"wp:featuredmedia":[{"embeddable":true,"href":"https:\/\/www.europesays.com\/no\/wp-json\/wp\/v2\/media\/123300"}],"wp:attachment":[{"href":"https:\/\/www.europesays.com\/no\/wp-json\/wp\/v2\/media?parent=123982"}],"wp:term":[{"taxonomy":"category","embeddable":true,"href":"https:\/\/www.europesays.com\/no\/wp-json\/wp\/v2\/categories?post=123982"},{"taxonomy":"post_tag","embeddable":true,"href":"https:\/\/www.europesays.com\/no\/wp-json\/wp\/v2\/tags?post=123982"}],"curies":[{"name":"wp","href":"https:\/\/api.w.org\/{rel}","templated":true}]}}