{"id":123983,"date":"2025-12-29T16:00:00","date_gmt":"2025-12-29T16:00:00","guid":{"rendered":"https:\/\/www.europesays.com\/no\/123983\/"},"modified":"2025-12-29T16:00:00","modified_gmt":"2025-12-29T16:00:00","slug":"storste-prisoppgang-siden-2009-finansavisen","status":"publish","type":"post","link":"https:\/\/www.europesays.com\/no\/123983\/","title":{"rendered":"St\u00f8rste prisoppgang siden 2009 | Finansavisen"},"content":{"rendered":"<p>Kobber er p\u00e5 vei mot sin st\u00f8rste \u00e5rlige prisoppgang p\u00e5 mer enn et ti\u00e5r etter en kraftig sluttspurt drevet av amerikanske tollsatser, forstyrrelser i\u00a0forsyningskjeden og \u00f8kende frykt for global knapphet, melder <a href=\"https:\/\/www.ft.com\/content\/29bc6bce-7188-43f2-9f15-6894cf7aa754\" rel=\"nofollow noopener\" target=\"_blank\">Financial Times.<\/a><\/p>\n<p><b>Prisen steg til all-time high p\u00e5 over 12.000 dollar pr. tonn i desember og er opp over 40 prosent hittil i \u00e5r. Det er den st\u00f8rste \u00e5rsoppgangen siden 2009, da kobberprisene steg mer enn 140 prosent i kj\u00f8lvannet av finanskrisen.<\/b><\/p>\n<p class=\"subhead\" data-element-type=\"subhead\" data-element-label=\"Mellomtittel\">Vedvarende h\u00f8ye priser<\/p>\n<p>Analytikere venter at ettersp\u00f8rselen etter kobber vil overstige tilbudet fra gruveproduksjon p\u00e5 2030-tallet, og at prisene holder seg h\u00f8ye ogs\u00e5 neste \u00e5r.\u00a0<\/p>\n<p><b>Behovet \u00f8ker i takt med energiomstillingen, elektrifisering av bilparken og en kraftig utbygging av datasentre for kunstig intelligens. Samtidig blir eldre gruver mindre produktive, og nye prosjekter er kapitalkrevende og tar lang tid \u00e5 f\u00e5 i drift.<\/b><\/p>\n<p>\u2013 Vedvarende h\u00f8ye priser kan f\u00e5 enkelte produsenter til \u00e5 velge billigere alternativer, eller dempe ettersp\u00f8rselen i omr\u00e5der som anses som mindre n\u00f8dvendige, som avkarbonisering, sier Natalie Scott-Gray i StoneX til FT.<\/p>\n<p class=\"subhead\" data-element-type=\"subhead\" data-element-label=\"Mellomtittel\">Ulykker stanser produksjon<\/p>\n<p>Flere akt\u00f8rer peker p\u00e5 risiko for et mer varig underskudd allerede fra 2026. London-referanseprisen har steget til en rekke rekordniv\u00e5er siden oktober etter ulykker ved tre av verdens st\u00f8rste gruver.\u00a0<\/p>\n<p><b>Et jordskred stanset produksjonen ved Freeports Grasberg-gruve i Indonesia, flom rammet Ivanhoes Kamoa-Kakula-anlegg i DR Kongo, og en tunnelkollaps f\u00f8rte til delvis stans ved Codelcos El Teniente i Chile. Samlet kan hendelsene kutte global kobberproduksjon med rundt 6 prosent i \u00e5r.<br \/><\/b><\/p>\n<p>I \u00e5r har ogs\u00e5 store volum kobber blitt sendt til USA i forkant av varslede tollsatser. Det bidro til et uvanlig stort prisgap mellom London og amerikanske Comex, som fortsatt handles med et p\u00e5slag i prisen, if\u00f8lge FT.<\/p>\n<p data-is-last-node=\"\" data-is-only-node=\"\">Lagrene i Comex har steget til over 400.000 tonn, mens LME-lagrene i Europa er nede p\u00e5 under 20.000 tonn.\u00a0<\/p>\n","protected":false},"excerpt":{"rendered":"Kobber er p\u00e5 vei mot sin st\u00f8rste \u00e5rlige prisoppgang p\u00e5 mer enn et ti\u00e5r etter en kraftig sluttspurt&hellip;\n","protected":false},"author":2,"featured_media":123984,"comment_status":"","ping_status":"","sticky":false,"template":"","format":"standard","meta":{"footnotes":""},"categories":[56],"tags":[60,61,62,30,28,29],"class_list":{"0":"post-123983","1":"post","2":"type-post","3":"status-publish","4":"format-standard","5":"has-post-thumbnail","7":"category-naeringsliv","8":"tag-business","9":"tag-economy","10":"tag-naeringsliv","11":"tag-no","12":"tag-norge","13":"tag-norway"},"share_on_mastodon":{"url":"https:\/\/pubeurope.com\/@no\/115803693067229665","error":""},"_links":{"self":[{"href":"https:\/\/www.europesays.com\/no\/wp-json\/wp\/v2\/posts\/123983","targetHints":{"allow":["GET"]}}],"collection":[{"href":"https:\/\/www.europesays.com\/no\/wp-json\/wp\/v2\/posts"}],"about":[{"href":"https:\/\/www.europesays.com\/no\/wp-json\/wp\/v2\/types\/post"}],"author":[{"embeddable":true,"href":"https:\/\/www.europesays.com\/no\/wp-json\/wp\/v2\/users\/2"}],"replies":[{"embeddable":true,"href":"https:\/\/www.europesays.com\/no\/wp-json\/wp\/v2\/comments?post=123983"}],"version-history":[{"count":0,"href":"https:\/\/www.europesays.com\/no\/wp-json\/wp\/v2\/posts\/123983\/revisions"}],"wp:featuredmedia":[{"embeddable":true,"href":"https:\/\/www.europesays.com\/no\/wp-json\/wp\/v2\/media\/123984"}],"wp:attachment":[{"href":"https:\/\/www.europesays.com\/no\/wp-json\/wp\/v2\/media?parent=123983"}],"wp:term":[{"taxonomy":"category","embeddable":true,"href":"https:\/\/www.europesays.com\/no\/wp-json\/wp\/v2\/categories?post=123983"},{"taxonomy":"post_tag","embeddable":true,"href":"https:\/\/www.europesays.com\/no\/wp-json\/wp\/v2\/tags?post=123983"}],"curies":[{"name":"wp","href":"https:\/\/api.w.org\/{rel}","templated":true}]}}