{"id":123985,"date":"2025-12-29T16:01:10","date_gmt":"2025-12-29T16:01:10","guid":{"rendered":"https:\/\/www.europesays.com\/no\/123985\/"},"modified":"2025-12-29T16:01:10","modified_gmt":"2025-12-29T16:01:10","slug":"hevder-ukraina-forsokte-a-angripe-putins-hus","status":"publish","type":"post","link":"https:\/\/www.europesays.com\/no\/123985\/","title":{"rendered":"Hevder Ukraina fors\u00f8kte \u00e5 angripe Putins hus"},"content":{"rendered":"\n<p class=\"_lead_o9xde_2 _lead_xtcu6_50 layout-component text-serif-m layout-normal text-serif-l layout-component layout-wide layout-padded _wide_17hqh_1 layout-padded\">Russlands utenriksminister sier at de kommer til \u00e5 svare p\u00e5 det angivelige droneangrepet. Zelenskyj p\u00e5 sin side avkrefter angrepet og kaller det l\u00f8gn. <\/p>\n<p><img alt=\"Russlands president Putin og Ukrainas president Zelenskyj. \" class=\"_image_qp4xg_65 layout-component layout-wide\" data-fullscreen- data-track-element-type=\"Article image fullscreen\" data-track-name=\"ImageFullscreen\" fetchpriority=\"high\" decoding=\"sync\" loading=\"eager\" height=\"1668\" itemprop=\"image\"  src=\"https:\/\/www.europesays.com\/no\/wp-content\/uploads\/2025\/12\/93a2aba6-1dc8-4fed-ba0a-1e507c1897e9.jpeg\"  style=\"object-position:0% 0%\" width=\"2500\"\/>Russlands president Putin og Ukrainas president Zelenskyj.  Oppdatert mandag 29. desember kl. 16:58     <\/p>\n<p class=\"_paragraph_o9xde_4 _paragraph_xtcu6_10 layout-component text-serif-m layout-normal text-serif-m layout-padded\">Russlands utenriksminister, Sergej Lavrov, sier mandag at Ukraina fors\u00f8kte \u00e5 angripe <a href=\"https:\/\/www.vg.no\/tag\/vladimir-putin?utm_source=vg-article&amp;utm_medium=auto-tagger&amp;utm_campaign=Wvb35Q\" class=\"_link_o9xde_39\" rel=\"nofollow noopener\" target=\"_blank\">Vladimir Putins<\/a> hus i Novograd-regionen. Det melder Interfax via Reuters. <\/p>\n<p class=\"_paragraph_o9xde_4 _paragraph_xtcu6_10 layout-component text-serif-m layout-normal text-serif-m layout-padded\"><strong class=\"_strong_o9xde_25\">Samtidig melder Reuters at Zelenskyj avkrefter angrepet mot Putins bolig og kaller det en l\u00f8gn.<\/strong><\/p>\n<p class=\"_paragraph_o9xde_4 _paragraph_xtcu6_10 layout-component text-serif-m layout-normal text-serif-m layout-padded\">Han uttaler videre at Russland har planer om \u00e5 ramme ukrainske regjeringsbygg i Kyiv, og ber USA komme p\u00e5 banen med en reaksjon. En talsperson for Det hvite hus sier at Trump hadde en positiv telefonsamtale med Putin. Det er fortsatt uklart om det p\u00e5st\u00e5tte angrepet ble diksutert. <\/p>\n<p class=\"_paragraph_o9xde_4 _paragraph_xtcu6_10 layout-component text-serif-m layout-normal text-serif-m layout-padded\">Angrepet skal angivelig ha skjedde natt til s\u00f8ndag med 91 droner rettet mot en av Putins residenser. Alle dronene ble skutt ned av luftforsvaret, og det er ikke meldt om skadede, if\u00f8lge <a href=\"https:\/\/ria.ru\/20251229\/ataka-2065486131.html\" class=\"_link_o9xde_39\" rel=\"nofollow noopener\" target=\"_blank\">Ria Novosti<\/a>.<\/p>\n<p><img alt=\"Russlands utenriksminister, Sergej Lavrov.   Foto: POOL \/ Reuters \/ NTB\" class=\"_image_qp4xg_65 layout-component layout-normal\" data-fullscreen- data-track-element-type=\"Article image fullscreen\" data-track-name=\"ImageFullscreen\" decoding=\"async\" loading=\"lazy\" height=\"2538\" itemprop=\"image\"  src=\"https:\/\/www.europesays.com\/no\/wp-content\/uploads\/2025\/12\/54ee37d5-a198-4cf1-82a4-42e4b22e9e48.jpeg\"  style=\"object-position:0% 0%\" width=\"3807\"\/>Russlands utenriksminister, Sergej Lavrov.   Foto: POOL \/ Reuters \/ NTB<\/p>\n<p class=\"_paragraph_o9xde_4 _paragraph_xtcu6_10 layout-component text-serif-m layout-normal text-serif-m layout-padded\"><strong class=\"_strong_o9xde_25\">Som f\u00f8lger av angrepet sier Lavrov at Moskva n\u00e5 vil revurdere sin posisjon i forhandlinger.<\/strong><\/p>\n<p class=\"_paragraph_o9xde_4 _paragraph_xtcu6_10 layout-component text-serif-m layout-normal text-serif-m layout-padded\">Lavrov understreket at slike \u00abhensynsl\u00f8se handlinger\u00bb ikke vil forbli ubesvart, men at Moskva ikke har til hensikt \u00e5 trekke seg fra forhandlingsprosessen med Washington.<\/p>\n<p class=\"_paragraph_o9xde_4 _paragraph_xtcu6_10 layout-component text-serif-m layout-normal text-serif-m layout-padded\">\u2013 Vi gj\u00f8r oppmerksom p\u00e5 at denne aksjonen ble utf\u00f8rt under intensive forhandlinger mellom Russland og USA om l\u00f8sning av Ukraina-konflikten, sa utenriksministeren.<\/p>\n<p class=\"_paragraph_o9xde_4 _paragraph_xtcu6_10 layout-component text-serif-m layout-normal text-serif-m layout-padded\">Opplysningene er ikke bekreftet av andre enn russiske medier.<\/p>\n<p class=\"_paragraph_o9xde_4 _paragraph_xtcu6_10 layout-component text-serif-m layout-normal text-serif-m layout-padded\">Det vites ikke om den russiske presidenten var i presidentboligen da det angivelige angrepet skal ha skjedd.<\/p>\n<p>Aktiver kart<\/p>\n<p class=\"_paragraph_o9xde_4 _paragraph_xtcu6_10 layout-component text-serif-m layout-normal text-serif-m layout-padded\">If\u00f8lge Tass skal Russland v\u00e6re i gang med planleggingen av et svar p\u00e5 angrepet.<\/p>\n<p class=\"_paragraph_o9xde_4 _paragraph_xtcu6_10 layout-component text-serif-m layout-normal text-serif-m layout-padded\">Lavrov hevder ogs\u00e5 at Ukrainas angrep var et fors\u00f8k p\u00e5 \u00e5 p\u00e5virke deres forhandlingskort i en mulig fredsavtale mellom landene. <\/p>\n<p>Zelenskyj og Trumps m\u00f8te i Mar-a-lago<\/p>\n<p class=\"_paragraph_o9xde_4 _paragraph_xtcu6_10 layout-component text-serif-m layout-normal text-serif-m layout-padded\">P\u00e5standene om at Ukraina fors\u00f8kte \u00e5 angripe Putins hus, kommer dagen etter m\u00f8te til Trump og Zelenskyj i Miami, der de skal ha jobbet videre med USAs fredsplan.<\/p>\n<p class=\"_paragraph_o9xde_4 _paragraph_xtcu6_10 layout-component text-serif-m layout-normal text-serif-m layout-padded\"><strong class=\"_strong_o9xde_25\">Du kan lese mer om saken her: <\/strong><\/p>\n<p class=\"_paragraph_o9xde_4 _paragraph_xtcu6_10 layout-component text-serif-m layout-normal layout-padded\"><strong class=\"_strong_o9xde_25\">Les ogs\u00e5:<\/strong> <a href=\"https:\/\/www.vg.no\/i\/8pm7zE\" data-track-element-type=\"Link\" data-track-id=\"link:8pm7zE\" class=\"_link_o9xde_39\" rel=\"nofollow noopener\" target=\"_blank\">Toppdiplomat etter toppm\u00f8te: \u2013 Ser ikke lovende ut<\/a><\/p>\n<p><img alt=\"Under g\u00e5rsdagens toppm\u00f8te i Mar-a-lago i Miami deltok president Volodymyr Zelenskyj og president Donald Trump.  Foto: Volodymyr Zelenskyj \/ X\" class=\"_image_qp4xg_65 layout-component layout-normal\" data-fullscreen- data-track-element-type=\"Article image fullscreen\" data-track-name=\"ImageFullscreen\" decoding=\"async\" loading=\"lazy\" height=\"2001\" itemprop=\"image\"  src=\"https:\/\/www.europesays.com\/no\/wp-content\/uploads\/2025\/12\/525a58ec-7114-4fb5-abfc-74de44227051.jpeg\"  style=\"object-position:0% 0%\" width=\"3000\"\/>Under g\u00e5rsdagens toppm\u00f8te i Mar-a-lago i Miami deltok president Volodymyr Zelenskyj og president Donald Trump.  Foto: Volodymyr Zelenskyj \/ X    <img decoding=\"async\" alt=\"Tips oss illustrasjon\" src=\"https:\/\/www.europesays.com\/no\/wp-content\/uploads\/2025\/10\/pssst-small.webp.webp\"\/>    <\/p>\n<p class=\"title-serif-s\">Har du tips?<\/p>\n<p class=\"text-sans-m\">Send oss informasjon, bilder eller video.<\/p>\n<p>  <a href=\"https:\/\/www.vg.no\/tips-oss\" rel=\"nofollow noopener\" target=\"_blank\"> Tips oss <\/a>      <\/p>\n","protected":false},"excerpt":{"rendered":"Russlands utenriksminister sier at de kommer til \u00e5 svare p\u00e5 det angivelige droneangrepet. Zelenskyj p\u00e5 sin side avkrefter&hellip;\n","protected":false},"author":2,"featured_media":123986,"comment_status":"","ping_status":"","sticky":false,"template":"","format":"standard","meta":{"footnotes":""},"categories":[12],"tags":[31,20,21,24,25,15,179,22,23,13,30,28,29,14,16,188,2670,26,27,42,186,488,43,44,45],"class_list":{"0":"post-123985","1":"post","2":"type-post","3":"status-publish","4":"format-standard","5":"has-post-thumbnail","7":"category-verden","8":"tag-breaking","9":"tag-breaking-news","10":"tag-breakingnews","11":"tag-featured-news","12":"tag-featurednews","13":"tag-headlines","14":"tag-krigen-i-ukraina","15":"tag-latest-news","16":"tag-latestnews","17":"tag-news","18":"tag-no","19":"tag-norge","20":"tag-norway","21":"tag-nyheter","22":"tag-overskrifter","23":"tag-russland","24":"tag-sergej-lavrov","25":"tag-top-stories","26":"tag-topstories","27":"tag-verden","28":"tag-vladimir-putin","29":"tag-volodymyr-zelenskyj","30":"tag-world","31":"tag-world-news","32":"tag-worldnews"},"share_on_mastodon":{"url":"https:\/\/pubeurope.com\/@no\/115803696931706295","error":""},"_links":{"self":[{"href":"https:\/\/www.europesays.com\/no\/wp-json\/wp\/v2\/posts\/123985","targetHints":{"allow":["GET"]}}],"collection":[{"href":"https:\/\/www.europesays.com\/no\/wp-json\/wp\/v2\/posts"}],"about":[{"href":"https:\/\/www.europesays.com\/no\/wp-json\/wp\/v2\/types\/post"}],"author":[{"embeddable":true,"href":"https:\/\/www.europesays.com\/no\/wp-json\/wp\/v2\/users\/2"}],"replies":[{"embeddable":true,"href":"https:\/\/www.europesays.com\/no\/wp-json\/wp\/v2\/comments?post=123985"}],"version-history":[{"count":0,"href":"https:\/\/www.europesays.com\/no\/wp-json\/wp\/v2\/posts\/123985\/revisions"}],"wp:featuredmedia":[{"embeddable":true,"href":"https:\/\/www.europesays.com\/no\/wp-json\/wp\/v2\/media\/123986"}],"wp:attachment":[{"href":"https:\/\/www.europesays.com\/no\/wp-json\/wp\/v2\/media?parent=123985"}],"wp:term":[{"taxonomy":"category","embeddable":true,"href":"https:\/\/www.europesays.com\/no\/wp-json\/wp\/v2\/categories?post=123985"},{"taxonomy":"post_tag","embeddable":true,"href":"https:\/\/www.europesays.com\/no\/wp-json\/wp\/v2\/tags?post=123985"}],"curies":[{"name":"wp","href":"https:\/\/api.w.org\/{rel}","templated":true}]}}