{"id":123989,"date":"2025-12-29T16:03:09","date_gmt":"2025-12-29T16:03:09","guid":{"rendered":"https:\/\/www.europesays.com\/no\/123989\/"},"modified":"2025-12-29T16:03:09","modified_gmt":"2025-12-29T16:03:09","slug":"trafikk-e39-frontulykke-pa-e39","status":"publish","type":"post","link":"https:\/\/www.europesays.com\/no\/123989\/","title":{"rendered":"Trafikk, E39 | Frontulykke p\u00e5 E39"},"content":{"rendered":"\n<p>Politiet melder om ei frontulykke mellom personbil og varebil p\u00e5 E39 ved Bekkjevatnet.<\/p>\n<p>Det er til saman fire personar involvert i ulykka. Alle er blitt sende til legevakt for vidare sjekk. <\/p>\n<p>\u2013 Dei er prega av hendinga. Dei har sloppe lett unna, seier Joachim Malterud, innsatsleiar p\u00e5 staden.<\/p>\n<p>Politiet har ikkje f\u00e5tt prata med dei involverte enno. <\/p>\n<p>\u2013 Akkurat omstende og korleis ulykka har skjedd m\u00e5 vi kome tilbake til, seier han. <\/p>\n<p>Bilbergar er p\u00e5 staden. Ingen av bilane er k\u00f8yrbare. <\/p>\n<p>Malterud fortel at det ogs\u00e5 er skadar p\u00e5 autovernet. Dei mistenker ikkje rusk\u00f8yring. <\/p>\n<p>Eitt k\u00f8yrefelt er opent. Det er manuell dirigering p\u00e5 staden. <\/p>\n<p><b>Klokka 12.00 melder politiet at skadestaden er rydda og at vegen er open for fri ferdesl. <\/b><\/p>\n<p>Firda kjem tilbake med meir.<\/p>\n","protected":false},"excerpt":{"rendered":"Politiet melder om ei frontulykke mellom personbil og varebil p\u00e5 E39 ved Bekkjevatnet. Det er til saman fire&hellip;\n","protected":false},"author":2,"featured_media":123990,"comment_status":"","ping_status":"","sticky":false,"template":"","format":"standard","meta":{"footnotes":""},"categories":[5],"tags":[36,20,21,2298,24,25,3687,15,19,22,23,17,18,13,30,28,29,14,16,1510,26,27,224,1204],"class_list":{"0":"post-123989","1":"post","2":"type-post","3":"status-publish","4":"format-standard","5":"has-post-thumbnail","7":"category-overskrifter","8":"tag-art","9":"tag-breaking-news","10":"tag-breakingnews","11":"tag-e39","12":"tag-featured-news","13":"tag-featurednews","14":"tag-forde","15":"tag-headlines","16":"tag-hovedoppslag","17":"tag-latest-news","18":"tag-latestnews","19":"tag-main-news","20":"tag-mainnews","21":"tag-news","22":"tag-no","23":"tag-norge","24":"tag-norway","25":"tag-nyheter","26":"tag-overskrifter","27":"tag-story","28":"tag-top-stories","29":"tag-topstories","30":"tag-trafikk","31":"tag-ulykker"},"share_on_mastodon":{"url":"https:\/\/pubeurope.com\/@no\/115803704787632069","error":""},"_links":{"self":[{"href":"https:\/\/www.europesays.com\/no\/wp-json\/wp\/v2\/posts\/123989","targetHints":{"allow":["GET"]}}],"collection":[{"href":"https:\/\/www.europesays.com\/no\/wp-json\/wp\/v2\/posts"}],"about":[{"href":"https:\/\/www.europesays.com\/no\/wp-json\/wp\/v2\/types\/post"}],"author":[{"embeddable":true,"href":"https:\/\/www.europesays.com\/no\/wp-json\/wp\/v2\/users\/2"}],"replies":[{"embeddable":true,"href":"https:\/\/www.europesays.com\/no\/wp-json\/wp\/v2\/comments?post=123989"}],"version-history":[{"count":0,"href":"https:\/\/www.europesays.com\/no\/wp-json\/wp\/v2\/posts\/123989\/revisions"}],"wp:featuredmedia":[{"embeddable":true,"href":"https:\/\/www.europesays.com\/no\/wp-json\/wp\/v2\/media\/123990"}],"wp:attachment":[{"href":"https:\/\/www.europesays.com\/no\/wp-json\/wp\/v2\/media?parent=123989"}],"wp:term":[{"taxonomy":"category","embeddable":true,"href":"https:\/\/www.europesays.com\/no\/wp-json\/wp\/v2\/categories?post=123989"},{"taxonomy":"post_tag","embeddable":true,"href":"https:\/\/www.europesays.com\/no\/wp-json\/wp\/v2\/tags?post=123989"}],"curies":[{"name":"wp","href":"https:\/\/api.w.org\/{rel}","templated":true}]}}