{"id":123996,"date":"2025-12-29T16:14:09","date_gmt":"2025-12-29T16:14:09","guid":{"rendered":"https:\/\/www.europesays.com\/no\/123996\/"},"modified":"2025-12-29T16:14:09","modified_gmt":"2025-12-29T16:14:09","slug":"saknar-du-ei-julegave-eller-kjenner-du-nokon-av-namna-pa-lappane-fjordingen-no","status":"publish","type":"post","link":"https:\/\/www.europesays.com\/no\/123996\/","title":{"rendered":"Saknar du ei juleg\u00e5ve &#8211; eller kjenner du nokon av namna p\u00e5 lappane? &#8211; fjordingen.no"},"content":{"rendered":"<ol>\n<li><a href=\"https:\/\/news.google.com\/rss\/articles\/CBMirgFBVV95cUxPakhEcVFySlFsaEp2XzhDdDZWVWlLaFJXcV9fVVMzeGVwLWRjZTJzaThfMk9YQ080d1NrQW5PeFItY3JXeV9OdHJSWHNjTWJFVFp4dWNNV3RBb0hwLXpoR1Fxb3RCdGhXRzhEVEpPYWFmODJDRjBPRVpxNWVFekxyd1A3R1hYUFZhVGk0Mld2SHJpTDJlSkRubzRoQjhwMm1nWGlONmU0YXpzOG03R0E?oc=5\" target=\"_blank\" rel=\"nofollow noopener\">Saknar du ei juleg\u00e5ve &#8211; eller kjenner du nokon av namna p\u00e5 lappane?<\/a>&nbsp;&nbsp;fjordingen.no<\/li>\n<li><a href=\"https:\/\/news.google.com\/rss\/articles\/CBMijgFBVV95cUxOZUdXbHBvTVlpMHFOVkJkQ3V1bGwwQWlxOGhYb1NuNDh3cS02QzVmTkFJZlM1ME43ODItdkVZYUZ2OHB3YmFQWFRYX3BWUGR4b0JHd2w3eDZGdzhUdW1zRFd0SG1OanYxY1Fhcjc5ZE5pT1V5dVFXTVVkWWpXckhQSVpVeDBOWmR2Skl0eUVB?oc=5\" target=\"_blank\" rel=\"nofollow noopener\">(+) 763 pakker venter p\u00e5 \u00e5 bli hentet i Alta<\/a>&nbsp;&nbsp;altaposten.no<\/li>\n<li><a href=\"https:\/\/news.google.com\/rss\/articles\/CBMioAFBVV95cUxOVFc2YUVZR0dBWnlqUG9lbFdsUjNoeWMwcWxsbTFkWF9oa19jdW1vVHVLNjk0YlZCckRsaHJ5VXd1LTVhRzVab1ZDNkFfMWJWaU5mbVVpQmN1dmVuTWdJYzBQOGV5ZFo2YzZFLWVWTjJTcV9sZzNRejVkVXBiMVdCc1JldDdfcXRadVR6ODFrZEkybGl3Vk1yYzZZNWd3dDZx?oc=5\" target=\"_blank\" rel=\"nofollow noopener\">S\u00e5 mange pakkar har ikkje blitt henta i Kinn, Stad og Bremanger<\/a>&nbsp;&nbsp;fjt.no<\/li>\n<li><a href=\"https:\/\/news.google.com\/rss\/articles\/CBMikgFBVV95cUxOeW95ckFFUmJtMEVOODh3aWo2anc0aW5NYU9ULUVrdFB1YTFyNmlPMmY4bzVucVdPRm9nVUNQdnVzQnd2NWFCbFFlaEg3MDEwaFhWN2NRMGpUa1RHNk5kRmxGVU5feUhlR2JqMUdzaXRHdWY5M3lrOUROY2ZSdnYxNVJ1STl5c2Jaa1BGTFNQbnNTUQ?oc=5\" target=\"_blank\" rel=\"nofollow noopener\">Nesten 9000 pakker er ikke hentet: \u2013 Kanskje har Posten en ekstra julegave til deg<\/a>&nbsp;&nbsp;Stavanger Aftenblad<\/li>\n<li><a href=\"https:\/\/news.google.com\/rss\/articles\/CBMiiAFBVV95cUxPcFdRNUhWOE9WQi15Y1d0WjJOb2lhb2hMeXZtZzlNOTBrbXgtMzNQQ3hHRFIzT0dia2RsZV9LMWVvZVFzWU5kc0ZVY2l4OUFLdnpIUlVoNjBTNzd0M09iVmNHNWt5U0tpaW1MTDBnY2wwSlVmSUhVQ3pXWVc2Z1BkTVNWUHozYjJi?oc=5\" target=\"_blank\" rel=\"nofollow noopener\">\u2013 P\u00e5 tide med forbud mot privat fyrverkeri<\/a>&nbsp;&nbsp;itromso.no<\/li>\n<\/ol>\n","protected":false},"excerpt":{"rendered":"Saknar du ei juleg\u00e5ve &#8211; eller kjenner du nokon av namna p\u00e5 lappane?&nbsp;&nbsp;fjordingen.no (+) 763 pakker venter p\u00e5&hellip;\n","protected":false},"author":2,"featured_media":123997,"comment_status":"","ping_status":"","sticky":false,"template":"","format":"standard","meta":{"footnotes":""},"categories":[10],"tags":[20,21,24,25,15,22,23,13,30,28,29,14,16,26,27],"class_list":{"0":"post-123996","1":"post","2":"type-post","3":"status-publish","4":"format-standard","5":"has-post-thumbnail","7":"category-norge","8":"tag-breaking-news","9":"tag-breakingnews","10":"tag-featured-news","11":"tag-featurednews","12":"tag-headlines","13":"tag-latest-news","14":"tag-latestnews","15":"tag-news","16":"tag-no","17":"tag-norge","18":"tag-norway","19":"tag-nyheter","20":"tag-overskrifter","21":"tag-top-stories","22":"tag-topstories"},"share_on_mastodon":{"url":"https:\/\/pubeurope.com\/@no\/115803748138276851","error":""},"_links":{"self":[{"href":"https:\/\/www.europesays.com\/no\/wp-json\/wp\/v2\/posts\/123996","targetHints":{"allow":["GET"]}}],"collection":[{"href":"https:\/\/www.europesays.com\/no\/wp-json\/wp\/v2\/posts"}],"about":[{"href":"https:\/\/www.europesays.com\/no\/wp-json\/wp\/v2\/types\/post"}],"author":[{"embeddable":true,"href":"https:\/\/www.europesays.com\/no\/wp-json\/wp\/v2\/users\/2"}],"replies":[{"embeddable":true,"href":"https:\/\/www.europesays.com\/no\/wp-json\/wp\/v2\/comments?post=123996"}],"version-history":[{"count":0,"href":"https:\/\/www.europesays.com\/no\/wp-json\/wp\/v2\/posts\/123996\/revisions"}],"wp:featuredmedia":[{"embeddable":true,"href":"https:\/\/www.europesays.com\/no\/wp-json\/wp\/v2\/media\/123997"}],"wp:attachment":[{"href":"https:\/\/www.europesays.com\/no\/wp-json\/wp\/v2\/media?parent=123996"}],"wp:term":[{"taxonomy":"category","embeddable":true,"href":"https:\/\/www.europesays.com\/no\/wp-json\/wp\/v2\/categories?post=123996"},{"taxonomy":"post_tag","embeddable":true,"href":"https:\/\/www.europesays.com\/no\/wp-json\/wp\/v2\/tags?post=123996"}],"curies":[{"name":"wp","href":"https:\/\/api.w.org\/{rel}","templated":true}]}}