{"id":123998,"date":"2025-12-29T16:15:10","date_gmt":"2025-12-29T16:15:10","guid":{"rendered":"https:\/\/www.europesays.com\/no\/123998\/"},"modified":"2025-12-29T16:15:10","modified_gmt":"2025-12-29T16:15:10","slug":"drapsmistenkt-mann-i-sverige-tidligere-domt-for-kidnappingsforsok-av-barn","status":"publish","type":"post","link":"https:\/\/www.europesays.com\/no\/123998\/","title":{"rendered":"Drapsmistenkt mann i Sverige tidligere d\u00f8mt for kidnappingsfors\u00f8k av barn"},"content":{"rendered":"\n<p class=\"_lead_o9xde_2 _lead_xtcu6_50 layout-component text-serif-m layout-normal text-serif-l layout-component layout-wide layout-padded _wide_17hqh_1 layout-padded\">En 26 \u00e5r gammel mann som er hovedmistenkt for \u00e5 ha bortf\u00f8rt og drept en 25 \u00e5r gammel kvinne i Salem i Sverige, er tidligere d\u00f8mt for kidnappingsfors\u00f8k.<\/p>\n<p><img alt=\"Minnestedet ved R\u00f6nninge torg i Salem er full av blomster mandag, til minne om en lokal kvinne som ble funnet drept 28. desember. Kvinnen ble meldt savnet andre juledag.  Foto: Nils Petter Nilsson \/ TT \/ NTB\" class=\"_image_qp4xg_65 layout-component layout-wide\" data-fullscreen- data-track-element-type=\"Article image fullscreen\" data-track-name=\"ImageFullscreen\" fetchpriority=\"high\" decoding=\"sync\" loading=\"eager\" height=\"5464\" itemprop=\"image\"  src=\"https:\/\/www.europesays.com\/no\/wp-content\/uploads\/2025\/12\/2f801799-cc45-4dab-927f-08c3b4dc5f97.png\"  style=\"object-position:0% 0%\" width=\"8192\"\/>Minnestedet ved R\u00f6nninge torg i Salem er full av blomster mandag, til minne om en lokal kvinne som ble funnet drept 28. desember. Kvinnen ble meldt savnet andre juledag.  Foto: Nils Petter Nilsson \/ TT \/ NTB<\/p>\n<ul aria-hidden=\"true\" class=\"_images_ntbth_112\">\n<li><a class=\"_link_ntbth_117\" href=\"https:\/\/www.vg.no\/forfatter\/harpreet-kaur-nijjer\" style=\"z-index:2\" title=\"Harpreet Kaur Nijjer\" rel=\"nofollow noopener\" target=\"_blank\"><img alt=\"Bilde av Harpreet Kaur Nijjer\" class=\"_image_ntbth_93\" fetchpriority=\"low\" loading=\"lazy\" decoding=\"async\" itemprop=\"image\"  src=\"https:\/\/www.europesays.com\/no\/wp-content\/uploads\/2025\/12\/9915841b-33cb-470f-8ab4-1d1650cff10e.jpeg\"  width=\"480\"\/><\/a><\/li>\n<li><a class=\"_link_ntbth_117\" href=\"https:\/\/www.vg.no\/forfatter\/ntb\" style=\"z-index:1\" title=\"NTB\" rel=\"nofollow noopener\" target=\"_blank\"><img alt=\"Bilde av NTB\" class=\"_image_ntbth_93\" fetchpriority=\"low\" loading=\"lazy\" decoding=\"async\" itemprop=\"image\"  src=\"https:\/\/www.europesays.com\/no\/wp-content\/uploads\/2025\/12\/1767024909_605_c33980b0-5d07-4027-84a1-813f90a7c8d6.png\"  width=\"480\"\/><\/a><\/li>\n<\/ul>\n<p> Oppdatert mandag 29. desember kl. 16:41     <\/p>\n<p class=\"_paragraph_o9xde_4 _paragraph_xtcu6_10 layout-component text-serif-m layout-normal text-serif-m layout-padded\">Kvinnen, som hadde v\u00e6rt savnet siden natt til andre juledag, ble funnet d\u00f8d l\u00f8rdag kveld. <\/p>\n<p class=\"_paragraph_o9xde_4 _paragraph_xtcu6_10 layout-component text-serif-m layout-normal text-serif-m layout-padded\">Innledningsvis ble b\u00e5de en 26-\u00e5ring og en 45 \u00e5r gammel mann siktet for kidnapping. <\/p>\n<p class=\"_paragraph_o9xde_4 _paragraph_xtcu6_10 layout-component text-serif-m layout-normal text-serif-m layout-padded\">45-\u00e5ringen er imidlertid l\u00f8slatt, og politiet mener n\u00e5 at det ikke er grunn til \u00e5 tro at personen er skyldig, skriver svensk p\u00e5talemyndighet i en pressemelding.<\/p>\n<p><img alt=\"Undergangen ved pendlertogstasjonen i R\u00f6nninge. Det var p\u00e5 denne togstasjonen den avd\u00f8de kvinnen forsvant.   Foto: Nils Petter Nilsson\/TT \/ TT Nyhetsbyr\u00e5n \/ NTB\" class=\"_image_qp4xg_65 layout-component layout-normal\" data-fullscreen- data-track-element-type=\"Article image fullscreen\" data-track-name=\"ImageFullscreen\" decoding=\"async\" loading=\"lazy\" height=\"4000\" itemprop=\"image\"  src=\"https:\/\/www.europesays.com\/no\/wp-content\/uploads\/2025\/12\/8a7ccccc-bb3e-4edf-8533-c6342c59f6a1.jpeg\"  style=\"object-position:0% 0%\" width=\"6000\"\/>Undergangen ved pendlertogstasjonen i R\u00f6nninge. Det var p\u00e5 denne togstasjonen den avd\u00f8de kvinnen forsvant.   Foto: Nils Petter Nilsson\/TT \/ TT Nyhetsbyr\u00e5n \/ NTBSkal ha fors\u00f8kt \u00e5 kidnappe et barn<\/p>\n<p class=\"_paragraph_o9xde_4 _paragraph_xtcu6_10 layout-component text-serif-m layout-normal text-serif-m layout-padded\">If\u00f8lge <a href=\"https:\/\/www.tv4.se\/artikel\/3Jahuuetl54oXQSJWwgGcA\/25-ariga-kvinnan-i-roenninge-misstaenks-ha-styckmoerdats\" class=\"_link_o9xde_39\" rel=\"nofollow noopener\" target=\"_blank\">TV4<\/a> var 26-\u00e5ringen i ferd med \u00e5 grave ned kroppsdeler i en skog da han ble p\u00e5grepet etter spaning, men dette er ikke bekreftet av politiet. <\/p>\n<p class=\"_paragraph_o9xde_4 _paragraph_xtcu6_10 layout-component text-serif-m layout-normal text-serif-m layout-padded\">Han er siktet for b\u00e5de kidnapping og drap.<\/p>\n<p><img alt=\"Flere tente lys og la ned blomster p\u00e5 R\u00f6nninge torg til minne om kvinnen som forsvant.   Foto: Nils Petter Nilsson\/TT \/ TT Nyhetsbyr\u00e5n \/ NTB\" class=\"_image_qp4xg_65 layout-component layout-normal\" data-fullscreen- data-track-element-type=\"Article image fullscreen\" data-track-name=\"ImageFullscreen\" decoding=\"async\" loading=\"lazy\" height=\"3435\" itemprop=\"image\"  src=\"https:\/\/www.europesays.com\/no\/wp-content\/uploads\/2025\/12\/49752400-f886-4915-a6f5-bd973dabdcbe.png\"  style=\"object-position:0% 0%\" width=\"5224\"\/>Flere tente lys og la ned blomster p\u00e5 R\u00f6nninge torg til minne om kvinnen som forsvant.   Foto: Nils Petter Nilsson\/TT \/ TT Nyhetsbyr\u00e5n \/ NTB<\/p>\n<p class=\"_paragraph_o9xde_4 _paragraph_xtcu6_10 layout-component text-serif-m layout-normal text-serif-m layout-padded\">B\u00e5de Aftonbladet og Expressen skriver at mannen tidligere er d\u00f8mt til over to \u00e5rs fengsel for kidnappingsfors\u00f8k p\u00e5 et barn, men at barnet kom seg ut av bilen. Han skal etter dommen ha byttet navn flere ganger, og skal ha et kvinnelig navn n\u00e5.<\/p>\n<p>Omfattende leteaksjon <\/p>\n<p class=\"_paragraph_o9xde_4 _paragraph_xtcu6_10 layout-component text-serif-m layout-normal text-serif-m layout-padded\">Den 25 \u00e5r gamle kvinnen ble sist sett da hun gikk av toget p\u00e5 R\u00f6nninge stasjon i Salem kommune s\u00f8rvest for Stockholm natt til fredag. En omfattende leteaksjon i R\u00f6nninge-omr\u00e5det ble satt i gang. <\/p>\n<p class=\"_paragraph_o9xde_4 _paragraph_xtcu6_10 layout-component text-serif-m layout-normal text-serif-m layout-padded\">B\u00e5de hunder, firehjulinger, helikopter og droner bidro. <\/p>\n<p><img alt=\"Foto: Nils Petter Nilsson\/TT \/ TT Nyhetsbyr\u00e5n \/ NTB\" class=\"_image_qp4xg_65 layout-component layout-normal\" data-fullscreen- data-track-element-type=\"Article image fullscreen\" data-track-name=\"ImageFullscreen\" decoding=\"async\" loading=\"lazy\" height=\"3040\" itemprop=\"image\"  src=\"https:\/\/www.europesays.com\/no\/wp-content\/uploads\/2025\/12\/7027c2b4-3c3f-44ad-9734-a0696ebc29d6.jpeg\"  style=\"object-position:0% 0%\" width=\"4536\"\/>Foto: Nils Petter Nilsson\/TT \/ TT Nyhetsbyr\u00e5n \/ NTB<\/p>\n<p class=\"_paragraph_o9xde_4 _paragraph_xtcu6_10 layout-component text-serif-m layout-normal text-serif-m layout-padded\">Etter at det ble gjort en rekke funn knyttet til saken, deriblant hodetelefoner, kabelb\u00e5nd, hammere og bremsespor, ble det \u00e5pnet en etterforskning om kidnapping. <\/p>\n<p class=\"_paragraph_o9xde_4 _paragraph_xtcu6_10 layout-component text-serif-m layout-normal text-serif-m layout-padded\">P\u00e5 bakgrunn av vitneavh\u00f8r og innhenting av bevis ble 26-\u00e5ringen raskt sirklet inn som hovedmistenkt.<\/p>\n<p class=\"_paragraph_o9xde_4 _paragraph_xtcu6_10 layout-component text-serif-m layout-normal layout-padded\"><strong class=\"_strong_o9xde_25\">Les ogs\u00e5:<\/strong> <a href=\"https:\/\/www.vg.no\/i\/OkpmvO\" data-track-element-type=\"Link\" data-track-id=\"link:OkpmvO\" class=\"_link_o9xde_39\" rel=\"nofollow noopener\" target=\"_blank\">Forsvinningssak ryster Sverige: Kvinne (25) funnet d\u00f8d<\/a><\/p>\n<p class=\"_paragraph_o9xde_4 _paragraph_xtcu6_10 layout-component text-serif-m layout-normal text-serif-m layout-padded\"> \u2013 I forbindelse med at vi p\u00e5grep personen, kom det ogs\u00e5 fram faktiske omstendigheter som tilsa at kvinnen var d\u00f8d, sier visepolitimester Max \u00c5kerwall i politidistriktet Stockholm S\u00f8r til <a href=\"https:\/\/www.expressen.se\/nyheter\/sverige\/polisen-haller-presstraff-om-sokinsatsen-i-ronninge-\/\" class=\"_link_o9xde_39\" rel=\"nofollow noopener\" target=\"_blank\">Expressen<\/a>.<\/p>\n<p class=\"_paragraph_o9xde_4 _paragraph_xtcu6_10 layout-component text-serif-m layout-normal text-serif-m layout-padded\">Salem kommune har rundt 15.000 innbyggere, og mange har n\u00e5 lagt blomster p\u00e5 R\u00f6nninge torg.<\/p>\n","protected":false},"excerpt":{"rendered":"En 26 \u00e5r gammel mann som er hovedmistenkt for \u00e5 ha bortf\u00f8rt og drept en 25 \u00e5r gammel&hellip;\n","protected":false},"author":2,"featured_media":123999,"comment_status":"","ping_status":"","sticky":false,"template":"","format":"standard","meta":{"footnotes":""},"categories":[5],"tags":[20,21,24,25,15,19,22,23,17,18,13,30,28,29,14,16,26,27],"class_list":{"0":"post-123998","1":"post","2":"type-post","3":"status-publish","4":"format-standard","5":"has-post-thumbnail","7":"category-overskrifter","8":"tag-breaking-news","9":"tag-breakingnews","10":"tag-featured-news","11":"tag-featurednews","12":"tag-headlines","13":"tag-hovedoppslag","14":"tag-latest-news","15":"tag-latestnews","16":"tag-main-news","17":"tag-mainnews","18":"tag-news","19":"tag-no","20":"tag-norge","21":"tag-norway","22":"tag-nyheter","23":"tag-overskrifter","24":"tag-top-stories","25":"tag-topstories"},"share_on_mastodon":{"url":"https:\/\/pubeurope.com\/@no\/115803751936382859","error":""},"_links":{"self":[{"href":"https:\/\/www.europesays.com\/no\/wp-json\/wp\/v2\/posts\/123998","targetHints":{"allow":["GET"]}}],"collection":[{"href":"https:\/\/www.europesays.com\/no\/wp-json\/wp\/v2\/posts"}],"about":[{"href":"https:\/\/www.europesays.com\/no\/wp-json\/wp\/v2\/types\/post"}],"author":[{"embeddable":true,"href":"https:\/\/www.europesays.com\/no\/wp-json\/wp\/v2\/users\/2"}],"replies":[{"embeddable":true,"href":"https:\/\/www.europesays.com\/no\/wp-json\/wp\/v2\/comments?post=123998"}],"version-history":[{"count":0,"href":"https:\/\/www.europesays.com\/no\/wp-json\/wp\/v2\/posts\/123998\/revisions"}],"wp:featuredmedia":[{"embeddable":true,"href":"https:\/\/www.europesays.com\/no\/wp-json\/wp\/v2\/media\/123999"}],"wp:attachment":[{"href":"https:\/\/www.europesays.com\/no\/wp-json\/wp\/v2\/media?parent=123998"}],"wp:term":[{"taxonomy":"category","embeddable":true,"href":"https:\/\/www.europesays.com\/no\/wp-json\/wp\/v2\/categories?post=123998"},{"taxonomy":"post_tag","embeddable":true,"href":"https:\/\/www.europesays.com\/no\/wp-json\/wp\/v2\/tags?post=123998"}],"curies":[{"name":"wp","href":"https:\/\/api.w.org\/{rel}","templated":true}]}}