{"id":124004,"date":"2025-12-29T16:21:06","date_gmt":"2025-12-29T16:21:06","guid":{"rendered":"https:\/\/www.europesays.com\/no\/124004\/"},"modified":"2025-12-29T16:21:06","modified_gmt":"2025-12-29T16:21:06","slug":"trafikk-dovre-nok-en-ulykke-i-norddalen-bil-havna-pa-taket-i-grofta","status":"publish","type":"post","link":"https:\/\/www.europesays.com\/no\/124004\/","title":{"rendered":"Trafikk, Dovre | Nok en ulykke i norddalen: Bil havna p\u00e5 taket i gr\u00f8fta"},"content":{"rendered":"\n<p>Snaut halvannen time etter at tre biler var involvert i en trafikkulykke p\u00e5 E6, gikk det galt p\u00e5 \u00d8verbygdsvegen i Dovre.<\/p>\n<p>Hjulpet ut av bakluka<\/p>\n<p>En personbil har kj\u00f8rt i gr\u00f8fta og havnet p\u00e5 taket, melder politiet.<\/p>\n<p>\u2013 To personer er i bilen og er hjulpet ut av bakluka, melder operasjonsleder Haagen L\u00f8vseth hos politiet.<\/p>\n<p>16.31 melder politiet at de to involverte i utforkj\u00f8ringen ikke har p\u00e5dratt seg alvorlige skader. En er uskadd og en er sjekket av lege p\u00e5 stedet.<\/p>\n<p>\u2013 Bilen har trolig sklidd bakover og utfor kanten. Deretter har den veltet over p\u00e5 taket, opplyser operasjonslederen.<\/p>\n<p>Bilen er berget og vegen helt \u00e5pen klokka 16.40.<\/p>\n<p>Klar beskjed til bilister<\/p>\n<p>Trafikkoperat\u00f8r Gunnar Dovland hos Vegtrafikksentralen (VTS) sier at de har mottatt flere meldinger om vanskelige kj\u00f8reforhold i norddalen.<\/p>\n<p>\u2013 Vi har f\u00e5tt meldinger om at det er glatt, at det kommer sn\u00f8 og bl\u00e5ser ganske mye, sier han.<\/p>\n<p>VTS har meldt videre til sin entrepren\u00f8r som er ute og jobber.<\/p>\n<p>Dovland kommer med en klar oppfordring til dem som ferdes nord i Gudbrandsdalen mandag.<\/p>\n<p>\u2013 Det er vinter og tidvis vanskelig f\u00f8re. \u00c5 avpasse farten er helt avgj\u00f8rende. Hold avstand og unng\u00e5 un\u00f8dvendige forbikj\u00f8ringer, er den klare beskjeden til bilistene.<\/p>\n<p>Slik ser det ut p\u00e5 vegene<\/p>\n<p>            Alle webkamera fra Statens vegvesen<br \/>\n            E6 Mj\u00f8sbrua<\/p>\n<p>E6 Vingnes<\/p>\n<p>E6 F\u00e5berg<\/p>\n<p>E6 Tingberg<\/p>\n<p>E6 Frya<\/p>\n<p>E6 Rosten<\/p>\n<p>E6 Fokstugu<\/p>\n<p>E6 Hjerkinn<\/p>\n<p>Rv 15 Lom<\/p>\n<p>Rv 15 Billingen<\/p>\n<p>Rv 15 Eidefossen<\/p>\n<p>Rv 15 Grotli<\/p>\n<p>E136 Lora<\/p>\n<p>E136 Bjorli<\/p>\n<p>Fv 51 Valdresflye<\/p>\n<p>Fv 55 Sognefjellet<\/p>\n<p>Fv 250 Vingrom\u00e5sen<\/p>\n","protected":false},"excerpt":{"rendered":"Snaut halvannen time etter at tre biler var involvert i en trafikkulykke p\u00e5 E6, gikk det galt p\u00e5&hellip;\n","protected":false},"author":2,"featured_media":465,"comment_status":"","ping_status":"","sticky":false,"template":"","format":"standard","meta":{"footnotes":""},"categories":[10],"tags":[36,20,21,1434,24,25,15,22,23,13,30,28,29,14,16,1510,26,27,224,941],"class_list":{"0":"post-124004","1":"post","2":"type-post","3":"status-publish","4":"format-standard","5":"has-post-thumbnail","7":"category-norge","8":"tag-art","9":"tag-breaking-news","10":"tag-breakingnews","11":"tag-dovre","12":"tag-featured-news","13":"tag-featurednews","14":"tag-headlines","15":"tag-latest-news","16":"tag-latestnews","17":"tag-news","18":"tag-no","19":"tag-norge","20":"tag-norway","21":"tag-nyheter","22":"tag-overskrifter","23":"tag-story","24":"tag-top-stories","25":"tag-topstories","26":"tag-trafikk","27":"tag-ulykker-og-hendelser"},"share_on_mastodon":{"url":"https:\/\/pubeurope.com\/@no\/115803775599931871","error":""},"_links":{"self":[{"href":"https:\/\/www.europesays.com\/no\/wp-json\/wp\/v2\/posts\/124004","targetHints":{"allow":["GET"]}}],"collection":[{"href":"https:\/\/www.europesays.com\/no\/wp-json\/wp\/v2\/posts"}],"about":[{"href":"https:\/\/www.europesays.com\/no\/wp-json\/wp\/v2\/types\/post"}],"author":[{"embeddable":true,"href":"https:\/\/www.europesays.com\/no\/wp-json\/wp\/v2\/users\/2"}],"replies":[{"embeddable":true,"href":"https:\/\/www.europesays.com\/no\/wp-json\/wp\/v2\/comments?post=124004"}],"version-history":[{"count":0,"href":"https:\/\/www.europesays.com\/no\/wp-json\/wp\/v2\/posts\/124004\/revisions"}],"wp:featuredmedia":[{"embeddable":true,"href":"https:\/\/www.europesays.com\/no\/wp-json\/wp\/v2\/media\/465"}],"wp:attachment":[{"href":"https:\/\/www.europesays.com\/no\/wp-json\/wp\/v2\/media?parent=124004"}],"wp:term":[{"taxonomy":"category","embeddable":true,"href":"https:\/\/www.europesays.com\/no\/wp-json\/wp\/v2\/categories?post=124004"},{"taxonomy":"post_tag","embeddable":true,"href":"https:\/\/www.europesays.com\/no\/wp-json\/wp\/v2\/tags?post=124004"}],"curies":[{"name":"wp","href":"https:\/\/api.w.org\/{rel}","templated":true}]}}