{"id":124009,"date":"2025-12-29T16:27:09","date_gmt":"2025-12-29T16:27:09","guid":{"rendered":"https:\/\/www.europesays.com\/no\/124009\/"},"modified":"2025-12-29T16:27:09","modified_gmt":"2025-12-29T16:27:09","slug":"turist-i-tromso-trafikkuhell-turist-kjorte-i-grofta","status":"publish","type":"post","link":"https:\/\/www.europesays.com\/no\/124009\/","title":{"rendered":"Turist i Troms\u00f8, Trafikkuhell | Turist kj\u00f8rte i gr\u00f8fta"},"content":{"rendered":"\n<p>En personbil har kj\u00f8rt i gr\u00f8fta p\u00e5 Ersfjordeidet. Det er ikke meldt om personskade.<\/p>\n<p>\u2013 Det viser seg at samme f\u00f8rer, en utenlandsk turist, kj\u00f8rte av veien p\u00e5 Kattfjordeidet for dr\u00f8ye to timer siden, melder operasjonsleder Per Arve Aas i Troms politidistrikt.<\/p>\n<p>Den siste av uforkj\u00f8ringene har skjedd i forbindelse med at f\u00f8rer la seg ut for m\u00f8tende trafikk if\u00f8lge f\u00f8rerens egen forklaring. Han har da kommet for langt ut p\u00e5 kanten og sklidd ut i gr\u00f8fta. <\/p>\n<p>\u2013 F\u00f8reren har innsett at det nok er best \u00e5 levere inn bilen og avslutte leieforholdet. Ingen videre forf\u00f8yning fra politiets side, melder politiet.<\/p>\n","protected":false},"excerpt":{"rendered":"En personbil har kj\u00f8rt i gr\u00f8fta p\u00e5 Ersfjordeidet. Det er ikke meldt om personskade. \u2013 Det viser seg&hellip;\n","protected":false},"author":2,"featured_media":2176,"comment_status":"","ping_status":"","sticky":false,"template":"","format":"standard","meta":{"footnotes":""},"categories":[12],"tags":[36,20,21,14665,24,25,15,22,23,13,30,28,29,14,16,1510,26,27,2889,13515,42,43,44,45],"class_list":{"0":"post-124009","1":"post","2":"type-post","3":"status-publish","4":"format-standard","5":"has-post-thumbnail","7":"category-verden","8":"tag-art","9":"tag-breaking-news","10":"tag-breakingnews","11":"tag-ersfjord","12":"tag-featured-news","13":"tag-featurednews","14":"tag-headlines","15":"tag-latest-news","16":"tag-latestnews","17":"tag-news","18":"tag-no","19":"tag-norge","20":"tag-norway","21":"tag-nyheter","22":"tag-overskrifter","23":"tag-story","24":"tag-top-stories","25":"tag-topstories","26":"tag-trafikkuhell","27":"tag-turist-i-tromso","28":"tag-verden","29":"tag-world","30":"tag-world-news","31":"tag-worldnews"},"share_on_mastodon":{"url":"https:\/\/pubeurope.com\/@no\/115803799188470193","error":""},"_links":{"self":[{"href":"https:\/\/www.europesays.com\/no\/wp-json\/wp\/v2\/posts\/124009","targetHints":{"allow":["GET"]}}],"collection":[{"href":"https:\/\/www.europesays.com\/no\/wp-json\/wp\/v2\/posts"}],"about":[{"href":"https:\/\/www.europesays.com\/no\/wp-json\/wp\/v2\/types\/post"}],"author":[{"embeddable":true,"href":"https:\/\/www.europesays.com\/no\/wp-json\/wp\/v2\/users\/2"}],"replies":[{"embeddable":true,"href":"https:\/\/www.europesays.com\/no\/wp-json\/wp\/v2\/comments?post=124009"}],"version-history":[{"count":0,"href":"https:\/\/www.europesays.com\/no\/wp-json\/wp\/v2\/posts\/124009\/revisions"}],"wp:featuredmedia":[{"embeddable":true,"href":"https:\/\/www.europesays.com\/no\/wp-json\/wp\/v2\/media\/2176"}],"wp:attachment":[{"href":"https:\/\/www.europesays.com\/no\/wp-json\/wp\/v2\/media?parent=124009"}],"wp:term":[{"taxonomy":"category","embeddable":true,"href":"https:\/\/www.europesays.com\/no\/wp-json\/wp\/v2\/categories?post=124009"},{"taxonomy":"post_tag","embeddable":true,"href":"https:\/\/www.europesays.com\/no\/wp-json\/wp\/v2\/tags?post=124009"}],"curies":[{"name":"wp","href":"https:\/\/api.w.org\/{rel}","templated":true}]}}