{"id":124021,"date":"2025-12-29T16:44:16","date_gmt":"2025-12-29T16:44:16","guid":{"rendered":"https:\/\/www.europesays.com\/no\/124021\/"},"modified":"2025-12-29T16:44:16","modified_gmt":"2025-12-29T16:44:16","slug":"fyrverkeri-bydel-nordstrand-reagerer-pa-at-det-blir-sendt-opp-fyrverkeri-flere-dager-for-nyttarsaften-dette-er-et-problem","status":"publish","type":"post","link":"https:\/\/www.europesays.com\/no\/124021\/","title":{"rendered":"Fyrverkeri, Bydel Nordstrand | Reagerer p\u00e5 at det blir sendt opp fyrverkeri flere dager f\u00f8r nytt\u00e5rsaften: \u2013 Dette er et problem"},"content":{"rendered":"\n<p>(<a href=\"https:\/\/www.nab.no\/mange-meldinger-til-brannvesenet-dette-er-et-problem\/s\/30-143-10353\" rel=\"Follow nofollow noopener\" target=\"_blank\">NAB<\/a>\/Nordstrands Blad): \u2013 Dette er et problem, og det er s\u00e6rlig ungdommer som driver med dette, fastsl\u00e5r vaktkommand\u00f8r Brede Bratli p\u00e5 110-sentralen.<\/p>\n<p>De siste dagene har de f\u00e5tt en rekke meldinger.<\/p>\n<p>\u2013 Det er tredje natt vi er p\u00e5, og vi har hatt det gjennom hele helgen og i de fleste bydeler, sier han.<\/p>\n<p><b>Meldingene brannvesenet f\u00e5r som skiller seg ut, gjelder bruk av fyrverkeri.<\/b><\/p>\n<p>Flere reagerer<\/p>\n<p>I lokale Facebook-grupper for b\u00e5de Bydel Nordstrand, \u00d8stensj\u00f8 og S\u00f8ndre Nordstrand reagerer flere p\u00e5 at det blir fyrt opp fyrverkeri flere dager f\u00f8r nytt\u00e5rsaften.<\/p>\n<p>\u00abHvorfor er det s\u00e5 vanskelig \u00e5 overholde regler for fyrverkeri? Er folk s\u00e5 egoistiske at de M\u00c5 \u00abkose\u00bb seg med dette f\u00f8r selve dagen?\u00bb, skriver en beboer i Bydel \u00d8stensj\u00f8 p\u00e5 Facebook.<\/p>\n<p>Flere reagerer p\u00e5 at det hvert \u00e5r er dyr som blir s\u00e5 skremt at de ikke finner veien hjem igjen.<\/p>\n<p>\u00abSkal du skyte penga i v\u00e6ret s\u00e5 kan du vente til 31. desember\u00bb, skriver \u00d8stensj\u00f8-beboeren.<\/p>\n<p>Hun f\u00e5r st\u00f8rre fra flere, hvorav en skriver at hunden hennes ligger skjelvende p\u00e5 badegulvet.<\/p>\n<p><b>Les hva dyrlegen sier om dyr og nytt\u00e5rsaften her:<\/b><\/p>\n<p>  <a href=\"https:\/\/www.noblad.no\/5-56-1003552\" class=\"related-teaser has-image default-story-teaser article--c-eRUmMG article--c-eRUmMG-jKCPdD-design-default\" rel=\"nofollow noopener\" target=\"_blank\"><\/p>\n<p>    <img decoding=\"async\" loading=\"lazy\"  src=\"https:\/\/www.europesays.com\/no\/wp-content\/uploads\/2025\/12\/IMG_9042.jpg\" alt=\"\" class=\"brick-c-cFOWSL\" style=\"\"\/><\/p>\n<p>\n            Les ogs\u00e5<\/p>\n<p>              Dyrlegen fra Ljan sine tips n\u00e5r det smeller p\u00e5 nytt\u00e5rsaften: \u2013 Gj\u00f8r hunden sliten\n        <\/p>\n<p>  <\/a><br \/>\n  Ber folk vente<\/p>\n<p>Bratli p\u00e5 Oslo 110-sentralen forklarer at fyrverkeri har for\u00e5rsaker branner i b\u00e5de s\u00f8ppelcontainere og kunstgress.<\/p>\n<p>\u2013 Det er stort nok n\u00e5r st\u00f8rre s\u00f8ppelb\u00f8tter brenner. Vi greier \u00e5 slukke det, men det blir store skader.<\/p>\n<p>I Oslo er alt fyrverkeri i utgangspunktet forbudt. Det <a href=\"https:\/\/www.oslo.kommune.no\/brannvern-ildsted-og-feiing\/fyrverkeri-i-oslo\/\" rel=\"nofollow noopener\" target=\"_blank\">eneste unntaket<\/a> er utenfor Ring 2 mellom klokken 18.00 og 02.00 p\u00e5 nytt\u00e5rsaften eller med s\u00e6rskilt tillatelse.<\/p>\n<p>\u2013 Jeg oppfordrer folk til \u00e5 holde igjen. Vent et par dager, avslutter Bratli.<\/p>\n<p>    Vil du se neste video?<\/p>\n<p>    <a href=\"https:\/\/www.noblad.no\/abid-raja-og-nadia-ansar-om-jul\/v\/5-56-998833\" class=\"recommend-poster\" data-adp-clicklabel=\"video-recommend\" data-adp-clickvalue=\"poster\" rel=\"nofollow noopener\" target=\"_blank\"><br \/>\n      <img decoding=\"async\" width=\"200\" height=\"200\" loading=\"lazy\" src=\"https:\/\/www.europesays.com\/no\/wp-content\/uploads\/2025\/12\/v-i-aa270655-639a-4e14-ad10-5e62b8a708d9-1.jpg\" alt=\"\" class=\"brick-c-cFOWSL\" style=\"--brick-image-ratio: 200 \/ 200;\"\/><\/p>\n<p>Abid Raja og Nadia Ansar om jul1:01<\/p>\n<p>    <\/a><\/p>\n","protected":false},"excerpt":{"rendered":"(NAB\/Nordstrands Blad): \u2013 Dette er et problem, og det er s\u00e6rlig ungdommer som driver med dette, fastsl\u00e5r vaktkommand\u00f8r&hellip;\n","protected":false},"author":2,"featured_media":124022,"comment_status":"","ping_status":"","sticky":false,"template":"","format":"standard","meta":{"footnotes":""},"categories":[10],"tags":[36,20,21,3381,1870,24,25,10497,15,22,23,13,30,28,29,14,636,16,1510,26,27],"class_list":{"0":"post-124021","1":"post","2":"type-post","3":"status-publish","4":"format-standard","5":"has-post-thumbnail","7":"category-norge","8":"tag-art","9":"tag-breaking-news","10":"tag-breakingnews","11":"tag-bydel-nordstrand","12":"tag-bydel-ostensjo","13":"tag-featured-news","14":"tag-featurednews","15":"tag-fyrverkeri","16":"tag-headlines","17":"tag-latest-news","18":"tag-latestnews","19":"tag-news","20":"tag-no","21":"tag-norge","22":"tag-norway","23":"tag-nyheter","24":"tag-oslo","25":"tag-overskrifter","26":"tag-story","27":"tag-top-stories","28":"tag-topstories"},"share_on_mastodon":{"url":"https:\/\/pubeurope.com\/@no\/115803865962966356","error":""},"_links":{"self":[{"href":"https:\/\/www.europesays.com\/no\/wp-json\/wp\/v2\/posts\/124021","targetHints":{"allow":["GET"]}}],"collection":[{"href":"https:\/\/www.europesays.com\/no\/wp-json\/wp\/v2\/posts"}],"about":[{"href":"https:\/\/www.europesays.com\/no\/wp-json\/wp\/v2\/types\/post"}],"author":[{"embeddable":true,"href":"https:\/\/www.europesays.com\/no\/wp-json\/wp\/v2\/users\/2"}],"replies":[{"embeddable":true,"href":"https:\/\/www.europesays.com\/no\/wp-json\/wp\/v2\/comments?post=124021"}],"version-history":[{"count":0,"href":"https:\/\/www.europesays.com\/no\/wp-json\/wp\/v2\/posts\/124021\/revisions"}],"wp:featuredmedia":[{"embeddable":true,"href":"https:\/\/www.europesays.com\/no\/wp-json\/wp\/v2\/media\/124022"}],"wp:attachment":[{"href":"https:\/\/www.europesays.com\/no\/wp-json\/wp\/v2\/media?parent=124021"}],"wp:term":[{"taxonomy":"category","embeddable":true,"href":"https:\/\/www.europesays.com\/no\/wp-json\/wp\/v2\/categories?post=124021"},{"taxonomy":"post_tag","embeddable":true,"href":"https:\/\/www.europesays.com\/no\/wp-json\/wp\/v2\/tags?post=124021"}],"curies":[{"name":"wp","href":"https:\/\/api.w.org\/{rel}","templated":true}]}}