{"id":124023,"date":"2025-12-29T16:45:07","date_gmt":"2025-12-29T16:45:07","guid":{"rendered":"https:\/\/www.europesays.com\/no\/124023\/"},"modified":"2025-12-29T16:45:07","modified_gmt":"2025-12-29T16:45:07","slug":"hevder-ukraina-har-forsokt-a-angripe-putins-bolig-nrk-urix-utenriksnyheter-og-dokumentarer","status":"publish","type":"post","link":"https:\/\/www.europesays.com\/no\/124023\/","title":{"rendered":"Hevder Ukraina har fors\u00f8kt \u00e5 angripe Putins bolig \u2013 NRK Urix \u2013 Utenriksnyheter og -dokumentarer"},"content":{"rendered":"<p>Det er den russiske presidenten Vladimir Putin sin bolig i Novgorod-regionen som skal ha v\u00e6rt m\u00e5let for det p\u00e5st\u00e5tte angrepet, if\u00f8lge Interfax. Interfax siterer Russlands utenriksminister Sergej Lavrov.<\/p>\n<p>Det er ikke fremlagt beviser for at et angrepsfors\u00f8k har funnet sted.<\/p>\n<p>P\u00e5standene avvises av Ukrainas president Volodymyr Zelenskyj, melder Reuters.<\/p>\n<p><strong>\u2013 Dette er l\u00f8gner, sier Zelenskyj. <\/strong><\/p>\n<p>If\u00f8lge byr\u00e5et sier Zelenskyj at Russland pr\u00f8ver \u00e5 \u00f8delegge for fremgangen i samtalene mellom Ukraina og USA, og at USA b\u00f8r reagere p\u00e5 truslene fra Russland.<\/p>\n<p>Han hevder ogs\u00e5 at Russland planlegger \u00e5 angripe regjeringsbygningene i Kyiv.<\/p>\n<p>Ukraina oppfordrer verden til \u00e5 ford\u00f8mme det de sier er falske anklager.<\/p>\n<p>Sier det vil p\u00e5virke forhandlingene<\/p>\n<p><strong>Utenriksminister Lavrov sier Russland vil endre forhandlingsposisjon som f\u00f8lge av det angivelige angrepsfors\u00f8ket, skriver Interfax.<br \/>\n<\/strong><\/p>\n<p><img decoding=\"async\"   src=\"data:image\/gif;base64,R0lGODlhAQABAIAAAAAAAP\/\/\/yH5BAEAAAAALAAAAAABAAEAAAIBRAA7\" loading=\"eager\" alt=\"Russlands utenriksminister Sergej Lavrov p\u00e5 en pressekonferanse i Moskva torsdag.\" title=\"Foto: AFP\"\/><\/p>\n<p class=\"\">Sergej Lavrvov er utenriksminister i Russland. <\/p>\n<p>Foto: AFP<\/p>\n<p>Russland invaderte Ukraina i 2022. Siden den gang har de to landene kriget. USAs president Donald Trump har i lang tid fors\u00f8kt \u00e5 megle fred mellom partene.<\/p>\n<p>Ukrainas president Zelenskyj var i helgen p\u00e5<a href=\"https:\/\/www.nrk.no\/urix\/trump-moter-zelenskyj-for-fjerde-gang-1.17707187\" ec-id=\"pp:article:1.17707187\" ec-name=\"bes\u00f8k i Trumps residens Mar-a-Lago i Florida\" rel=\"nofollow noopener\" target=\"_blank\"> bes\u00f8k i Trumps residens Mar-a-Lago i Florida<\/a>, for \u00e5 diskutere fred.<\/p>\n<p>If\u00f8lge Lavrov skjedde angrepsfors\u00f8ket natt til 29. desember. Russland skj\u00f8t ned 91 droner, hevder han if\u00f8lge det russiske nyhetsbyr\u00e5et Tass.<\/p>\n<p>\u2013 Russland vil gjengjelde angrepet, sier Lavrov if\u00f8lge Tass.<\/p>\n<p>I russiske kanaler som overv\u00e5ker angrep mot landet, st\u00e5r det ingenting om angrep i Novgorod.<\/p>\n<p>Mandag har Trump og Putin snakket sammen per telefon. Trumps talsperson Karoline Leavitt beskrev samtalen som \u00abpositiv\u00bb.<\/p>\n<p>Russiske myndigheter har v\u00e6rt langt mer uttalte om hva samtalen besto i. If\u00f8lge Reuters, som siterer Yuri Ushakov, fortalte Putin Trump om det angivelige angrepsfors\u00f8ket, noe som skal ha sjokkert Trump.<\/p>\n<p>Ushakov gjentok ogs\u00e5 at Russlands posisjon i fredsforhandlingene vil endres. Ushakov sier samtidig at Putin sa til Trump at Russland er innstilt p\u00e5 \u00e5 fortsette forhandlingene.<\/p>\n<p>Publisert<\/p>\n<p>29.12.2025, kl. 16.18<\/p>\n<p>Oppdatert<\/p>\n<p>29.12.2025, kl. 17.31<\/p>\n","protected":false},"excerpt":{"rendered":"Det er den russiske presidenten Vladimir Putin sin bolig i Novgorod-regionen som skal ha v\u00e6rt m\u00e5let for det&hellip;\n","protected":false},"author":2,"featured_media":124024,"comment_status":"","ping_status":"","sticky":false,"template":"","format":"standard","meta":{"footnotes":""},"categories":[5],"tags":[20,21,24,25,15,19,22,23,17,18,13,30,28,29,14,16,26,27],"class_list":{"0":"post-124023","1":"post","2":"type-post","3":"status-publish","4":"format-standard","5":"has-post-thumbnail","7":"category-overskrifter","8":"tag-breaking-news","9":"tag-breakingnews","10":"tag-featured-news","11":"tag-featurednews","12":"tag-headlines","13":"tag-hovedoppslag","14":"tag-latest-news","15":"tag-latestnews","16":"tag-main-news","17":"tag-mainnews","18":"tag-news","19":"tag-no","20":"tag-norge","21":"tag-norway","22":"tag-nyheter","23":"tag-overskrifter","24":"tag-top-stories","25":"tag-topstories"},"share_on_mastodon":{"url":"https:\/\/pubeurope.com\/@no\/115803869862266828","error":""},"_links":{"self":[{"href":"https:\/\/www.europesays.com\/no\/wp-json\/wp\/v2\/posts\/124023","targetHints":{"allow":["GET"]}}],"collection":[{"href":"https:\/\/www.europesays.com\/no\/wp-json\/wp\/v2\/posts"}],"about":[{"href":"https:\/\/www.europesays.com\/no\/wp-json\/wp\/v2\/types\/post"}],"author":[{"embeddable":true,"href":"https:\/\/www.europesays.com\/no\/wp-json\/wp\/v2\/users\/2"}],"replies":[{"embeddable":true,"href":"https:\/\/www.europesays.com\/no\/wp-json\/wp\/v2\/comments?post=124023"}],"version-history":[{"count":0,"href":"https:\/\/www.europesays.com\/no\/wp-json\/wp\/v2\/posts\/124023\/revisions"}],"wp:featuredmedia":[{"embeddable":true,"href":"https:\/\/www.europesays.com\/no\/wp-json\/wp\/v2\/media\/124024"}],"wp:attachment":[{"href":"https:\/\/www.europesays.com\/no\/wp-json\/wp\/v2\/media?parent=124023"}],"wp:term":[{"taxonomy":"category","embeddable":true,"href":"https:\/\/www.europesays.com\/no\/wp-json\/wp\/v2\/categories?post=124023"},{"taxonomy":"post_tag","embeddable":true,"href":"https:\/\/www.europesays.com\/no\/wp-json\/wp\/v2\/tags?post=124023"}],"curies":[{"name":"wp","href":"https:\/\/api.w.org\/{rel}","templated":true}]}}