{"id":124029,"date":"2025-12-29T16:52:15","date_gmt":"2025-12-29T16:52:15","guid":{"rendered":"https:\/\/www.europesays.com\/no\/124029\/"},"modified":"2025-12-29T16:52:15","modified_gmt":"2025-12-29T16:52:15","slug":"vaer-vaeroy-63-vinduer-pulverisert-av-stormen-det-kommer-til-a-bli-kamp-om-handverkere-avisa-nordland","status":"publish","type":"post","link":"https:\/\/www.europesays.com\/no\/124029\/","title":{"rendered":"V\u00e6r, V\u00e6r\u00f8y | 63 vinduer pulverisert av stormen: \u2013 Det kommer til \u00e5 bli kamp om h\u00e5ndverkere &#8211; Avisa Nordland"},"content":{"rendered":"<ol>\n<li><a href=\"https:\/\/news.google.com\/rss\/articles\/CBMiqgFBVV95cUxQVEZJZTVQdE5seVNFY2FnNUZ2V0pQWkszd21ja0VjYXlna3hGM21rbTM0Nk9abFpOTEJIakJEM1hQMmk4bWt3Rnhwb2s5Wms2WFpoMUV5akE4NkxkdExjSF8yS3NBM2E2Y3JPdHhTUlEyc2pjN2g5RjR3QWhHeGJ6ZWZOWjN1LVhpWXo0cjRCQVBUZEZDbXNCZlZHRC1FdTB4MWhib2I4cGhvQQ?oc=5\" target=\"_blank\" rel=\"nofollow noopener\">V\u00e6r, V\u00e6r\u00f8y | 63 vinduer pulverisert av stormen: \u2013 Det kommer til \u00e5 bli kamp om h\u00e5ndverkere<\/a>&nbsp;&nbsp;Avisa Nordland<\/li>\n<li><a href=\"https:\/\/news.google.com\/rss\/articles\/CBMibEFVX3lxTE1lS1RaVFN2clJzQ1dsWlltSEg5RFpDc0I4YndJZzRfQ0dYem5rMGxuQXRzSnE3dXU4bjBNTFFLVnpYLWcxVHdJZGZxckVhcDZROVBUNzhrYlpCbUpEaGkyU25JZGY3LUlkM3JfRg?oc=5\" target=\"_blank\" rel=\"nofollow noopener\">&#8211; Nesten pulverisert<\/a>&nbsp;&nbsp;Dagbladet<\/li>\n<li><a href=\"https:\/\/news.google.com\/rss\/articles\/CBMisgFBVV95cUxNM1lnSlpBSjh2WnptVHZYMWJqQ3FSV0J0ZjNjZnFaTFU2d3FNb1pmeHRfTHNlbDhYUERzTnRTWmg5c1JOZkJzUC11YUZ0VEFGOGdJTnQ2LVltRm9KeGJ0clZWUlBpdU1TZnVzaGVDdzRSOEdmODN4RVNXUHktTFNHbkFrdE4xbnVPNzktMXBUZHlmbkdOTXd1QnlYUzJ6ZndQTHVJT2djbWxnOGlGMk9fZEdB?oc=5\" target=\"_blank\" rel=\"nofollow noopener\">Betydelig sn\u00f8skredfare i Finnmark: Uv\u00e6r rammer kollektivtrafikken<\/a>&nbsp;&nbsp;NRK<\/li>\n<li><a href=\"https:\/\/news.google.com\/rss\/articles\/CBMipwFBVV95cUxOQ3RYSDY0QnJlaHB1UGtiUWhHTV9JNU91UzlaY1JBclBHUjBZMVZhMnRjSkZKckwwMGhndkJkVFk3YkhFcWJlV2FMelJ0R21ZSzRhRTVYWGJfRGFLMmNLZndGRWx4a2RKZF9NNmFJN1g3NjRUMWNSeU5Ka0M0SWJvdHpzNm1RbGdRNUNRQmpRd3YzaXZteWtITnpYeHdTeUxwNm1UYkUxdw?oc=5\" target=\"_blank\" rel=\"nofollow noopener\">Uv\u00e6r, Vestv\u00e5g\u00f8y | Buss og ferger er innstilt<\/a>&nbsp;&nbsp;Lofotposten<\/li>\n<li><a href=\"https:\/\/news.google.com\/rss\/articles\/CBMirAFBVV95cUxPSmZaNndDUFAyX2Y4NUVnX0czUlp0ZFNlenlNSi11c0lpNnRLa0dVajU4LVBmN1pHNDVibmdzajl1TEMtdGp3YmlaNndFWWd6eHh5ZXRDVGNuZ2NISHNsdlh4U0szUTlqa1VOa1BvTDZBYmlzY0o3NWFiN2V5alNBd1F5VDZRQ3dybjJsa1VWY2NDTEszc1J2OUZ5N2hCVk1BcTBQd1dzeHFDeFJZ?oc=5\" target=\"_blank\" rel=\"nofollow noopener\">V\u00e6r, V\u00e6ret | Uv\u00e6r skaper tr\u00f8bbel nord i landet \u2013 busser og ferger innstilt<\/a>&nbsp;&nbsp;Nettavisen<\/li>\n<\/ol>\n","protected":false},"excerpt":{"rendered":"V\u00e6r, V\u00e6r\u00f8y | 63 vinduer pulverisert av stormen: \u2013 Det kommer til \u00e5 bli kamp om h\u00e5ndverkere&nbsp;&nbsp;Avisa Nordland&hellip;\n","protected":false},"author":2,"featured_media":124030,"comment_status":"","ping_status":"","sticky":false,"template":"","format":"standard","meta":{"footnotes":""},"categories":[5],"tags":[20,21,24,25,15,19,22,23,17,18,13,30,28,29,14,16,26,27],"class_list":{"0":"post-124029","1":"post","2":"type-post","3":"status-publish","4":"format-standard","5":"has-post-thumbnail","7":"category-overskrifter","8":"tag-breaking-news","9":"tag-breakingnews","10":"tag-featured-news","11":"tag-featurednews","12":"tag-headlines","13":"tag-hovedoppslag","14":"tag-latest-news","15":"tag-latestnews","16":"tag-main-news","17":"tag-mainnews","18":"tag-news","19":"tag-no","20":"tag-norge","21":"tag-norway","22":"tag-nyheter","23":"tag-overskrifter","24":"tag-top-stories","25":"tag-topstories"},"share_on_mastodon":{"url":"https:\/\/pubeurope.com\/@no\/115803897395723634","error":""},"_links":{"self":[{"href":"https:\/\/www.europesays.com\/no\/wp-json\/wp\/v2\/posts\/124029","targetHints":{"allow":["GET"]}}],"collection":[{"href":"https:\/\/www.europesays.com\/no\/wp-json\/wp\/v2\/posts"}],"about":[{"href":"https:\/\/www.europesays.com\/no\/wp-json\/wp\/v2\/types\/post"}],"author":[{"embeddable":true,"href":"https:\/\/www.europesays.com\/no\/wp-json\/wp\/v2\/users\/2"}],"replies":[{"embeddable":true,"href":"https:\/\/www.europesays.com\/no\/wp-json\/wp\/v2\/comments?post=124029"}],"version-history":[{"count":0,"href":"https:\/\/www.europesays.com\/no\/wp-json\/wp\/v2\/posts\/124029\/revisions"}],"wp:featuredmedia":[{"embeddable":true,"href":"https:\/\/www.europesays.com\/no\/wp-json\/wp\/v2\/media\/124030"}],"wp:attachment":[{"href":"https:\/\/www.europesays.com\/no\/wp-json\/wp\/v2\/media?parent=124029"}],"wp:term":[{"taxonomy":"category","embeddable":true,"href":"https:\/\/www.europesays.com\/no\/wp-json\/wp\/v2\/categories?post=124029"},{"taxonomy":"post_tag","embeddable":true,"href":"https:\/\/www.europesays.com\/no\/wp-json\/wp\/v2\/tags?post=124029"}],"curies":[{"name":"wp","href":"https:\/\/api.w.org\/{rel}","templated":true}]}}