{"id":124034,"date":"2025-12-29T17:02:47","date_gmt":"2025-12-29T17:02:47","guid":{"rendered":"https:\/\/www.europesays.com\/no\/124034\/"},"modified":"2025-12-29T17:02:47","modified_gmt":"2025-12-29T17:02:47","slug":"fikk-beskjed-lille-julaften-det-foltes-som-et-slag-i-ansiktet-fvn-no","status":"publish","type":"post","link":"https:\/\/www.europesays.com\/no\/124034\/","title":{"rendered":"(+) Fikk beskjed lille julaften. \u2013 Det f\u00f8ltes som et slag i ansiktet &#8211; fvn.no"},"content":{"rendered":"<ol>\n<li><a href=\"https:\/\/news.google.com\/rss\/articles\/CBMiqAFBVV95cUxPSGg5bW1WWjlISDRrQWl1ZlNCRmhqbzRlSGUxNDFVNDZ4QXo3T3pFb1NUQjJOeWFUOTlNRVdnTGpQVFVmSnpDSFBYQllTNGRGRzJjX0YxQzJWNGxXUzBNeEpNMVVqSXVyd0J1SE5OYU5LdEdNRkhTekJhZTJfbnE5TFdfazFiOWpJX05rcmk0b1hBLVNvelUwY2d2a1NIdDZ2YXNBTkJWQnc?oc=5\" target=\"_blank\" rel=\"nofollow noopener\">(+) Fikk beskjed lille julaften. \u2013 Det f\u00f8ltes som et slag i ansiktet<\/a>&nbsp;&nbsp;fvn.no<\/li>\n<li><a href=\"https:\/\/news.google.com\/rss\/articles\/CBMiyAFBVV95cUxNTHF4VFZpS2dUSFNKZWJTdTBoTGRsdjRWaVA1ak44S2E4ODk1Ym0yYmt3cElxT3FzNEE1MmNzOXIzZEJFZmN2TUpNNF9xSS02WUlobXduUkl6a2hWal9oTVN6aW9qV2lUSm9IcHZsd2xucjczczZnZE1Ud3UteFJSdkx0X3UzWXU2emlUWWVsdVhzLXIxTWRGR243ME1QNjROWVIxSzRDT18yaElUX1Vxei13WkUtR0VDTFNjbkRQQ2xiNHByWENkQg?oc=5\" target=\"_blank\" rel=\"nofollow noopener\">Eva Karine (27) sa opp leiligheten for \u00e5 g\u00e5 p\u00e5 flyskole som n\u00e5 st\u00e5r i fare for \u00e5 g\u00e5 konkurs<\/a>&nbsp;&nbsp;Moss Avis<\/li>\n<li><a href=\"https:\/\/news.google.com\/rss\/articles\/CBMijgFBVV95cUxNd3JfaHdGdk51Qk51TGx1eTJCQjI0aXVOTGhydVNNWFdFV09JOXBxWVFjYTROalkyMnFGUlZJMTUtbERfeUdqaWlpN3Q2VF9vZGxZai1ZbHJJbGViSEUya3R1SzJ1QkJDaUJTRzJWQmhYQmFwQjA2MWVNYVRqaV9CVEI3U0h0aFdvTnY5QTZn?oc=5\" target=\"_blank\" rel=\"nofollow noopener\">Pilotskole utsetter skjebnem\u00f8tet: \u00abTrenger mer tid\u00bb<\/a>&nbsp;&nbsp;TV2.no<\/li>\n<li><a href=\"https:\/\/news.google.com\/rss\/articles\/CBMiekFVX3lxTE01WXROR09nUmdSUEdOY1FWOFR5VHlianVPcWhvNEt1dkVZeDNhejlhNkRIeHlPaFlBLWctZUE1eFhuNEV3LWR1dV85aG5TUV90NGJhNGhyRURWZmhkR0c2cHlqMlpNMTlwWnB1YlZLTmRRUnpCeWZ5Z2p3?oc=5\" target=\"_blank\" rel=\"nofollow noopener\">Pilot Flight Academy, N\u00e6ringsliv | Kjemper mot konkursen: \u00abKrever mer tid enn f\u00f8rst antatt\u00bb<\/a>&nbsp;&nbsp;Sandefjords Blad<\/li>\n<li><a href=\"https:\/\/news.google.com\/rss\/articles\/CBMizwFBVV95cUxNbWtQQkM1QzlUU2dCTmhuM19MMk4wX2V6bWtjbk9zSERXSTZzTS11ZzJaT3BGYVRwcXVlZi14ZEd3XzJkOHNYN1FLd0ptc2E0MDc4MnlLVWw0bDJGTnl1SW1yTnBhazZpZ21LRGVFMWJURVNHZ3dSZFFuNWJyeTRubnc2X1hGVW9iNFh3SGpFZjVxQW1OUlA3NmFDcm1Nd1JnS0hOYVhIbXZtaVNnbkdjVVZwNEhuMHg0M1NHVHFpOG9PR0hXQldQRWtyTUtWdlE?oc=5\" target=\"_blank\" rel=\"nofollow noopener\">Pilotskole kjemper mot konkurs: \u2013 P\u00e5g\u00e5r fortsatt intensivt arbeid<\/a>&nbsp;&nbsp;Dagens N\u00e6ringsliv<\/li>\n<\/ol>\n","protected":false},"excerpt":{"rendered":"(+) Fikk beskjed lille julaften. \u2013 Det f\u00f8ltes som et slag i ansiktet&nbsp;&nbsp;fvn.no Eva Karine (27) sa opp&hellip;\n","protected":false},"author":2,"featured_media":124035,"comment_status":"","ping_status":"","sticky":false,"template":"","format":"standard","meta":{"footnotes":""},"categories":[5],"tags":[20,21,24,25,15,19,22,23,17,18,13,30,28,29,14,16,26,27],"class_list":{"0":"post-124034","1":"post","2":"type-post","3":"status-publish","4":"format-standard","5":"has-post-thumbnail","7":"category-overskrifter","8":"tag-breaking-news","9":"tag-breakingnews","10":"tag-featured-news","11":"tag-featurednews","12":"tag-headlines","13":"tag-hovedoppslag","14":"tag-latest-news","15":"tag-latestnews","16":"tag-main-news","17":"tag-mainnews","18":"tag-news","19":"tag-no","20":"tag-norge","21":"tag-norway","22":"tag-nyheter","23":"tag-overskrifter","24":"tag-top-stories","25":"tag-topstories"},"share_on_mastodon":{"url":"https:\/\/pubeurope.com\/@no\/115803936906855113","error":""},"_links":{"self":[{"href":"https:\/\/www.europesays.com\/no\/wp-json\/wp\/v2\/posts\/124034","targetHints":{"allow":["GET"]}}],"collection":[{"href":"https:\/\/www.europesays.com\/no\/wp-json\/wp\/v2\/posts"}],"about":[{"href":"https:\/\/www.europesays.com\/no\/wp-json\/wp\/v2\/types\/post"}],"author":[{"embeddable":true,"href":"https:\/\/www.europesays.com\/no\/wp-json\/wp\/v2\/users\/2"}],"replies":[{"embeddable":true,"href":"https:\/\/www.europesays.com\/no\/wp-json\/wp\/v2\/comments?post=124034"}],"version-history":[{"count":0,"href":"https:\/\/www.europesays.com\/no\/wp-json\/wp\/v2\/posts\/124034\/revisions"}],"wp:featuredmedia":[{"embeddable":true,"href":"https:\/\/www.europesays.com\/no\/wp-json\/wp\/v2\/media\/124035"}],"wp:attachment":[{"href":"https:\/\/www.europesays.com\/no\/wp-json\/wp\/v2\/media?parent=124034"}],"wp:term":[{"taxonomy":"category","embeddable":true,"href":"https:\/\/www.europesays.com\/no\/wp-json\/wp\/v2\/categories?post=124034"},{"taxonomy":"post_tag","embeddable":true,"href":"https:\/\/www.europesays.com\/no\/wp-json\/wp\/v2\/tags?post=124034"}],"curies":[{"name":"wp","href":"https:\/\/api.w.org\/{rel}","templated":true}]}}