{"id":124040,"date":"2025-12-29T17:08:07","date_gmt":"2025-12-29T17:08:07","guid":{"rendered":"https:\/\/www.europesays.com\/no\/124040\/"},"modified":"2025-12-29T17:08:07","modified_gmt":"2025-12-29T17:08:07","slug":"e18-11-biler-var-involvert-i-ulykken-vi-er-i-gang-med-avhor-tonsbergs-blad","status":"publish","type":"post","link":"https:\/\/www.europesays.com\/no\/124040\/","title":{"rendered":"E18 | 11 biler var involvert i ulykken: \u2013 Vi er i gang med avh\u00f8r &#8211; T\u00f8nsbergs Blad"},"content":{"rendered":"<ol>\n<li><a href=\"https:\/\/news.google.com\/rss\/articles\/CBMikgFBVV95cUxPUTU5OUdYM2syc1dYYTV2Rkg1ZW5xdVo0UThpWk9Ma0FYZURBTE9ZUGVQZmRUOUVjWnhwQUZGeVNtZHF0M0lFSU95ZWJEbEl0X0R4cm1FUzdubEN2YkU5R2FCWEJjT191TXRSdWJ2NnVJemRXcGVsT3dGbzRKbzhIRHZqbm9FZk5qOU52ZFA2Y3hUQQ?oc=5\" target=\"_blank\" rel=\"nofollow noopener\">E18 | 11 biler var involvert i ulykken: \u2013 Vi er i gang med avh\u00f8r<\/a>&nbsp;&nbsp;T\u00f8nsbergs Blad<\/li>\n<li><a href=\"https:\/\/news.google.com\/rss\/articles\/CBMiqwFBVV95cUxNSXN2dlF1dE1LalNvWnNLczFDbjE4cEpzbjlqLXJMZHhvdUE2S2JQemdORTVhc28wa1FYQlpqR052WlVqYVNtc29JVjE5REtzMkp3Z1ZjWC1CckVaMUJDWlY3V3AtZmFIX21QRXZDQmI1eFRxY0VST0o3MjBQQW10XzhoU09URDMyTmRxRWxKSnJzbjhtZ2ZobS1FZFVmd2hBNXgxWHRHWXVndXM?oc=5\" target=\"_blank\" rel=\"nofollow noopener\">Alvorlig trafikkulykke p\u00e5 E18<\/a>&nbsp;&nbsp;Dagbladet<\/li>\n<li><a href=\"https:\/\/news.google.com\/rss\/articles\/CBMihgFBVV95cUxNeU1TUXhqcHlFbmhNZVVqUTBWRFlXUk1ZdWVXYm1QeENKRTkybUIwb0kyeGx6NE5jUHBKd0VqN2RKS2h5ZlNDRTJVZFVKdnl5TkYzOTAxT0hOWFJUMXNfR1VEM3ZzYjFhaWc2YUtpS3M3bnB2WG1IVU5nYUdfYUkyUE0wY05GQQ?oc=5\" target=\"_blank\" rel=\"nofollow noopener\">Trafikk, E18 | Trafikkulykke p\u00e5 E18: \u2013 Stengt i flere timer<\/a>&nbsp;&nbsp;\u00d8stlands-Posten<\/li>\n<li><a href=\"https:\/\/news.google.com\/rss\/articles\/CBMioAFBVV95cUxQdEdxYmU4VUNoWTBDV2xEOFlEYk5xeFM3WWxOZnp4NVdkMlRob08xR0hoV2VBWXJZbktyTE11V3M2VDYxWlJ2ckZHdWpPWTM2NThPbGxhNlEtRnNaUHF3MU9CRWtpaUFvMWhqdVlWZmxCa1ZvcVhSUUlSTm1QSTVlR0dBWHZqdDc3Zm02QTZRNUNTQjZjTEJFWXY0UVR5emtY?oc=5\" target=\"_blank\" rel=\"nofollow noopener\">Ulykke, E18 | Ble hentet av luftambulanse \u2013 p\u00e5kj\u00f8rt da han gikk ut av bilen p\u00e5 E18<\/a>&nbsp;&nbsp;Sandefjords Blad<\/li>\n<li><a href=\"https:\/\/news.google.com\/rss\/articles\/CBMiigFBVV95cUxOT08xNlJEWTRPWTAxUTU2SUNiSXV6RDN1TF9xMkxvVkRHWHZDV0UtYzY4S1JuMlZHVjFfcXZZX0UzemRSTUY2YWp3WFcxM2RaNklNeXJIYjhzM005UUZmSWktVVFxYjhHZ05OQVY0SVZjWTdDZmpkaHdrQjZ2d1NKeUdtQkZSS20yYWc?oc=5\" target=\"_blank\" rel=\"nofollow noopener\">E18 forbi T\u00f8nsberg er \u00e5pnet igjen<\/a>&nbsp;&nbsp;NRK<\/li>\n<\/ol>\n","protected":false},"excerpt":{"rendered":"E18 | 11 biler var involvert i ulykken: \u2013 Vi er i gang med avh\u00f8r&nbsp;&nbsp;T\u00f8nsbergs Blad Alvorlig trafikkulykke&hellip;\n","protected":false},"author":2,"featured_media":122476,"comment_status":"","ping_status":"","sticky":false,"template":"","format":"standard","meta":{"footnotes":""},"categories":[10],"tags":[20,21,24,25,15,22,23,13,30,28,29,14,16,26,27],"class_list":{"0":"post-124040","1":"post","2":"type-post","3":"status-publish","4":"format-standard","5":"has-post-thumbnail","7":"category-norge","8":"tag-breaking-news","9":"tag-breakingnews","10":"tag-featured-news","11":"tag-featurednews","12":"tag-headlines","13":"tag-latest-news","14":"tag-latestnews","15":"tag-news","16":"tag-no","17":"tag-norge","18":"tag-norway","19":"tag-nyheter","20":"tag-overskrifter","21":"tag-top-stories","22":"tag-topstories"},"share_on_mastodon":{"url":"https:\/\/pubeurope.com\/@no\/115803960361007847","error":""},"_links":{"self":[{"href":"https:\/\/www.europesays.com\/no\/wp-json\/wp\/v2\/posts\/124040","targetHints":{"allow":["GET"]}}],"collection":[{"href":"https:\/\/www.europesays.com\/no\/wp-json\/wp\/v2\/posts"}],"about":[{"href":"https:\/\/www.europesays.com\/no\/wp-json\/wp\/v2\/types\/post"}],"author":[{"embeddable":true,"href":"https:\/\/www.europesays.com\/no\/wp-json\/wp\/v2\/users\/2"}],"replies":[{"embeddable":true,"href":"https:\/\/www.europesays.com\/no\/wp-json\/wp\/v2\/comments?post=124040"}],"version-history":[{"count":0,"href":"https:\/\/www.europesays.com\/no\/wp-json\/wp\/v2\/posts\/124040\/revisions"}],"wp:featuredmedia":[{"embeddable":true,"href":"https:\/\/www.europesays.com\/no\/wp-json\/wp\/v2\/media\/122476"}],"wp:attachment":[{"href":"https:\/\/www.europesays.com\/no\/wp-json\/wp\/v2\/media?parent=124040"}],"wp:term":[{"taxonomy":"category","embeddable":true,"href":"https:\/\/www.europesays.com\/no\/wp-json\/wp\/v2\/categories?post=124040"},{"taxonomy":"post_tag","embeddable":true,"href":"https:\/\/www.europesays.com\/no\/wp-json\/wp\/v2\/tags?post=124040"}],"curies":[{"name":"wp","href":"https:\/\/api.w.org\/{rel}","templated":true}]}}