{"id":124041,"date":"2025-12-29T17:09:11","date_gmt":"2025-12-29T17:09:11","guid":{"rendered":"https:\/\/www.europesays.com\/no\/124041\/"},"modified":"2025-12-29T17:09:11","modified_gmt":"2025-12-29T17:09:11","slug":"bil-skal-ha-kjort-ned-skraning-nrk-troms-og-finnmark","status":"publish","type":"post","link":"https:\/\/www.europesays.com\/no\/124041\/","title":{"rendered":"bil skal ha kj\u00f8rt ned skr\u00e5ning \u2013 NRK Troms og Finnmark"},"content":{"rendered":"<p>N\u00f8detatene rykker ut i ettermiddagen etter melding om en singelulykke p\u00e5 Sennalandet.<\/p>\n<p>\u2013 Det har v\u00e6rt noen utfordringer p\u00e5 grunn av uv\u00e6ret, men det har g\u00e5tt fint p\u00e5 stedet, sier oppdragsleder Marte Isabel Frydenlund i Finnmark politidistrikt.<\/p>\n<p>E6 over Sennalandet, mellom Alta og Hammerfest, er n\u00e5 stengt p\u00e5 grunn av d\u00e5rlig v\u00e6r.<\/p>\n<p>If\u00f8lge Frydenlund er bilberging p\u00e5 plass, og de har klart \u00e5 f\u00e5 bilen ut av skr\u00e5ningen.<\/p>\n<p>Utforkj\u00f8ringen har skjedd like ved Sennalandvatna p\u00e5 E6 mellom Alta og Skaidi.<\/p>\n<p>Person tatt vare p\u00e5<\/p>\n<p>Like f\u00f8r klokka 15.30 var politiets patrulje fremme p\u00e5 stedet hvor utforkj\u00f8ringen skjedde.<\/p>\n<p>Vedkommende har kj\u00f8rt av veien som f\u00f8lge av sn\u00f8storm og sv\u00e6rt glatt vei. F\u00f8reren av bilen fremst\u00e5r som uskadd, melder politiet.<\/p>\n<p>P\u00e5 ulykkesstedet er det n\u00e5 seks\u2013syv kuldegrader og sterk vind. I tillegg er det kraftig sn\u00f8fokk. Sn\u00f8fokk gir stedvis redusert sikt og sn\u00f8 som pakker seg i veibanen.<\/p>\n<p>Bil p\u00e5 taket<\/p>\n<p>Ogs\u00e5 i S\u00f8r-Varanger har det i ettermiddag v\u00e6rt en utforkj\u00f8ring, hvor en personbil kj\u00f8rte utfor veien.<\/p>\n<p>Bilen har tippet rundt og ligger p\u00e5 taket ved Handelsparken i Kirkenes.<\/p>\n<p>F\u00f8reren er ute av bilen og blir tatt med av helsepersonell til legevakten for sjekk.<\/p>\n<p>Politiet melder at de vil unders\u00f8ke hendelsen.<\/p>\n<p>Publisert<\/p>\n<p>29.12.2025, kl. 14.51<\/p>\n<p>Oppdatert<\/p>\n<p>29.12.2025, kl. 16.32<\/p>\n","protected":false},"excerpt":{"rendered":"N\u00f8detatene rykker ut i ettermiddagen etter melding om en singelulykke p\u00e5 Sennalandet. \u2013 Det har v\u00e6rt noen utfordringer&hellip;\n","protected":false},"author":2,"featured_media":124042,"comment_status":"","ping_status":"","sticky":false,"template":"","format":"standard","meta":{"footnotes":""},"categories":[5],"tags":[20,21,24,25,15,19,22,23,17,18,13,30,28,29,14,16,26,27],"class_list":{"0":"post-124041","1":"post","2":"type-post","3":"status-publish","4":"format-standard","5":"has-post-thumbnail","7":"category-overskrifter","8":"tag-breaking-news","9":"tag-breakingnews","10":"tag-featured-news","11":"tag-featurednews","12":"tag-headlines","13":"tag-hovedoppslag","14":"tag-latest-news","15":"tag-latestnews","16":"tag-main-news","17":"tag-mainnews","18":"tag-news","19":"tag-no","20":"tag-norge","21":"tag-norway","22":"tag-nyheter","23":"tag-overskrifter","24":"tag-top-stories","25":"tag-topstories"},"share_on_mastodon":{"url":"https:\/\/pubeurope.com\/@no\/115803964343044478","error":""},"_links":{"self":[{"href":"https:\/\/www.europesays.com\/no\/wp-json\/wp\/v2\/posts\/124041","targetHints":{"allow":["GET"]}}],"collection":[{"href":"https:\/\/www.europesays.com\/no\/wp-json\/wp\/v2\/posts"}],"about":[{"href":"https:\/\/www.europesays.com\/no\/wp-json\/wp\/v2\/types\/post"}],"author":[{"embeddable":true,"href":"https:\/\/www.europesays.com\/no\/wp-json\/wp\/v2\/users\/2"}],"replies":[{"embeddable":true,"href":"https:\/\/www.europesays.com\/no\/wp-json\/wp\/v2\/comments?post=124041"}],"version-history":[{"count":0,"href":"https:\/\/www.europesays.com\/no\/wp-json\/wp\/v2\/posts\/124041\/revisions"}],"wp:featuredmedia":[{"embeddable":true,"href":"https:\/\/www.europesays.com\/no\/wp-json\/wp\/v2\/media\/124042"}],"wp:attachment":[{"href":"https:\/\/www.europesays.com\/no\/wp-json\/wp\/v2\/media?parent=124041"}],"wp:term":[{"taxonomy":"category","embeddable":true,"href":"https:\/\/www.europesays.com\/no\/wp-json\/wp\/v2\/categories?post=124041"},{"taxonomy":"post_tag","embeddable":true,"href":"https:\/\/www.europesays.com\/no\/wp-json\/wp\/v2\/tags?post=124041"}],"curies":[{"name":"wp","href":"https:\/\/api.w.org\/{rel}","templated":true}]}}