{"id":124045,"date":"2025-12-29T17:19:17","date_gmt":"2025-12-29T17:19:17","guid":{"rendered":"https:\/\/www.europesays.com\/no\/124045\/"},"modified":"2025-12-29T17:19:17","modified_gmt":"2025-12-29T17:19:17","slug":"mann-i-70-arene-omkom-etter-trafikkulykke-i-salangen-nrk-troms-og-finnmark","status":"publish","type":"post","link":"https:\/\/www.europesays.com\/no\/124045\/","title":{"rendered":"Mann i 70-\u00e5rene omkom etter trafikkulykke i Salangen \u2013 NRK Troms og Finnmark"},"content":{"rendered":"<p><strong>En mann i 70-\u00e5rene omkom etter en trafikkulykke i Salangen mandag ettermiddag.<\/strong><\/p>\n<p>Den omkomne var hjemmeh\u00f8rende i Troms\u00f8, og p\u00e5r\u00f8rende er varslet, opplyser politiet.<\/p>\n<p><strong>Han havnet i klem mellom to biler i det han skulle hjelpe en annen bil som hadde v\u00e6rt i en utforkj\u00f8ring.<\/strong><\/p>\n<p>\u2013 Det vi s\u00e5 langt har f\u00e5tt klarhet i er at en bil f\u00f8rst havna i gr\u00f8fta. Etterp\u00e5 kom det en annen bil til og ville hjelpe og se til at det gikk bra med personen som var i bilen som l\u00e5 i gr\u00f8fta. Noe har skjedd som har gjort at den parkerte bilen har sklidd eller rullet. Vedkommende havnet i klem og ble etter hvert bekreftet omkommet, sier politiets innsatsleder Sigurd Fosli.<\/p>\n<p>Det ble iverksatt livreddende f\u00f8rstehjelp p\u00e5 personen som var fastklemt og etter hvert frigjort av brannvesenet.<\/p>\n<p>\u2013 Mye tyder p\u00e5 at det glatte f\u00f8ret kan ha v\u00e6rt en medvirkende \u00e5rsak, sier innsatslederen.<\/p>\n<p><img decoding=\"async\"   src=\"data:image\/gif;base64,R0lGODlhAQABAIAAAAAAAP\/\/\/yH5BAEAAAAALAAAAAABAAEAAAIBRAA7\" loading=\"eager\" alt=\"Trafikkulykke Salangen \" title=\"Foto: Trygve Gr\u00f8nning \/ NRK\"\/><\/p>\n<p class=\"\">N\u00f8detatene jobber p\u00e5 stedet. Veien er stengt og det er k\u00f8 i omr\u00e5det.<\/p>\n<p>Foto: Trygve Gr\u00f8nning \/ NRK<\/p>\n<p>\u2013 Vi har sikret en del vitneavh\u00f8r og vitneobservasjoner. Kriminaltekniker har kommet til stedet, og ulykkesgruppa fra Statens vegvesen er varslet og p\u00e5 vei, sier Fosli.<\/p>\n<p>Den andre involverte er oppeg\u00e5ende, opplyser politiet.<\/p>\n<p>Politiet sier veien forblir stengt en stund utover mandags kveld p\u00e5 grunn av etterforskning og bilberging.<\/p>\n<p>Publisert<\/p>\n<p>29.12.2025, kl. 15.21<\/p>\n<p>Oppdatert<\/p>\n<p>29.12.2025, kl. 18.01<\/p>\n","protected":false},"excerpt":{"rendered":"En mann i 70-\u00e5rene omkom etter en trafikkulykke i Salangen mandag ettermiddag. Den omkomne var hjemmeh\u00f8rende i Troms\u00f8,&hellip;\n","protected":false},"author":2,"featured_media":124046,"comment_status":"","ping_status":"","sticky":false,"template":"","format":"standard","meta":{"footnotes":""},"categories":[10],"tags":[20,21,24,25,15,22,23,13,30,28,29,14,16,26,27],"class_list":{"0":"post-124045","1":"post","2":"type-post","3":"status-publish","4":"format-standard","5":"has-post-thumbnail","7":"category-norge","8":"tag-breaking-news","9":"tag-breakingnews","10":"tag-featured-news","11":"tag-featurednews","12":"tag-headlines","13":"tag-latest-news","14":"tag-latestnews","15":"tag-news","16":"tag-no","17":"tag-norge","18":"tag-norway","19":"tag-nyheter","20":"tag-overskrifter","21":"tag-top-stories","22":"tag-topstories"},"share_on_mastodon":{"url":"https:\/\/pubeurope.com\/@no\/115804003607239042","error":""},"_links":{"self":[{"href":"https:\/\/www.europesays.com\/no\/wp-json\/wp\/v2\/posts\/124045","targetHints":{"allow":["GET"]}}],"collection":[{"href":"https:\/\/www.europesays.com\/no\/wp-json\/wp\/v2\/posts"}],"about":[{"href":"https:\/\/www.europesays.com\/no\/wp-json\/wp\/v2\/types\/post"}],"author":[{"embeddable":true,"href":"https:\/\/www.europesays.com\/no\/wp-json\/wp\/v2\/users\/2"}],"replies":[{"embeddable":true,"href":"https:\/\/www.europesays.com\/no\/wp-json\/wp\/v2\/comments?post=124045"}],"version-history":[{"count":0,"href":"https:\/\/www.europesays.com\/no\/wp-json\/wp\/v2\/posts\/124045\/revisions"}],"wp:featuredmedia":[{"embeddable":true,"href":"https:\/\/www.europesays.com\/no\/wp-json\/wp\/v2\/media\/124046"}],"wp:attachment":[{"href":"https:\/\/www.europesays.com\/no\/wp-json\/wp\/v2\/media?parent=124045"}],"wp:term":[{"taxonomy":"category","embeddable":true,"href":"https:\/\/www.europesays.com\/no\/wp-json\/wp\/v2\/categories?post=124045"},{"taxonomy":"post_tag","embeddable":true,"href":"https:\/\/www.europesays.com\/no\/wp-json\/wp\/v2\/tags?post=124045"}],"curies":[{"name":"wp","href":"https:\/\/api.w.org\/{rel}","templated":true}]}}