{"id":124047,"date":"2025-12-29T17:20:24","date_gmt":"2025-12-29T17:20:24","guid":{"rendered":"https:\/\/www.europesays.com\/no\/124047\/"},"modified":"2025-12-29T17:20:24","modified_gmt":"2025-12-29T17:20:24","slug":"middels-inneklemtfangst-i-2026-og-i-2027-blir-det-helligdagsapokalypse","status":"publish","type":"post","link":"https:\/\/www.europesays.com\/no\/124047\/","title":{"rendered":"Middels \u00abinneklemtfangst\u00bb i 2026. Og i 2027 blir det helligdagsapokalypse"},"content":{"rendered":"<p>Mens p\u00e5sken, pinsen og Kristi himmelfartsdag faller p\u00e5 de samme ukedagene hvert \u00e5r, hopper resten av helligdagene rundt i kalenderen. I \u00e5r startet det nye \u00e5ret p\u00e5 en onsdag, i 2026 blir det p\u00e5 en torsdag. Dermed forlenges juleferien fram til 5. januar for de fleste av landets skolebarn.<\/p>\n<p>Klokkestillingen f\u00f8lger ogs\u00e5 en fastsatt rytme, og i 2026 stiller vi fram til sommertid den 29. mars, og tilbake til vintertid 25. oktober.<\/p>\n<p>Skolene tar som vanlig vinterferie i slutten av februar og tidlig mars, mens p\u00e5skeferien faller i uke 14, alts\u00e5 i begynnelsen av april. 1. p\u00e5skedag er den 5. april.<\/p>\n<p>M\u00e5 p\u00e5 skolen p\u00e5 s\u00f8ndag<\/p>\n<p>\u00c5rets f\u00f8rste mulighet for en inneklemt dag \u2013 en favoritt for mange \u2013 kommer noen uker senere. Arbeidernes dag 1. mai \u2013 eller \u00aboffentlig h\u00f8ytidsdag\u00bb, som den offisielt heter \u2013 faller p\u00e5 en fredag. Dermed f\u00e5r noen muligheten til \u00e5 pakke kofferten torsdag 30. april og snike seg til en hytte- eller storbyferie fram til mandag morgen, midt under den vakreste delen av v\u00e5ren.<\/p>\n<p>Kristelig himmelfartsdag faller som vanlig p\u00e5 en torsdag, 14. mai, og det blir trolig mange planleggingsdager og tomme kontorstoler p\u00e5 fredagen. 1. og 2. pinsedag er en dr\u00f8y uke senere, 24. og 25. mai<\/p>\n<p>Men s\u00e5 var det den d\u00e5rlige nyheten for landets skolebarn. For andre \u00e5r p\u00e5 rad faller 17. mai \u2013 dagen uten undervisning, men med oppm\u00f8te p\u00e5 skolen \u2013 i helgen. I \u00e5r var det p\u00e5 en l\u00f8rdag, i 2026 blir det p\u00e5 en s\u00f8ndag.<\/p>\n<p>Jula sklir over i helga<\/p>\n<p>Det er mange m\u00e5neder uten helligdag p\u00e5 sommeren og h\u00f8sten, men der finner vi til gjengjeld mesteparten av \u00e5rets skoleferie. Siste skoledag f\u00f8r sommerferien er omkring fredag 20. juni, og deretter vender elevene tilbake rundt midten av august. Skolenes h\u00f8stferie skjer i uke 40 og 41, og varierer fra fylke til fylke.<\/p>\n<p> Det som betraktes som fellesferien, ut ifra definisjonene til Fellesforbundet og NHO Byggen\u00e6ringen, faller fra 6. til 24. juli, skriver <a href=\"https:\/\/www.timeanddate.no\/ferie\/fellesferie\" rel=\"noopener nofollow\" target=\"_blank\">Timeanddate<\/a>. Det norskeide nettstedet er verdens st\u00f8rste innen tid, tidssoner og himmelbegivenheter. Fellesferien pleide \u00e5 v\u00e6re perioden der hele bedrifter og n\u00e6ringer stengte d\u00f8rene. I dag er det i hovedsak byggebransjen som stanser driften, men det er uansett langt p\u00e5 vei den travleste sommerferieperioden.<\/p>\n<p>P\u00e5 slutten av \u00e5ret begynner juleferien rundt 18. desember. Julaften 24. desember faller p\u00e5 en torsdag, og det betyr at 1. juledag er p\u00e5 en fredag og 2. juledag en l\u00f8rdag. Det er verdt \u00e5 huske at julaften offisielt bare er en halv fridag.<\/p>\n<p>Helligdagsapokalypse i 2027<\/p>\n<p>Om man syntes 2026 hadde for d\u00e5rlig helligdagsfangst, er det bare \u00e5 grue seg til 2027. Da faller nemlig 1. mai p\u00e5 en l\u00f8rdag, 17. mai i pinsehelgen, og 1. og 2. juledag i en helg.<\/p>\n<p>Vi deler mange helligdager med v\u00e5re nordiske naboer, men ikke alle. Svenskene tar blant annet ikke fri 2. pinsedag, og er i \u00e5r uheldige med nasjonaldagen 6. juni, som faller p\u00e5 en l\u00f8rdag. Til gjengjeld har de fri p\u00e5 midtsommerdagen. 5. juni er danskenes grunnlovsdag, og er fridag for mange \u2013 men ingen offisiell helligdag.<\/p>\n<p>Britene og amerikanerne har bundet opp de fleste av sine helligdager til bestemte ukedager, men for amerikanerne er det et par sentrale unntak. I 2026 faller nasjonaldagen 4. juli p\u00e5 en l\u00f8rdag, mens veterandagen 11. november er p\u00e5 en onsdag.<\/p>\n","protected":false},"excerpt":{"rendered":"Mens p\u00e5sken, pinsen og Kristi himmelfartsdag faller p\u00e5 de samme ukedagene hvert \u00e5r, hopper resten av helligdagene rundt&hellip;\n","protected":false},"author":2,"featured_media":124048,"comment_status":"","ping_status":"","sticky":false,"template":"","format":"standard","meta":{"footnotes":""},"categories":[5],"tags":[14670,20,21,24,25,15,19,7522,22,23,17,18,13,30,28,29,14,16,14669,9725,26,27],"class_list":{"0":"post-124047","1":"post","2":"type-post","3":"status-publish","4":"format-standard","5":"has-post-thumbnail","7":"category-overskrifter","8":"tag-17-mai","9":"tag-breaking-news","10":"tag-breakingnews","11":"tag-featured-news","12":"tag-featurednews","13":"tag-headlines","14":"tag-hovedoppslag","15":"tag-jula","16":"tag-latest-news","17":"tag-latestnews","18":"tag-main-news","19":"tag-mainnews","20":"tag-news","21":"tag-no","22":"tag-norge","23":"tag-norway","24":"tag-nyheter","25":"tag-overskrifter","26":"tag-skoleferie","27":"tag-sommertid","28":"tag-top-stories","29":"tag-topstories"},"share_on_mastodon":{"url":"https:\/\/pubeurope.com\/@no\/115804007532039904","error":""},"_links":{"self":[{"href":"https:\/\/www.europesays.com\/no\/wp-json\/wp\/v2\/posts\/124047","targetHints":{"allow":["GET"]}}],"collection":[{"href":"https:\/\/www.europesays.com\/no\/wp-json\/wp\/v2\/posts"}],"about":[{"href":"https:\/\/www.europesays.com\/no\/wp-json\/wp\/v2\/types\/post"}],"author":[{"embeddable":true,"href":"https:\/\/www.europesays.com\/no\/wp-json\/wp\/v2\/users\/2"}],"replies":[{"embeddable":true,"href":"https:\/\/www.europesays.com\/no\/wp-json\/wp\/v2\/comments?post=124047"}],"version-history":[{"count":0,"href":"https:\/\/www.europesays.com\/no\/wp-json\/wp\/v2\/posts\/124047\/revisions"}],"wp:featuredmedia":[{"embeddable":true,"href":"https:\/\/www.europesays.com\/no\/wp-json\/wp\/v2\/media\/124048"}],"wp:attachment":[{"href":"https:\/\/www.europesays.com\/no\/wp-json\/wp\/v2\/media?parent=124047"}],"wp:term":[{"taxonomy":"category","embeddable":true,"href":"https:\/\/www.europesays.com\/no\/wp-json\/wp\/v2\/categories?post=124047"},{"taxonomy":"post_tag","embeddable":true,"href":"https:\/\/www.europesays.com\/no\/wp-json\/wp\/v2\/tags?post=124047"}],"curies":[{"name":"wp","href":"https:\/\/api.w.org\/{rel}","templated":true}]}}