{"id":124049,"date":"2025-12-29T17:26:11","date_gmt":"2025-12-29T17:26:11","guid":{"rendered":"https:\/\/www.europesays.com\/no\/124049\/"},"modified":"2025-12-29T17:26:11","modified_gmt":"2025-12-29T17:26:11","slug":"trafikk-ulykke-to-personbiler-i-kollisjon-bekreftet-omkommet","status":"publish","type":"post","link":"https:\/\/www.europesays.com\/no\/124049\/","title":{"rendered":"Trafikk, Ulykke | To personbiler i kollisjon: \u2013 Bekreftet omkommet"},"content":{"rendered":"\n<p>To personbiler har kollidert p\u00e5 Mj\u00f8sundveien i Salangen.<\/p>\n<p>Det var to personer i hver av bilene.<\/p>\n<p>\u00c9n person omkommet<\/p>\n<p>Politiet informerer klokken 17.38 at \u00e9n person er omkommet i ulykken.<\/p>\n<p>\u2013 Det ble iverksatt livreddende f\u00f8rstehjelp p\u00e5 personen som var fastklemt og etter hvert frigjort av brannvesenet. Personen, en mann i 70-\u00e5rene tilh\u00f8rende i Troms\u00f8, er bekreftet omkommet, forteller Mari Rasmussen Sagen, operasjonsleder ved politiets operasjonssentral i Troms.<\/p>\n<p>P\u00e5r\u00f8rende av den omkommende mannen er varslet. Den omkomne hadde havnet i klem mellom to biler i det han skulle hjelpe en annen bil som hadde v\u00e6rt i en utforkj\u00f8ring.<\/p>\n<p>Veien forblir stengt en stund til i forbindelse med etterforskningsskritt og bilberging. Statens vegvesen melder p\u00e5 sine sider at veien forel\u00f8pig er stengt, med beregnet sluttid klokken 22.00, mandag kveld.<\/p>\n<p>Var fastklemt<\/p>\n<p>N\u00f8detatene rykket ut til stedet rett etter klokken tre, mandag ettermiddag.<\/p>\n<p>En person var fastklemt i den ene bilen \u2013 brannmannskaper som var raskt p\u00e5 stedet skal ha f\u00e5tt l\u00f8s denne personen. Dette skal ha skjedd rett f\u00f8r klokken 15.30.<\/p>\n<p>Politiet forteller at forel\u00f8pig er hendelsesforl\u00f8pet usikkert.<\/p>\n<p>\u2013 Det fremst\u00e5r som en alvorlig ulykke, fortalte Mari Rasmussen Sagen, operasjonsleder ved operasjonssentralen til Troms politidistrikt, rett etter klokken tre, mandag formiddag.<\/p>\n<p>Ulykken fant sted ved Navarsvika i L\u00f8ksefjorden \u2013 i Salangen.<\/p>\n<p>Tidligere i denne saken var det skrevet at politiet informerte om d\u00f8dsfallet klokken 19.38. Det riktige er klokken 17.38.<\/p>\n","protected":false},"excerpt":{"rendered":"To personbiler har kollidert p\u00e5 Mj\u00f8sundveien i Salangen. Det var to personer i hver av bilene. \u00c9n person&hellip;\n","protected":false},"author":2,"featured_media":124050,"comment_status":"","ping_status":"","sticky":false,"template":"","format":"standard","meta":{"footnotes":""},"categories":[10],"tags":[36,20,21,24,25,15,22,23,13,30,28,29,14,16,1624,1510,26,27,224,51],"class_list":{"0":"post-124049","1":"post","2":"type-post","3":"status-publish","4":"format-standard","5":"has-post-thumbnail","7":"category-norge","8":"tag-art","9":"tag-breaking-news","10":"tag-breakingnews","11":"tag-featured-news","12":"tag-featurednews","13":"tag-headlines","14":"tag-latest-news","15":"tag-latestnews","16":"tag-news","17":"tag-no","18":"tag-norge","19":"tag-norway","20":"tag-nyheter","21":"tag-overskrifter","22":"tag-salangen","23":"tag-story","24":"tag-top-stories","25":"tag-topstories","26":"tag-trafikk","27":"tag-ulykke"},"share_on_mastodon":{"url":"https:\/\/pubeurope.com\/@no\/115804031150047461","error":""},"_links":{"self":[{"href":"https:\/\/www.europesays.com\/no\/wp-json\/wp\/v2\/posts\/124049","targetHints":{"allow":["GET"]}}],"collection":[{"href":"https:\/\/www.europesays.com\/no\/wp-json\/wp\/v2\/posts"}],"about":[{"href":"https:\/\/www.europesays.com\/no\/wp-json\/wp\/v2\/types\/post"}],"author":[{"embeddable":true,"href":"https:\/\/www.europesays.com\/no\/wp-json\/wp\/v2\/users\/2"}],"replies":[{"embeddable":true,"href":"https:\/\/www.europesays.com\/no\/wp-json\/wp\/v2\/comments?post=124049"}],"version-history":[{"count":0,"href":"https:\/\/www.europesays.com\/no\/wp-json\/wp\/v2\/posts\/124049\/revisions"}],"wp:featuredmedia":[{"embeddable":true,"href":"https:\/\/www.europesays.com\/no\/wp-json\/wp\/v2\/media\/124050"}],"wp:attachment":[{"href":"https:\/\/www.europesays.com\/no\/wp-json\/wp\/v2\/media?parent=124049"}],"wp:term":[{"taxonomy":"category","embeddable":true,"href":"https:\/\/www.europesays.com\/no\/wp-json\/wp\/v2\/categories?post=124049"},{"taxonomy":"post_tag","embeddable":true,"href":"https:\/\/www.europesays.com\/no\/wp-json\/wp\/v2\/tags?post=124049"}],"curies":[{"name":"wp","href":"https:\/\/api.w.org\/{rel}","templated":true}]}}