{"id":124051,"date":"2025-12-29T17:27:29","date_gmt":"2025-12-29T17:27:29","guid":{"rendered":"https:\/\/www.europesays.com\/no\/124051\/"},"modified":"2025-12-29T17:27:29","modified_gmt":"2025-12-29T17:27:29","slug":"mann-sendt-til-sykehus-etter-a-ha-blitt-skutt-i-oslo-stor-oslo-2","status":"publish","type":"post","link":"https:\/\/www.europesays.com\/no\/124051\/","title":{"rendered":"Mann sendt til sykehus etter \u00e5 ha blitt skutt i Oslo \u2013 Stor-Oslo"},"content":{"rendered":"<p>En mann i 20-\u00e5rene er sendt til sykehus etter \u00e5 ha blitt skutt med et ukjent v\u00e5pen. Han ble ogs\u00e5 bitt av en hund.<\/p>\n<p>\u2013 Det har v\u00e6rt en konflikt p\u00e5 Slettel\u00f8kka i Oslo hvor en person har blitt skutt og sendt til sykehuset for videre behandling, sier politiet til NRK.<\/p>\n<p>Skadene p\u00e5 personen fremst\u00e5r ikke som alvorlig.<\/p>\n<p>To menn har blitt p\u00e5grepet etter hendelsen som ogs\u00e5 skal ha blitt filmet. De to er i henholdsvis 20- og 30-\u00e5rene.<\/p>\n<p>Politiet skrev f\u00f8rst at de mistenkte luftv\u00e5pen, men etter \u00e5 ha snakket med personalet p\u00e5 sykehuset mistenkes det n\u00e5 at et grovere v\u00e5pen er blitt brukt.<\/p>\n<p>\u2013 Vi har ikke f\u00e5tt detaljene i hvilken type prosjektil det er, enn s\u00e5 lenge er det litt ukjent hvilket type kaliber det er. Men det fremst\u00e5r som grovere enn luftv\u00e5pen.<\/p>\n<p>Saken etterforskes som et drapsfors\u00f8k sier politiet til NRK.<\/p>\n<p>Politiet ser p\u00e5 episoden som en isolert hendelse.<\/p>\n","protected":false},"excerpt":{"rendered":"En mann i 20-\u00e5rene er sendt til sykehus etter \u00e5 ha blitt skutt med et ukjent v\u00e5pen. Han&hellip;\n","protected":false},"author":2,"featured_media":123647,"comment_status":"","ping_status":"","sticky":false,"template":"","format":"standard","meta":{"footnotes":""},"categories":[5],"tags":[20,21,24,25,15,19,22,23,17,18,13,30,28,29,14,16,26,27],"class_list":{"0":"post-124051","1":"post","2":"type-post","3":"status-publish","4":"format-standard","5":"has-post-thumbnail","7":"category-overskrifter","8":"tag-breaking-news","9":"tag-breakingnews","10":"tag-featured-news","11":"tag-featurednews","12":"tag-headlines","13":"tag-hovedoppslag","14":"tag-latest-news","15":"tag-latestnews","16":"tag-main-news","17":"tag-mainnews","18":"tag-news","19":"tag-no","20":"tag-norge","21":"tag-norway","22":"tag-nyheter","23":"tag-overskrifter","24":"tag-top-stories","25":"tag-topstories"},"share_on_mastodon":{"url":"https:\/\/pubeurope.com\/@no\/115804035193846519","error":""},"_links":{"self":[{"href":"https:\/\/www.europesays.com\/no\/wp-json\/wp\/v2\/posts\/124051","targetHints":{"allow":["GET"]}}],"collection":[{"href":"https:\/\/www.europesays.com\/no\/wp-json\/wp\/v2\/posts"}],"about":[{"href":"https:\/\/www.europesays.com\/no\/wp-json\/wp\/v2\/types\/post"}],"author":[{"embeddable":true,"href":"https:\/\/www.europesays.com\/no\/wp-json\/wp\/v2\/users\/2"}],"replies":[{"embeddable":true,"href":"https:\/\/www.europesays.com\/no\/wp-json\/wp\/v2\/comments?post=124051"}],"version-history":[{"count":0,"href":"https:\/\/www.europesays.com\/no\/wp-json\/wp\/v2\/posts\/124051\/revisions"}],"wp:featuredmedia":[{"embeddable":true,"href":"https:\/\/www.europesays.com\/no\/wp-json\/wp\/v2\/media\/123647"}],"wp:attachment":[{"href":"https:\/\/www.europesays.com\/no\/wp-json\/wp\/v2\/media?parent=124051"}],"wp:term":[{"taxonomy":"category","embeddable":true,"href":"https:\/\/www.europesays.com\/no\/wp-json\/wp\/v2\/categories?post=124051"},{"taxonomy":"post_tag","embeddable":true,"href":"https:\/\/www.europesays.com\/no\/wp-json\/wp\/v2\/tags?post=124051"}],"curies":[{"name":"wp","href":"https:\/\/api.w.org\/{rel}","templated":true}]}}