{"id":124052,"date":"2025-12-29T17:28:13","date_gmt":"2025-12-29T17:28:13","guid":{"rendered":"https:\/\/www.europesays.com\/no\/124052\/"},"modified":"2025-12-29T17:28:13","modified_gmt":"2025-12-29T17:28:13","slug":"gravide-elise-thorsnes-flyttar-til-usa","status":"publish","type":"post","link":"https:\/\/www.europesays.com\/no\/124052\/","title":{"rendered":"Gravide Elise Thorsnes flyttar til USA"},"content":{"rendered":"\n<ul class=\"_list_o9xde_3 _list_64s2r_85 _unordered_o9xde_106 text-sans-m\">\n<li class=\"_item_o9xde_30\">Elise Thorsnes tykkjer det er frykteleg \u00e5 snakke framfor folk, til trass for sin bakgrunn som fotballspelar og ekspert. <\/li>\n<li class=\"_item_o9xde_30\">Saman med kj\u00e6rasten Janni Thomsen ventar dei born. <\/li>\n<li class=\"_item_o9xde_30\">Etter jul flytter Thorsnes til USA, men paret ynskjer seg tilbake til Europa. <\/li>\n<li class=\"_item_o9xde_30\">Ho ynskjer \u00e5 f\u00f8de i Norge. <\/li>\n<li class=\"_item_o9xde_30\">Avstand og tidsforskjell har vore utfordrande for forholdet. <\/li>\n<\/ul>\n<p>Vis mer <\/p>\n<p class=\"_paragraph_o9xde_4 _paragraph_xtcu6_10 layout-component text-serif-m layout-normal text-serif-m layout-padded\">Det kan framst\u00e5 ironisk nok, fr\u00e5 den nyleg pensjonerte V\u00e5lerenga-spelaren som rett f\u00f8r jul kunngjorde direkte p\u00e5 NRK si cupfinalesending at ho ventar barn. <\/p>\n<p class=\"_paragraph_o9xde_4 _paragraph_xtcu6_10 layout-component text-serif-m layout-normal text-serif-m layout-padded\">Det blei med 255 m\u00e5l p\u00e5 426 kampar i Toppserien og NM, og 130 kampar for Norge. <\/p>\n<p class=\"_paragraph_o9xde_4 _paragraph_xtcu6_10 layout-component text-serif-m layout-normal text-serif-m layout-padded\">Dei siste \u00e5ra har ho ogs\u00e5 fungert som fotballekspert for NRK, noko som ikkje er ei sj\u00f8lvf\u00f8lgje. <\/p>\n<p class=\"_paragraph_o9xde_4 _paragraph_xtcu6_10 layout-component text-serif-m layout-normal text-serif-m layout-padded\">\u2013 Eg er jo beskjeden, seier ho. <\/p>\n<p class=\"_paragraph_o9xde_4 _paragraph_xtcu6_10 layout-component text-serif-m layout-normal text-serif-m layout-padded\"><a href=\"https:\/\/www.vg.no\/tag\/elise-thorsnes?utm_source=vg-article&amp;utm_medium=auto-tagger&amp;utm_campaign=gk74yJ\" class=\"_link_o9xde_39\" rel=\"nofollow noopener\" target=\"_blank\">Elise Thorsnes<\/a> og kj\u00e6rasten Janni Thomsen (25) m\u00f8ter VG i Sogndal, ikkje langt fr\u00e5 heimbygda Leikanger, der dei skal feire jul med familien til Thorsnes. <\/p>\n<p class=\"_paragraph_o9xde_4 _paragraph_xtcu6_10 layout-component text-serif-m layout-normal text-serif-m layout-padded\"><strong class=\"_strong_o9xde_25\">I dette intervjuet snakkar ho om kj\u00e6rasten, graviditet, barn, fotball, heime-jul, sitt kritiske blikk p\u00e5 seg sj\u00f8lv og flytting til USA. <\/strong><\/p>\n<p><img alt=\"Foto: Synne Sofie Christiansen \/ VG\" class=\"_image_qp4xg_65 layout-component layout-normal\" data-fullscreen- data-track-element-type=\"Article image fullscreen\" data-track-name=\"ImageFullscreen\" decoding=\"async\" loading=\"lazy\" height=\"4284\" itemprop=\"image\"  src=\"https:\/\/www.europesays.com\/no\/wp-content\/uploads\/2025\/12\/e054e48f-7a4d-41b4-8c9a-e03589498562.jpeg\"  style=\"object-position:0% 0%\" width=\"5712\"\/>Foto: Synne Sofie Christiansen \/ VG<\/p>\n<p class=\"_paragraph_o9xde_4 _paragraph_xtcu6_10 layout-component text-serif-m layout-normal text-serif-m layout-padded\">\u2013 Korleis er det d\u00e5 \u00e5 bli intervjua p\u00e5 TV?<\/p>\n<p class=\"_paragraph_o9xde_4 _paragraph_xtcu6_10 layout-component text-serif-m layout-normal text-serif-m layout-padded\">\u2013 I starten var det heilt forferdeleg. Eg nekta \u00e5 stilla opp p\u00e5 intervju, i alle fall dei som gjekk p\u00e5 direkten. Eg hadde ein periode der eg sa mykje dumt, seier Thorsnes. <\/p>\n<p class=\"_paragraph_o9xde_4 _paragraph_xtcu6_10 layout-component text-serif-m layout-normal text-serif-m layout-padded\">Som pensjonert fotballspelar kan ein jo tenka seg til at det blir fleire TV-oppdrag p\u00e5 Thorsnes. Det ynskjer ho, og understrekar at ho trivst i rolla. <\/p>\n<p class=\"_paragraph_o9xde_4 _paragraph_xtcu6_10 layout-component text-serif-m layout-normal text-serif-m layout-padded\">\u2013 Det er ei usikkerheit, eg likar ikkje \u00e5 prata framfor folk. Eg trur ikkje eg ein einaste gong har sagt at eg har vore n\u00f8gd. Eller at det gjekk bra, eller at eg gleda meg. Men eg tykkjer jo det er kjekt etterp\u00e5. Det er no berre slik eg er, seier Thorsnes. <\/p>\n<p class=\"_paragraph_o9xde_4 _paragraph_xtcu6_10 layout-component text-serif-m layout-normal text-serif-m layout-padded\">\u2013 Har du nokon gong g\u00e5tt av fotballbana og vore n\u00f8gd, d\u00e5?<\/p>\n<p class=\"_paragraph_o9xde_4 _paragraph_xtcu6_10 layout-component text-serif-m layout-normal text-serif-m layout-padded\">\u2013 Nei, det har heller eg aldri vore, seier ho og ler. <\/p>\n<p><img alt=\"PERFEKT AVSLUTNING: Elise Thorsnes med cupgull-trofeet. Det blei med \u00e5tte cupgull.   Foto: MARIUS SIMENSEN \/ Bildbyr\u00e5n\" class=\"_image_qp4xg_65 layout-component layout-normal\" data-fullscreen- data-track-element-type=\"Article image fullscreen\" data-track-name=\"ImageFullscreen\" decoding=\"async\" loading=\"lazy\" height=\"5080\" itemprop=\"image\"  src=\"https:\/\/www.europesays.com\/no\/wp-content\/uploads\/2025\/12\/50626ea4-d255-4183-9968-b8f8b34863a0.png\"  style=\"object-position:0% 0%\" width=\"7620\"\/>PERFEKT AVSLUTNING: Elise Thorsnes med cupgull-trofeet. Det blei med \u00e5tte cupgull.   Foto: MARIUS SIMENSEN \/ Bildbyr\u00e5n<\/p>\n<p class=\"_paragraph_o9xde_4 _paragraph_xtcu6_10 layout-component text-serif-m layout-normal text-serif-m layout-padded\">For f\u00f8rste gong p\u00e5 20 \u00e5r kan 37-\u00e5ringen feire jul utan \u00e5 tenka p\u00e5 trening eller form. Ho har lagt fotballskoa p\u00e5 hylla og trenar for moro skuld. <\/p>\n<p class=\"_paragraph_o9xde_4 _paragraph_xtcu6_10 layout-component text-serif-m layout-normal text-serif-m layout-padded\">Med p\u00e5 juleferie i Sogn er den danske kj\u00e6rasten for f\u00f8rste gong. Ho m\u00e5 ta til takke med pinnekj\u00f8t og ikkje and, som er vanleg i Danmark p\u00e5 julekvelden. <\/p>\n<p class=\"_paragraph_o9xde_4 _paragraph_xtcu6_10 layout-component text-serif-m layout-normal text-serif-m layout-padded\">Den tidlegare VIF-kapteinen melde i fjor overgang til Utah i USA, som er den same klubben som Thorsnes spelte for i 2018. <\/p>\n<p class=\"_paragraph_o9xde_4 _paragraph_xtcu6_10 layout-component text-serif-m layout-normal text-serif-m layout-padded\">Etter jul flyttar ho attende. <\/p>\n<p class=\"_paragraph_o9xde_4 _paragraph_xtcu6_10 layout-component text-serif-m layout-normal text-serif-m layout-padded\">\u2013 Eg gler meg til \u00e5 kome tilbake. Eg veit jo at eg trivst der. Og s\u00e5 har eg ei venninne som \u00f2g er gravid, s\u00e5 d\u00e5 kan eg henga litt med ho medan Janni spelar fotball, seier Thorsnes. <\/p>\n<p class=\"_paragraph_o9xde_4 _paragraph_xtcu6_10 layout-component text-serif-m layout-normal text-serif-m layout-padded\">Planen er \u00e5 f\u00f8da i Norge. <\/p>\n<ul class=\"_gallery_1qa3s_23\" tabindex=\"0\">\n<li class=\"_item_1qa3s_37\" data-index=\"0\"><img decoding=\"async\" class=\"_image_foru8_23 _articleGallery_foru8_39\" data-fullscreen- width=\"8256\" height=\"5504\" itemprop=\"image\" loading=\"lazy\"  src=\"https:\/\/www.europesays.com\/no\/wp-content\/uploads\/2025\/12\/729bd27d-7a40-4d3b-b0cf-2d92dcfe8068.png\"  style=\"object-position:50% 50%;aspect-ratio:var(--gallery-aspect-ratio, 16 \/ 9)\"\/>Janni Thomsen og Elise Thorsnes heime i leilegheita i Oslo. Her viser Thorsnes fram forlovelsesringen.  Foto: Bj\u00f8rn S. Delebekk \/ VG<\/li>\n<li class=\"_item_1qa3s_37\" data-index=\"1\"><img decoding=\"async\" class=\"_image_foru8_23 _articleGallery_foru8_39\" data-fullscreen- width=\"8256\" height=\"5504\" itemprop=\"image\" loading=\"lazy\"  src=\"https:\/\/www.europesays.com\/no\/wp-content\/uploads\/2025\/12\/85da85cd-c5e7-47ce-848f-07a0e7570153.png\"  style=\"object-position:50% 50%;aspect-ratio:var(--gallery-aspect-ratio, 16 \/ 9)\"\/>Foto: Bj\u00f8rn S. Delebekk \/ VG<\/li>\n<li class=\"_item_1qa3s_37\" data-index=\"2\"><img decoding=\"async\" class=\"_image_foru8_23 _articleGallery_foru8_39\" data-fullscreen- width=\"7620\" height=\"5067\" itemprop=\"image\" loading=\"lazy\"  src=\"https:\/\/www.europesays.com\/no\/wp-content\/uploads\/2025\/12\/dd37d950-2a8a-4ed9-abb5-32afa039101c.jpeg\"  style=\"object-position:50% 50%;aspect-ratio:var(--gallery-aspect-ratio, 16 \/ 9)\"\/>Foto: Bj\u00f8rn S. Delebekk \/ VG<\/li>\n<\/ul>\n<p>Janni Thomsen og Elise Thorsnes heime i leilegheita i Oslo. Her viser Thorsnes fram forlovelsesringen.  Foto: Bj\u00f8rn S. Delebekk \/ VG<\/p>\n<p class=\"_paragraph_o9xde_4 _paragraph_xtcu6_10 layout-component text-serif-m layout-normal text-serif-m layout-padded\">Thomsen har eitt \u00e5r igjen av kontrakten. Det er ingen l\u00f8yndom at begge er heimekj\u00e6re og ynskjer seg tilbake til Europa etter kvart. <\/p>\n<p class=\"_paragraph_o9xde_4 _paragraph_xtcu6_10 layout-component text-serif-m layout-normal text-serif-m layout-padded\">Det har vore ein stor utfordring \u00e5 bu s\u00e5 langt vekke fr\u00e5 kvarandre det siste \u00e5ret. <\/p>\n<p class=\"_paragraph_o9xde_4 _paragraph_xtcu6_10 layout-component text-serif-m layout-normal text-serif-m layout-padded\">\u2013 Det har alltid vore ein draum \u00e5 avslutte p\u00e5 denne m\u00e5ten. At eg blei tvungen ut av det. Eg har jo berre hatt lyst til \u00e5 spele fotball, seier Thorsnes. <\/p>\n<p class=\"_paragraph_o9xde_4 _paragraph_xtcu6_10 layout-component text-serif-m layout-normal text-serif-m layout-padded\">Det siste \u00e5ret har avstanden og tidsforskjellen mellom paret vore krevjande. <\/p>\n<p class=\"_paragraph_o9xde_4 _paragraph_xtcu6_10 layout-component text-serif-m layout-normal text-serif-m layout-padded\">\u2013 Hadde det teke lenger tid \u00e5 bli gravid, kunne det nok vere at vi fann ut i l\u00f8pet av juleferien at det ikkje var verdt \u00e5 vere s\u00e5 langt fr\u00e5 kvarandre.<\/p>\n<p><img alt=\"SJ\u00c5 DER: \u2013 Den b\u00e5ten vil eg ha, seier Thomsen og peiker.   Foto: Synne Sofie Christiansen \/ VG\" class=\"_image_qp4xg_65 layout-component layout-normal\" data-fullscreen- data-track-element-type=\"Article image fullscreen\" data-track-name=\"ImageFullscreen\" decoding=\"async\" loading=\"lazy\" height=\"4284\" itemprop=\"image\"  src=\"https:\/\/www.europesays.com\/no\/wp-content\/uploads\/2025\/12\/6fe7307a-494e-4e89-bf8c-d64f910883ef.jpeg\"  style=\"object-position:0% 0%\" width=\"5712\"\/>SJ\u00c5 DER: \u2013 Den b\u00e5ten vil eg ha, seier Thomsen og peiker.   Foto: Synne Sofie Christiansen \/ VG<\/p>\n<p class=\"_paragraph_o9xde_4 _paragraph_xtcu6_10 layout-component text-serif-m layout-normal text-serif-m layout-padded\">Ganske tidleg i forholdet blei temaet om born teke opp. <\/p>\n<p class=\"_paragraph_o9xde_4 _paragraph_xtcu6_10 layout-component text-serif-m layout-normal text-serif-m layout-padded\">\u2013 Det m\u00e5tte jo vi avklare, i og med at det er ein aldersforskjell. Og s\u00e5 handla det berre om \u00e5 bli klare begge to. For min del kunne det ikkje g\u00e5 s\u00e5 mange \u00e5r f\u00f8r det m\u00e5tte skje. S\u00e5 d\u00e5 blei vi semi-klare, seier Thorsnes og ler. <\/p>\n<p class=\"_paragraph_o9xde_4 _paragraph_xtcu6_10 layout-component text-serif-m layout-normal text-serif-m layout-padded\">\u2013 Vi er jo klare for det, seier ho litt pr\u00f8vande og ser bort p\u00e5 kj\u00e6rasten.<\/p>\n<p class=\"_paragraph_o9xde_4 _paragraph_xtcu6_10 layout-component text-serif-m layout-normal text-serif-m layout-padded\">\u2013 Eg trur vi aldri blir heilt klare for \u00e5 f\u00e5 ein unge, seier Thomsen. <\/p>\n<p class=\"_paragraph_o9xde_4 _paragraph_xtcu6_10 layout-component text-serif-m layout-normal text-serif-m layout-padded\">\u2013 Men vi var f\u00f8rebudde p\u00e5 at det kom til \u00e5 ta tid. Og s\u00e5 var det eigentleg berre \u00e5 pr\u00f8ve. S\u00e5 pr\u00f8vde vi ei stund, og s\u00e5 gjekk det til slutt, seier Thorsnes. <\/p>\n<p class=\"_paragraph_o9xde_4 _paragraph_xtcu6_10 layout-component text-serif-m layout-normal text-serif-m layout-padded\">Det skjedde p\u00e5 best mogleg tidspunkt. <\/p>\n<p class=\"_paragraph_o9xde_4 _paragraph_xtcu6_10 layout-component text-serif-m layout-normal text-serif-m layout-padded\">D\u00e5 graviditeten var eit faktum, sp\u00f8kte paret med at ho kunne avslutte karrieren etter cupfinalen. S\u00e5 byrja duoen \u00e5 telje. <\/p>\n<ul class=\"_gallery_1qa3s_23\" tabindex=\"0\">\n<li class=\"_item_1qa3s_37\" data-index=\"0\"><img decoding=\"async\" class=\"_image_foru8_23 _articleGallery_foru8_39\" data-fullscreen- width=\"3650\" height=\"2433\" itemprop=\"image\" loading=\"lazy\"  src=\"https:\/\/www.europesays.com\/no\/wp-content\/uploads\/2025\/12\/aa16d988-cd8d-4307-a2a5-543b62535d7a.jpeg\"  style=\"object-position:50% 50%;aspect-ratio:var(--gallery-aspect-ratio, 16 \/ 9)\"\/>GRIPEN: Elise Thorsnes etter cupfinalen, hennar siste kamp i karrieren.  Foto: Thomas Fure \/ NTB<\/li>\n<li class=\"_item_1qa3s_37\" data-index=\"1\"><img decoding=\"async\" class=\"_image_foru8_23 _articleGallery_foru8_39\" data-fullscreen- width=\"6000\" height=\"4000\" itemprop=\"image\" loading=\"lazy\"  src=\"https:\/\/www.europesays.com\/no\/wp-content\/uploads\/2025\/12\/6bd05952-27e1-4b31-8cb2-af6d7bf4f2f0.png\"  style=\"object-position:50% 50%;aspect-ratio:var(--gallery-aspect-ratio, 16 \/ 9)\"\/>I eit intervju med Harald Thingnes i NRK fortalde Thorsnes at ho er gravid.  Foto: Thomas Fure \/ NTB<\/li>\n<li class=\"_item_1qa3s_37\" data-index=\"2\"><img decoding=\"async\" class=\"_image_foru8_23 _articleGallery_foru8_39\" data-fullscreen- width=\"5052\" height=\"3368\" itemprop=\"image\" loading=\"lazy\"  src=\"https:\/\/www.europesays.com\/no\/wp-content\/uploads\/2025\/12\/cab54b22-3eb8-42db-bd9b-cc685edf617e.png\"  style=\"object-position:50% 50%;aspect-ratio:var(--gallery-aspect-ratio, 16 \/ 9)\"\/>FAMILIEN P\u00c5 PLASS: Tanteborna hadde laga plakater til Thorsnes.  Foto: Thomas Fure \/ NTB<\/li>\n<\/ul>\n<p>GRIPEN: Elise Thorsnes etter cupfinalen, hennar siste kamp i karrieren.  Foto: Thomas Fure \/ NTB<\/p>\n<p class=\"_paragraph_o9xde_4 _paragraph_xtcu6_10 layout-component text-serif-m layout-normal text-serif-m layout-padded\">V\u00e5lerenga kom seg til finalen og vann. Heile familien var til stades p\u00e5 tribunen og fekk med seg karriereavslutninga. <\/p>\n<p class=\"_paragraph_o9xde_4 _paragraph_xtcu6_10 layout-component text-serif-m layout-normal text-serif-m layout-padded\">I juni, d\u00e5 Thorsnes har termin, har Thomsen ferie. <\/p>\n<p class=\"_paragraph_o9xde_4 _paragraph_xtcu6_10 layout-component text-serif-m layout-normal text-serif-m layout-padded\"><strong class=\"_strong_o9xde_25\">\u2013 Eg er berre s\u00e5 takknemleg for den avslutninga eg fekk. Alt er berre s\u00e5 godt tima. Ein kan bli b\u00e5de overtruisk og religi\u00f8s av dette, seier Thorsnes. <\/strong><\/p>\n<p class=\"_paragraph_o9xde_4 _paragraph_xtcu6_10 layout-component text-serif-m layout-normal text-serif-m layout-padded\">\u2013 Det er rett vildt, seier dansken.<\/p>\n<p class=\"_paragraph_o9xde_4 _paragraph_xtcu6_10 layout-component text-serif-m layout-normal text-serif-m layout-padded\">\u2013 Det er heilt vilt, f\u00f8lgjer systrendingensystrendingenKjem fr\u00e5 det lokale stadnamnet Systrond som eigentleg tyder Grisastrond og dekkar dei to nabobygdene Leikanger og Hermansverk i Sogndal kommune. opp.<\/p>\n<p class=\"_paragraph_o9xde_4 _paragraph_xtcu6_10 layout-component text-serif-m layout-normal text-serif-m layout-padded\">Men med ein danske fr\u00e5 Silkeborg og ein systrending med familie p\u00e5 Vestlandet, kan ein undre seg over kvar duoen ser f\u00f8re seg \u00e5 lande ein gong i framtida.<\/p>\n<p class=\"_paragraph_o9xde_4 _paragraph_xtcu6_10 layout-component text-serif-m layout-normal text-serif-m layout-padded\">\u2013 Anar ikkje, seier Thorsnes. <\/p>\n<p class=\"_paragraph_o9xde_4 _paragraph_xtcu6_10 layout-component text-serif-m layout-normal text-serif-m layout-padded\">\u2013 Det einaste som er viktig, er \u00e5 bu ein stad eg trivst. Alts\u00e5, fjell f\u00e5r eg ikkje i Danmark. Men fjord og utsikt. Om ikkje fjord, s\u00e5 m\u00e5 det vere vatn. Noko eg kan sj\u00e5 p\u00e5, og ei utsikt \u00e5 nyte.<\/p>\n<p class=\"_paragraph_o9xde_4 _paragraph_xtcu6_10 layout-component text-serif-m layout-normal text-serif-m layout-padded\">Der ho kjem fr\u00e5, er det h\u00f8ge fjell og djupe fjordar. <\/p>\n<p class=\"_paragraph_o9xde_4 _paragraph_xtcu6_10 layout-component text-serif-m layout-normal text-serif-m layout-padded\">\u2013 N\u00e5r eg er vaksen opp her, er det vanskeleg \u00e5 sl\u00e5 seg til ro med \u00e5 sj\u00e5 inn i ein murvegg. <\/p>\n<p><img alt=\"Foto: Synne Sofie Christiansen \/ VG\" class=\"_image_qp4xg_65 layout-component layout-normal\" data-fullscreen- data-track-element-type=\"Article image fullscreen\" data-track-name=\"ImageFullscreen\" decoding=\"async\" loading=\"lazy\" height=\"4284\" itemprop=\"image\"  src=\"https:\/\/www.europesays.com\/no\/wp-content\/uploads\/2025\/12\/fd2e3a3e-1438-422a-908d-d8cbfc10b043.jpeg\"  style=\"object-position:0% 0%\" width=\"5712\"\/>Foto: Synne Sofie Christiansen \/ VG    <\/p>\n","protected":false},"excerpt":{"rendered":"Elise Thorsnes tykkjer det er frykteleg \u00e5 snakke framfor folk, til trass for sin bakgrunn som fotballspelar og&hellip;\n","protected":false},"author":2,"featured_media":124053,"comment_status":"","ping_status":"","sticky":false,"template":"","format":"standard","meta":{"footnotes":""},"categories":[59],"tags":[6196,92,14671,30,28,29,1029,83,82,895],"class_list":{"0":"post-124052","1":"post","2":"type-post","3":"status-publish","4":"format-standard","5":"has-post-thumbnail","7":"category-sport","8":"tag-elise-thorsnes","9":"tag-fotball","10":"tag-janni-thomsen","11":"tag-no","12":"tag-norge","13":"tag-norway","14":"tag-sogndal","15":"tag-sport","16":"tag-sports","17":"tag-toppserien"},"share_on_mastodon":{"url":"https:\/\/pubeurope.com\/@no\/115804039012876447","error":""},"_links":{"self":[{"href":"https:\/\/www.europesays.com\/no\/wp-json\/wp\/v2\/posts\/124052","targetHints":{"allow":["GET"]}}],"collection":[{"href":"https:\/\/www.europesays.com\/no\/wp-json\/wp\/v2\/posts"}],"about":[{"href":"https:\/\/www.europesays.com\/no\/wp-json\/wp\/v2\/types\/post"}],"author":[{"embeddable":true,"href":"https:\/\/www.europesays.com\/no\/wp-json\/wp\/v2\/users\/2"}],"replies":[{"embeddable":true,"href":"https:\/\/www.europesays.com\/no\/wp-json\/wp\/v2\/comments?post=124052"}],"version-history":[{"count":0,"href":"https:\/\/www.europesays.com\/no\/wp-json\/wp\/v2\/posts\/124052\/revisions"}],"wp:featuredmedia":[{"embeddable":true,"href":"https:\/\/www.europesays.com\/no\/wp-json\/wp\/v2\/media\/124053"}],"wp:attachment":[{"href":"https:\/\/www.europesays.com\/no\/wp-json\/wp\/v2\/media?parent=124052"}],"wp:term":[{"taxonomy":"category","embeddable":true,"href":"https:\/\/www.europesays.com\/no\/wp-json\/wp\/v2\/categories?post=124052"},{"taxonomy":"post_tag","embeddable":true,"href":"https:\/\/www.europesays.com\/no\/wp-json\/wp\/v2\/tags?post=124052"}],"curies":[{"name":"wp","href":"https:\/\/api.w.org\/{rel}","templated":true}]}}