{"id":124058,"date":"2025-12-29T17:35:19","date_gmt":"2025-12-29T17:35:19","guid":{"rendered":"https:\/\/www.europesays.com\/no\/124058\/"},"modified":"2025-12-29T17:35:19","modified_gmt":"2025-12-29T17:35:19","slug":"brot-reglene-fikk-klar-beskjed","status":"publish","type":"post","link":"https:\/\/www.europesays.com\/no\/124058\/","title":{"rendered":"Br\u00f8t reglene: Fikk klar beskjed"},"content":{"rendered":"<p>Kristine Stav\u00e5s Skistad har vist at hun er tilbake i god gammeldags form denne sesongen. Men det har ogs\u00e5 blitt rot og surr.<\/p>\n<p>P\u00e5 Beitost\u00f8len fikk hun mest fokus for \u00e5 f\u00e5 et gult kort med vilje.\u00a0 Noen helger seinere tullet hun det til i Trondheim, f\u00f8r hun ble disket i Davos f\u00f8r jul.<\/p>\n<p>    <a class=\"article__link\" data-ga-active-label=\"\" data-ga-active-label-animation=\"\" href=\"https:\/\/www.tv2.no\/sport\/bombe-legger-opp-pa-dagen\/18414394\/\" rel=\"nofollow noopener\" target=\"_blank\"><\/p>\n<p>    <img class=\"image__img lazyload\" itemprop=\"image\" title=\"\" alt=\"\" width=\"978\" height=\"411\" bad-src=\"https:\/\/www.europesays.com\/no\/wp-content\/uploads\/2025\/12\/18414419.webp.jpeg\" fetchpriority=\"auto\" \/><\/p>\n<p>\n            Bombe: Legger opp p\u00e5 direkten\n        <\/p>\n<p>    <\/a><\/p>\n<p>P\u00e5 den f\u00f8rste etappen av Tour de Ski var hun tilbake til vinnersporet. Skistad var helt overlegen p\u00e5 fristilsprinten, og vant foran\u00a0Coletta Rydzek fra Tyskland og svenske Maja Dahlqvist.<\/p>\n<p>      <img class=\"image__img lazyload\" itemprop=\"image\" title=\"Foto: Terje Pedersen\" alt=\"Toblach, Italia 20251228. Kristine Stav\u00e5s Skistad vinner sprinten i Toblach. Tysklands Coletta Rydzek kom p\u00e5 andreplass og Sveriges Maja Dahlqvist kom p\u00e5 tredjeplass. Foto: Terje Pedersen \/ NTB\" width=\"978\" height=\"654\" bad-src=\"https:\/\/www.europesays.com\/no\/wp-content\/uploads\/2025\/12\/18417400.webp.jpeg\" fetchpriority=\"auto\" \/><\/p>\n<p>      IMPONERTE: Kristine Stav\u00e5s Skistad var forn\u00f8yd etter \u00e5 ha vunnet den f\u00f8rste etappen av Tour de Ski. Foto: NTB \/ Bildbyr\u00e5n<\/p>\n<p>      <img class=\"image__img lazyload\" itemprop=\"image\" title=\"Foto: Terje Pedersen\" alt=\"Toblach, Italia 20251228. Kristine Stav\u00e5s Skistad vinner sprinten i Toblach. Tysklands Coletta Rydzek kom p\u00e5 andreplass og Sveriges Maja Dahlqvist kom p\u00e5 tredjeplass. Foto: Terje Pedersen \/ NTB\" width=\"978\" height=\"652\" bad-src=\"https:\/\/www.europesays.com\/no\/wp-content\/uploads\/2025\/12\/18417401.webp.jpeg\" fetchpriority=\"auto\" \/><\/p>\n<p>      IMPONERTE: Kristine Stav\u00e5s Skistad var forn\u00f8yd etter \u00e5 ha vunnet den f\u00f8rste etappen av Tour de Ski. Foto: NTB \/ Bildbyr\u00e5n<\/p>\n<p>      <img class=\"image__img lazyload\" itemprop=\"image\" title=\"Foto: Terje Pedersen\" alt=\"Toblach, Italia 20251228. Kristine Stav\u00e5s Skistad vinner sprinten i Toblach.Foto: Terje Pedersen \/ NTB\" width=\"978\" height=\"653\" bad-src=\"https:\/\/www.europesays.com\/no\/wp-content\/uploads\/2025\/12\/18417399.webp.jpeg\" fetchpriority=\"auto\" \/><\/p>\n<p>      IMPONERTE: Kristine Stav\u00e5s Skistad var forn\u00f8yd etter \u00e5 ha vunnet den f\u00f8rste etappen av Tour de Ski. Foto: NTB \/ Bildbyr\u00e5n<\/p>\n<p>      <img class=\"image__img lazyload\" itemprop=\"image\" title=\"Foto: Terje Pedersen\" alt=\"Toblach, Italia 20251228. Kristine Stav\u00e5s Skistad vinner sprinten i Toblach.Foto: Terje Pedersen \/ NTB\" width=\"978\" height=\"653\" bad-src=\"https:\/\/www.europesays.com\/no\/wp-content\/uploads\/2025\/12\/18417402.webp.jpeg\" fetchpriority=\"auto\" \/><\/p>\n<p>      IMPONERTE: Kristine Stav\u00e5s Skistad var forn\u00f8yd etter \u00e5 ha vunnet den f\u00f8rste etappen av Tour de Ski. Foto: NTB \/ Bildbyr\u00e5n<\/p>\n<p>      <img class=\"image__img lazyload\" itemprop=\"image\" title=\"Foto: MAXIM THORE\" alt=\"251228 Kristine Stav\u00e5s Skistad of Norway celebrates after the women's cross-country skiing free technique sprint final during the Tour de Ski on December 28, 2025 in Toblach. Photo: Maxim Thore \/ BILDBYR\u00c5N \/ kod MT \/ MT0928 Foto: MAXIM THORE\" width=\"978\" height=\"653\" bad-src=\"https:\/\/www.europesays.com\/no\/wp-content\/uploads\/2025\/12\/18417403.webp.jpeg\" fetchpriority=\"auto\" \/><\/p>\n<p>      IMPONERTE: Kristine Stav\u00e5s Skistad var forn\u00f8yd etter \u00e5 ha vunnet den f\u00f8rste etappen av Tour de Ski. Foto: NTB \/ Bildbyr\u00e5n<\/p>\n<p>      <img class=\"image__img lazyload\" itemprop=\"image\" title=\"Foto: MAXIM THORE\" alt=\"251228 Kristine Stav\u00e5s Skistad of Norway celebrates after the women's cross-country skiing free technique sprint final during the Tour de Ski on December 28, 2025 in Toblach. Photo: Maxim Thore \/ BILDBYR\u00c5N \/ kod MT \/ MT0928 Foto: MAXIM THORE\" width=\"978\" height=\"652\" bad-src=\"https:\/\/www.europesays.com\/no\/wp-content\/uploads\/2025\/12\/18417404.webp.jpeg\" fetchpriority=\"auto\" \/><\/p>\n<p>      IMPONERTE: Kristine Stav\u00e5s Skistad var forn\u00f8yd etter \u00e5 ha vunnet den f\u00f8rste etappen av Tour de Ski. Foto: NTB \/ Bildbyr\u00e5n<\/p>\n<p>Men.\u00a0<\/p>\n<p>Ogs\u00e5 i dag var en av ingrediensene p\u00e5 vei til seier rot og surr.<\/p>\n<p>P\u00e5 vei ut i kvartfinalen sperret NRK-kommentatorene opp \u00f8ynene. Skistad hadde ikke tatt p\u00e5 seg startnummeret riktig, og skjulte sponsorene.\u00a0<\/p>\n<p>De begynte umiddelbart \u00e5 spekulere om det kunne f\u00e5 sportslige konsekvenser for den norske superstjerna.<\/p>\n<p>\u2013 Dette kan det bli reaksjoner p\u00e5. Sp\u00f8rsm\u00e5let er om det er med vilje eller ei, spekulerte Fredrik Aukland p\u00e5 direkten.<\/p>\n<p>Det fikk det ikke.\u00a0<\/p>\n<p>Men, etter kvartfinalen kom en FIS-representant raskt bort til Konnerud-kvinnen, og overleverte en klar beskjed om at hun m\u00e5tte rydde opp.<\/p>\n<p>De ulike sponsorene har betalt mye penger for \u00e5 f\u00e5 lov til \u00e5 pryde skirennet, som blir sendt ut til millioner av seere.<\/p>\n<p>\u2013 Det var for mye brett p\u00e5 det. S\u00e5nn kan skje i kampens hete. Jeg fikk med meg at FIS kom bort. De er flinke til \u00e5 korrigere, sier landslagstrener Sjur Ole Svarstad.\u00a0<\/p>\n<p>        TOUR DE SKI-PROGRAMMET<\/p>\n<p>Mandag 29. desember: 10 km klassisk intervallstart, Toblach<\/p>\n<p>Onsdag 31. desember: 5 km heat fellesstart, Toblach<\/p>\n<p>Torsdag 1. januar: 20 km klassisk jaktstart, Toblach<\/p>\n<p>L\u00f8rdag 3. januar, 2026: Sprint klassisk, Val di Fiemme<\/p>\n<p>S\u00f8ndag 4. januar, 2026: 10 km fristil fellesstart opp Alpe Cermis, Val di Fiemme<\/p>\n<p>Skistad selv bekrefter episoden:\u00a0<\/p>\n<p>\u2013 Jeg m\u00e5tte dra ned startnummeret. Det var ikke verre enn det. Du f\u00e5r ikke med deg ting n\u00e5r du g\u00e5r, s\u00e5 det er fint at folk passer p\u00e5.<\/p>\n<p>\u2013 Uhell eller taktikk?<\/p>\n<p>\u2013 Det var et uhell. Det er ikke noe taktikk \u00e5 dra opp startnummeret, sier Skistad og ler av sp\u00f8rsm\u00e5let.<\/p>\n<p> Helt sikkert med rette. <\/p>\n<p>Uansett.\u00a0 Skistad var sv\u00e6rt forn\u00f8yd etter den f\u00f8rste etappen av Tour de Ski. Hun innr\u00f8mmer selv at hun var klar for \u00e5 sl\u00e5 tilbake: <\/p>\n<p>\u2013 Det var deilig. Det var p\u00e5 tide. Det var krevende, men deilig \u00e5 treffe p\u00e5 det taktiske i dag.<\/p>\n<p>Og:\u00a0<\/p>\n<p>\u2013 Jeg hadde bestemt meg. Det er deilig at det g\u00e5r n\u00e5r man bare bestemmer seg. I dag ville jeg styre og gj\u00f8re som jeg ville. Jeg blir litt og litt bedre gjennom sesongen ogs\u00e5. Det er alltid deilig \u00e5 vinne, men jeg har vist at jeg er p\u00e5 et bedre sted i \u00e5r.<\/p>\n<p>Treneren var ogs\u00e5 imponert over det den norske stjerna dro opp av romjulsstr\u00f8mpa:\u00a0<\/p>\n<p>\u2013 Hun leverte helt fantastisk. I dag syns jeg at hun virket veldig p\u00e5skrudd og kanskje litt revansjesugen etter to mindre gode sprinter. I dag viser hun at hun er r\u00e5god.<\/p>\n<p class=\"italic m-italic\" data-lab-italic=\"italic\">\u2013 Hva betyr det for henne?<\/p>\n<p>Jeg tror det gjorde veldig godt for henne. Hun har v\u00e6rt skikkelig p\u00e5skrudd hele dagen. I dag hadde hun st\u00e5lkontroll.<\/p>\n<p>Touren fortsetter med 10 kilometer klassisk mandag.<\/p>\n","protected":false},"excerpt":{"rendered":"Kristine Stav\u00e5s Skistad har vist at hun er tilbake i god gammeldags form denne sesongen. Men det har&hellip;\n","protected":false},"author":2,"featured_media":124059,"comment_status":"","ping_status":"","sticky":false,"template":"","format":"standard","meta":{"footnotes":""},"categories":[5],"tags":[20,21,24,25,15,19,22,23,17,18,13,30,28,29,14,16,26,27],"class_list":{"0":"post-124058","1":"post","2":"type-post","3":"status-publish","4":"format-standard","5":"has-post-thumbnail","7":"category-overskrifter","8":"tag-breaking-news","9":"tag-breakingnews","10":"tag-featured-news","11":"tag-featurednews","12":"tag-headlines","13":"tag-hovedoppslag","14":"tag-latest-news","15":"tag-latestnews","16":"tag-main-news","17":"tag-mainnews","18":"tag-news","19":"tag-no","20":"tag-norge","21":"tag-norway","22":"tag-nyheter","23":"tag-overskrifter","24":"tag-top-stories","25":"tag-topstories"},"share_on_mastodon":{"url":"https:\/\/pubeurope.com\/@no\/115804066647375495","error":""},"_links":{"self":[{"href":"https:\/\/www.europesays.com\/no\/wp-json\/wp\/v2\/posts\/124058","targetHints":{"allow":["GET"]}}],"collection":[{"href":"https:\/\/www.europesays.com\/no\/wp-json\/wp\/v2\/posts"}],"about":[{"href":"https:\/\/www.europesays.com\/no\/wp-json\/wp\/v2\/types\/post"}],"author":[{"embeddable":true,"href":"https:\/\/www.europesays.com\/no\/wp-json\/wp\/v2\/users\/2"}],"replies":[{"embeddable":true,"href":"https:\/\/www.europesays.com\/no\/wp-json\/wp\/v2\/comments?post=124058"}],"version-history":[{"count":0,"href":"https:\/\/www.europesays.com\/no\/wp-json\/wp\/v2\/posts\/124058\/revisions"}],"wp:featuredmedia":[{"embeddable":true,"href":"https:\/\/www.europesays.com\/no\/wp-json\/wp\/v2\/media\/124059"}],"wp:attachment":[{"href":"https:\/\/www.europesays.com\/no\/wp-json\/wp\/v2\/media?parent=124058"}],"wp:term":[{"taxonomy":"category","embeddable":true,"href":"https:\/\/www.europesays.com\/no\/wp-json\/wp\/v2\/categories?post=124058"},{"taxonomy":"post_tag","embeddable":true,"href":"https:\/\/www.europesays.com\/no\/wp-json\/wp\/v2\/tags?post=124058"}],"curies":[{"name":"wp","href":"https:\/\/api.w.org\/{rel}","templated":true}]}}