{"id":124062,"date":"2025-12-29T17:46:22","date_gmt":"2025-12-29T17:46:22","guid":{"rendered":"https:\/\/www.europesays.com\/no\/124062\/"},"modified":"2025-12-29T17:46:22","modified_gmt":"2025-12-29T17:46:22","slug":"blalys-politi-brann-i-bobil-bilen-er-totalt-nedbrent","status":"publish","type":"post","link":"https:\/\/www.europesays.com\/no\/124062\/","title":{"rendered":"Bl\u00e5lys, Politi | Brann i bobil: \u2013 Bilen er totalt nedbrent"},"content":{"rendered":"\n<p>Litt over klokken halv ti mandag rykker n\u00f8detatene i V\u00e5gan ut etter melding om brann p\u00e5 Indre Barstrand p\u00e5 Gims\u00f8y.<\/p>\n<p>\u2013 Det er brann i en bobil. Det er ikke per n\u00e5 ikke meldt om personskader, opplyser politiet klokken 09.39<\/p>\n<p>\u2013 Det brenner kraftig og det er stor r\u00f8ykutvikling som vises veldig godt fra brua, sier en bilist.<\/p>\n<p>Klokken 10.27 melder politiet at brannen er slokket.<\/p>\n<p>\u2013 Brannen er slokket og bobilen er helt nedbrent. Politiet gj\u00f8r n\u00e5 unders\u00f8kelser, opplyser operasjonsleder Kai Eriksen ved Nordland politidistrikt.<\/p>\n<p>Han opplyser at bilen ikke er norskregistrert.<\/p>\n<p>Veien er n\u00e5 \u00e5pen for trafikk.<\/p>\n<p>  <a href=\"https:\/\/www.lofotposten.no\/5-29-1264920\" class=\"related-teaser has-image default-story-teaser article--c-eRUmMG article--c-eRUmMG-jKCPdD-design-default\" rel=\"nofollow noopener\" target=\"_blank\"><\/p>\n<p>    <img decoding=\"async\" loading=\"lazy\"  src=\"https:\/\/www.europesays.com\/no\/wp-content\/uploads\/2025\/12\/IMG_8663.jpg\" alt=\"\" class=\"brick-c-cFOWSL\" style=\"\"\/><\/p>\n<p>\n            Les ogs\u00e5<\/p>\n<p>              Trafikkuhell p\u00e5 E10: \u2013 Store skader\n        <\/p>\n<p>  <\/a><\/p>\n","protected":false},"excerpt":{"rendered":"Litt over klokken halv ti mandag rykker n\u00f8detatene i V\u00e5gan ut etter melding om brann p\u00e5 Indre Barstrand&hellip;\n","protected":false},"author":2,"featured_media":124063,"comment_status":"","ping_status":"","sticky":false,"template":"","format":"standard","meta":{"footnotes":""},"categories":[10],"tags":[36,2840,20,21,24,25,15,22,23,13,30,28,29,14,16,254,1510,26,27,1459],"class_list":{"0":"post-124062","1":"post","2":"type-post","3":"status-publish","4":"format-standard","5":"has-post-thumbnail","7":"category-norge","8":"tag-art","9":"tag-blalys","10":"tag-breaking-news","11":"tag-breakingnews","12":"tag-featured-news","13":"tag-featurednews","14":"tag-headlines","15":"tag-latest-news","16":"tag-latestnews","17":"tag-news","18":"tag-no","19":"tag-norge","20":"tag-norway","21":"tag-nyheter","22":"tag-overskrifter","23":"tag-politi","24":"tag-story","25":"tag-top-stories","26":"tag-topstories","27":"tag-vagan"},"share_on_mastodon":{"url":"https:\/\/pubeurope.com\/@no\/115804109789650956","error":""},"_links":{"self":[{"href":"https:\/\/www.europesays.com\/no\/wp-json\/wp\/v2\/posts\/124062","targetHints":{"allow":["GET"]}}],"collection":[{"href":"https:\/\/www.europesays.com\/no\/wp-json\/wp\/v2\/posts"}],"about":[{"href":"https:\/\/www.europesays.com\/no\/wp-json\/wp\/v2\/types\/post"}],"author":[{"embeddable":true,"href":"https:\/\/www.europesays.com\/no\/wp-json\/wp\/v2\/users\/2"}],"replies":[{"embeddable":true,"href":"https:\/\/www.europesays.com\/no\/wp-json\/wp\/v2\/comments?post=124062"}],"version-history":[{"count":0,"href":"https:\/\/www.europesays.com\/no\/wp-json\/wp\/v2\/posts\/124062\/revisions"}],"wp:featuredmedia":[{"embeddable":true,"href":"https:\/\/www.europesays.com\/no\/wp-json\/wp\/v2\/media\/124063"}],"wp:attachment":[{"href":"https:\/\/www.europesays.com\/no\/wp-json\/wp\/v2\/media?parent=124062"}],"wp:term":[{"taxonomy":"category","embeddable":true,"href":"https:\/\/www.europesays.com\/no\/wp-json\/wp\/v2\/categories?post=124062"},{"taxonomy":"post_tag","embeddable":true,"href":"https:\/\/www.europesays.com\/no\/wp-json\/wp\/v2\/tags?post=124062"}],"curies":[{"name":"wp","href":"https:\/\/api.w.org\/{rel}","templated":true}]}}