{"id":124064,"date":"2025-12-29T17:47:44","date_gmt":"2025-12-29T17:47:44","guid":{"rendered":"https:\/\/www.europesays.com\/no\/124064\/"},"modified":"2025-12-29T17:47:44","modified_gmt":"2025-12-29T17:47:44","slug":"alvorlig-ulykke-i-amot-nrk-innlandet-lokale-nyheter-tv-og-radio","status":"publish","type":"post","link":"https:\/\/www.europesays.com\/no\/124064\/","title":{"rendered":"Alvorlig ulykke i \u00c5mot \u2013 NRK Innlandet \u2013 Lokale nyheter, TV og radio"},"content":{"rendered":"<p>S\u00f8ndag kveld rykket n\u00f8detatene ut til en alvorlig ulykke p\u00e5 Fv. 2142 \u00f8st for Rena.<\/p>\n<p>Det begynte \u00e5 brenne kraftig i kj\u00f8ret\u00f8yet. Politiet beskriver at det var en eksplosjonsartet brann da n\u00f8detatene kom til stedet.<\/p>\n<p>\u2013 For \u00e5 sikre n\u00f8detatenes personell har vi f\u00e5tt bistand av bombegruppa fra de nasjonale beredskapsressursene, sier operasjonsleder B\u00e5rd Einar Hoft i Innlandet politidistrikt.<\/p>\n<p>Personen som satt i bilen omkom. Sent s\u00f8ndag kveld opplyser politiet at de p\u00e5r\u00f8rende er varslet.<\/p>\n<p>TRAFIKKULYKKE: Ulykken skjedde p\u00e5 en mindre vei \u00f8st for Rena sentrum.<\/p>\n<p>Bombegruppa ble fl\u00f8yet inn<\/p>\n<p>Bombegruppa ble fl\u00f8yet inn med politihelikopter.<\/p>\n<p>\u2013 N\u00e5r \u00e5stedet er klarert av bombegruppa for innsats vil egne kriminalteknikere samt Ulykkesanalysegruppa fra Statens vegvesen foreta tekniske unders\u00f8kelser p\u00e5 \u00e5stedet.<\/p>\n<p>Som f\u00f8lge av arbeidet p\u00e5 stedet, blir det satt i gang omskilting.<\/p>\n<p>S\u00f8ndag kveld opplyser Hoft at enkelte unders\u00f8kelser m\u00e5 vente til mandag morgen p\u00e5 grunn av lysforholdene.<\/p>\n<p>Politiet kommer med en oppdatering p\u00e5 n\u00e5r veien kan \u00e5pnes igjen mandag.<\/p>\n<p>If\u00f8lge Veitrafikksentralen vil trafikken kunne \u00e5pnes sent mandag kveld.<\/p>\n<p><a class=\"login-banner-hack\" href=\"https:\/\/www.nrk.no\/logginn?context=article-plug\" style=\"padding: 0; border: none; display: none\" rel=\"nofollow noopener\" target=\"_blank\"><\/p>\n<p>            <img decoding=\"async\"   src=\"data:image\/gif;base64,R0lGODlhAQABAIAAAAAAAP\/\/\/yH5BAEAAAAALAAAAAABAAEAAAIBRAA7\" alt=\"Oppfordring til \u00e5 logge p\u00e5 NRKs tjenester\" title=\"Foto: Odd Arne Olderbakk\"\/><\/p>\n<p>            <img decoding=\"async\"   src=\"data:image\/gif;base64,R0lGODlhAQABAIAAAAAAAP\/\/\/yH5BAEAAAAALAAAAAABAAEAAAIBRAA7\" alt=\"Oppfordring til \u00e5 logge p\u00e5 NRKs tjenester\" title=\"Foto: Odd Arne Olderbakk\"\/><\/p>\n<p><\/a><\/p>\n<p>Publisert<\/p>\n<p>28.12.2025, kl. 18.25<\/p>\n<p>Oppdatert<\/p>\n<p>28.12.2025, kl. 22.35<\/p>\n","protected":false},"excerpt":{"rendered":"S\u00f8ndag kveld rykket n\u00f8detatene ut til en alvorlig ulykke p\u00e5 Fv. 2142 \u00f8st for Rena. Det begynte \u00e5&hellip;\n","protected":false},"author":2,"featured_media":124065,"comment_status":"","ping_status":"","sticky":false,"template":"","format":"standard","meta":{"footnotes":""},"categories":[5],"tags":[20,21,24,25,15,19,22,23,17,18,13,30,28,29,14,16,26,27],"class_list":{"0":"post-124064","1":"post","2":"type-post","3":"status-publish","4":"format-standard","5":"has-post-thumbnail","7":"category-overskrifter","8":"tag-breaking-news","9":"tag-breakingnews","10":"tag-featured-news","11":"tag-featurednews","12":"tag-headlines","13":"tag-hovedoppslag","14":"tag-latest-news","15":"tag-latestnews","16":"tag-main-news","17":"tag-mainnews","18":"tag-news","19":"tag-no","20":"tag-norge","21":"tag-norway","22":"tag-nyheter","23":"tag-overskrifter","24":"tag-top-stories","25":"tag-topstories"},"share_on_mastodon":{"url":"https:\/\/pubeurope.com\/@no\/115804113725718685","error":""},"_links":{"self":[{"href":"https:\/\/www.europesays.com\/no\/wp-json\/wp\/v2\/posts\/124064","targetHints":{"allow":["GET"]}}],"collection":[{"href":"https:\/\/www.europesays.com\/no\/wp-json\/wp\/v2\/posts"}],"about":[{"href":"https:\/\/www.europesays.com\/no\/wp-json\/wp\/v2\/types\/post"}],"author":[{"embeddable":true,"href":"https:\/\/www.europesays.com\/no\/wp-json\/wp\/v2\/users\/2"}],"replies":[{"embeddable":true,"href":"https:\/\/www.europesays.com\/no\/wp-json\/wp\/v2\/comments?post=124064"}],"version-history":[{"count":0,"href":"https:\/\/www.europesays.com\/no\/wp-json\/wp\/v2\/posts\/124064\/revisions"}],"wp:featuredmedia":[{"embeddable":true,"href":"https:\/\/www.europesays.com\/no\/wp-json\/wp\/v2\/media\/124065"}],"wp:attachment":[{"href":"https:\/\/www.europesays.com\/no\/wp-json\/wp\/v2\/media?parent=124064"}],"wp:term":[{"taxonomy":"category","embeddable":true,"href":"https:\/\/www.europesays.com\/no\/wp-json\/wp\/v2\/categories?post=124064"},{"taxonomy":"post_tag","embeddable":true,"href":"https:\/\/www.europesays.com\/no\/wp-json\/wp\/v2\/tags?post=124064"}],"curies":[{"name":"wp","href":"https:\/\/api.w.org\/{rel}","templated":true}]}}