{"id":124068,"date":"2025-12-29T17:53:18","date_gmt":"2025-12-29T17:53:18","guid":{"rendered":"https:\/\/www.europesays.com\/no\/124068\/"},"modified":"2025-12-29T17:53:18","modified_gmt":"2025-12-29T17:53:18","slug":"vagan-person-funnet-dod-i-bobil","status":"publish","type":"post","link":"https:\/\/www.europesays.com\/no\/124068\/","title":{"rendered":"V\u00e5gan: Person funnet d\u00f8d i bobil"},"content":{"rendered":"<p>Politiet rykket ut etter melding om brann i en bobil klokken 09.25 mandag. Bobilen brant helt ned, og politiet fant en d\u00f8d person p\u00e5 stedet.<\/p>\n<p>\u2013 Det jobbes n\u00e5 med \u00e5 f\u00e5 identifisert vedkommende, som vil bli obdusert. Kj\u00f8ret\u00f8yet ser ut til \u00e5 v\u00e6re registrert i utlandet, og politiet jobber videre med \u00e5 f\u00e5 avklart sikker registrering p\u00e5 dette, opplyser politiadvokat Eirik Magnus Blomli.<\/p>\n","protected":false},"excerpt":{"rendered":"Politiet rykket ut etter melding om brann i en bobil klokken 09.25 mandag. Bobilen brant helt ned, og&hellip;\n","protected":false},"author":2,"featured_media":53727,"comment_status":"","ping_status":"","sticky":false,"template":"","format":"standard","meta":{"footnotes":""},"categories":[10],"tags":[11629,20,21,24,25,15,22,23,13,30,28,29,14,16,254,26,27,14672],"class_list":{"0":"post-124068","1":"post","2":"type-post","3":"status-publish","4":"format-standard","5":"has-post-thumbnail","7":"category-norge","8":"tag-bobil","9":"tag-breaking-news","10":"tag-breakingnews","11":"tag-featured-news","12":"tag-featurednews","13":"tag-headlines","14":"tag-latest-news","15":"tag-latestnews","16":"tag-news","17":"tag-no","18":"tag-norge","19":"tag-norway","20":"tag-nyheter","21":"tag-overskrifter","22":"tag-politi","23":"tag-top-stories","24":"tag-topstories","25":"tag-vagan-kommune"},"share_on_mastodon":{"url":"https:\/\/pubeurope.com\/@no\/115804137300709793","error":""},"_links":{"self":[{"href":"https:\/\/www.europesays.com\/no\/wp-json\/wp\/v2\/posts\/124068","targetHints":{"allow":["GET"]}}],"collection":[{"href":"https:\/\/www.europesays.com\/no\/wp-json\/wp\/v2\/posts"}],"about":[{"href":"https:\/\/www.europesays.com\/no\/wp-json\/wp\/v2\/types\/post"}],"author":[{"embeddable":true,"href":"https:\/\/www.europesays.com\/no\/wp-json\/wp\/v2\/users\/2"}],"replies":[{"embeddable":true,"href":"https:\/\/www.europesays.com\/no\/wp-json\/wp\/v2\/comments?post=124068"}],"version-history":[{"count":0,"href":"https:\/\/www.europesays.com\/no\/wp-json\/wp\/v2\/posts\/124068\/revisions"}],"wp:featuredmedia":[{"embeddable":true,"href":"https:\/\/www.europesays.com\/no\/wp-json\/wp\/v2\/media\/53727"}],"wp:attachment":[{"href":"https:\/\/www.europesays.com\/no\/wp-json\/wp\/v2\/media?parent=124068"}],"wp:term":[{"taxonomy":"category","embeddable":true,"href":"https:\/\/www.europesays.com\/no\/wp-json\/wp\/v2\/categories?post=124068"},{"taxonomy":"post_tag","embeddable":true,"href":"https:\/\/www.europesays.com\/no\/wp-json\/wp\/v2\/tags?post=124068"}],"curies":[{"name":"wp","href":"https:\/\/api.w.org\/{rel}","templated":true}]}}