{"id":124069,"date":"2025-12-29T17:54:14","date_gmt":"2025-12-29T17:54:14","guid":{"rendered":"https:\/\/www.europesays.com\/no\/124069\/"},"modified":"2025-12-29T17:54:14","modified_gmt":"2025-12-29T17:54:14","slug":"flere-kjorte-i-grofta-etter-kollisjon-nrk-more-og-romsdal-lokale-nyheter-tv-og-radio","status":"publish","type":"post","link":"https:\/\/www.europesays.com\/no\/124069\/","title":{"rendered":"Flere kj\u00f8rte i gr\u00f8fta etter kollisjon \u2013 NRK M\u00f8re og Romsdal \u2013 Lokale nyheter, TV og radio"},"content":{"rendered":"<p>Flere biler har kj\u00f8rt i gr\u00f8fta p\u00e5 Nys\u00e6terveien som er veien til skianlegget Fjells\u00e6tra i Sykkylven.<\/p>\n<p>\u2013 Det er litt uklart, men i f\u00f8lge politipatruljen p\u00e5 stedet er det \u00e5tte biler totalt som er involvert, sier operasjonsleder Arild Reite i M\u00f8re og Romsdal politidistrikt.<\/p>\n<p>To biler har kollidert, de \u00f8vrige seks har kj\u00f8rt i gr\u00f8fta i et fors\u00f8k p\u00e5 \u00e5 unng\u00e5 bilene som har kollidert. Reite sier det er litt kaotisk p\u00e5 ulykkesstedet akkurta n\u00e5.<\/p>\n<p>Det er sv\u00e6rt glatt p\u00e5 stedet, melder politiet. Bilene har f\u00e5tt mindre materielle skader og det er ingen personskader.<\/p>\n","protected":false},"excerpt":{"rendered":"Flere biler har kj\u00f8rt i gr\u00f8fta p\u00e5 Nys\u00e6terveien som er veien til skianlegget Fjells\u00e6tra i Sykkylven. \u2013 Det&hellip;\n","protected":false},"author":2,"featured_media":124070,"comment_status":"","ping_status":"","sticky":false,"template":"","format":"standard","meta":{"footnotes":""},"categories":[5],"tags":[20,21,24,25,15,19,22,23,17,18,13,30,28,29,14,16,26,27],"class_list":{"0":"post-124069","1":"post","2":"type-post","3":"status-publish","4":"format-standard","5":"has-post-thumbnail","7":"category-overskrifter","8":"tag-breaking-news","9":"tag-breakingnews","10":"tag-featured-news","11":"tag-featurednews","12":"tag-headlines","13":"tag-hovedoppslag","14":"tag-latest-news","15":"tag-latestnews","16":"tag-main-news","17":"tag-mainnews","18":"tag-news","19":"tag-no","20":"tag-norge","21":"tag-norway","22":"tag-nyheter","23":"tag-overskrifter","24":"tag-top-stories","25":"tag-topstories"},"share_on_mastodon":{"url":"https:\/\/pubeurope.com\/@no\/115804141317320008","error":""},"_links":{"self":[{"href":"https:\/\/www.europesays.com\/no\/wp-json\/wp\/v2\/posts\/124069","targetHints":{"allow":["GET"]}}],"collection":[{"href":"https:\/\/www.europesays.com\/no\/wp-json\/wp\/v2\/posts"}],"about":[{"href":"https:\/\/www.europesays.com\/no\/wp-json\/wp\/v2\/types\/post"}],"author":[{"embeddable":true,"href":"https:\/\/www.europesays.com\/no\/wp-json\/wp\/v2\/users\/2"}],"replies":[{"embeddable":true,"href":"https:\/\/www.europesays.com\/no\/wp-json\/wp\/v2\/comments?post=124069"}],"version-history":[{"count":0,"href":"https:\/\/www.europesays.com\/no\/wp-json\/wp\/v2\/posts\/124069\/revisions"}],"wp:featuredmedia":[{"embeddable":true,"href":"https:\/\/www.europesays.com\/no\/wp-json\/wp\/v2\/media\/124070"}],"wp:attachment":[{"href":"https:\/\/www.europesays.com\/no\/wp-json\/wp\/v2\/media?parent=124069"}],"wp:term":[{"taxonomy":"category","embeddable":true,"href":"https:\/\/www.europesays.com\/no\/wp-json\/wp\/v2\/categories?post=124069"},{"taxonomy":"post_tag","embeddable":true,"href":"https:\/\/www.europesays.com\/no\/wp-json\/wp\/v2\/tags?post=124069"}],"curies":[{"name":"wp","href":"https:\/\/api.w.org\/{rel}","templated":true}]}}